{"id":40066,"date":"2024-03-06T21:17:03","date_gmt":"2024-03-07T00:17:03","guid":{"rendered":"https:\/\/radiorevelacionfm.cl\/?p=40066"},"modified":"2024-03-06T21:17:03","modified_gmt":"2024-03-07T00:17:03","slug":"consejo-regional-aprueba-financiamiento-2024-para-el-ciep","status":"publish","type":"post","link":"https:\/\/radiorevelacionfm.cl\/?p=40066","title":{"rendered":"Consejo Regional aprueba financiamiento 2024 para el CIEP"},"content":{"rendered":"<div class=\"flex_column av_one_full  flex_column_div av-zero-column-padding first  avia-builder-el-0  el_before_av_one_full  avia-builder-el-first  \" style='border-radius:0px; '><div  class='avia-image-container  av-styling-    avia-builder-el-1  avia-builder-el-no-sibling  avia-align-center '  itemprop=\"image\" itemscope=\"itemscope\" itemtype=\"https:\/\/schema.org\/ImageObject\"  ><div class='avia-image-container-inner'><div class='avia-image-overlay-wrap'><img decoding=\"async\" class='wp-image-40067 avia-img-lazy-loading-not-40067 avia_image' src=\"https:\/\/radiorevelacionfm.cl\/wp-content\/uploads\/2024\/03\/whatsapp-image-2024-03-04-at-5_optimized.50.24-pm-1.jpeg\" alt='' title='whatsapp-image-2024-03-04-at-5_optimized.50.24-pm-(1)' height=\"600\" width=\"1067\"  itemprop=\"thumbnailUrl\" srcset=\"https:\/\/radiorevelacionfm.cl\/wp-content\/uploads\/2024\/03\/whatsapp-image-2024-03-04-at-5_optimized.50.24-pm-1.jpeg 1067w, https:\/\/radiorevelacionfm.cl\/wp-content\/uploads\/2024\/03\/whatsapp-image-2024-03-04-at-5_optimized.50.24-pm-1-300x169.jpeg 300w, https:\/\/radiorevelacionfm.cl\/wp-content\/uploads\/2024\/03\/whatsapp-image-2024-03-04-at-5_optimized.50.24-pm-1-1030x579.jpeg 1030w, https:\/\/radiorevelacionfm.cl\/wp-content\/uploads\/2024\/03\/whatsapp-image-2024-03-04-at-5_optimized.50.24-pm-1-768x432.jpeg 768w, https:\/\/radiorevelacionfm.cl\/wp-content\/uploads\/2024\/03\/whatsapp-image-2024-03-04-at-5_optimized.50.24-pm-1-705x396.jpeg 705w, https:\/\/radiorevelacionfm.cl\/wp-content\/uploads\/2024\/03\/whatsapp-image-2024-03-04-at-5_optimized.50.24-pm-1-450x253.jpeg 450w, https:\/\/radiorevelacionfm.cl\/wp-content\/uploads\/2024\/03\/whatsapp-image-2024-03-04-at-5_optimized.50.24-pm-1-600x337.jpeg 600w\" sizes=\"(max-width: 1067px) 100vw, 1067px\" \/><\/div><\/div><\/div><\/div><div class=\"flex_column av_one_full  flex_column_div av-zero-column-padding first  avia-builder-el-2  el_after_av_one_full  el_before_av_one_full  column-top-margin\" style='border-radius:0px; '><section class=\"av_textblock_section \"  itemscope=\"itemscope\" itemtype=\"https:\/\/schema.org\/BlogPosting\" itemprop=\"blogPost\" ><div class='avia_textblock  '   itemprop=\"text\" ><p style=\"text-align: center;\"><strong><span style=\"font-size: 18pt;\">Consejo Regional aprueba financiamiento 2024 para el CIEP<\/span><\/strong><\/p>\n<div id=\"gtx-trans\" style=\"position: absolute; left: -50px; top: 4.31534px;\">\n<div class=\"gtx-trans-icon\"><\/div>\n<\/div>\n<\/div><\/section><\/div><div class=\"flex_column av_one_full  flex_column_div av-zero-column-padding first  avia-builder-el-4  el_after_av_one_full  el_before_av_hr  column-top-margin\" style='border-radius:0px; '><section class=\"av_textblock_section \"  itemscope=\"itemscope\" itemtype=\"https:\/\/schema.org\/BlogPosting\" itemprop=\"blogPost\" ><div class='avia_textblock  '   itemprop=\"text\" ><p dir=\"ltr\" style=\"text-align: justify;\">En sesi\u00f3n extraordinaria, el Consejo Regional acord\u00f3 transferir en dos remesas los recursos para el funcionamiento del Centro de Investigaci\u00f3n en Ecosistemas de la Patagonia (CIEP), corporaci\u00f3n fundamental para la producci\u00f3n de conocimiento cient\u00edfico en la Regi\u00f3n de Ays\u00e9n.<\/p>\n<p dir=\"ltr\" style=\"text-align: justify;\">Este lunes, el CORE, presidido por la Gobernadora Regional Andrea Mac\u00edas Palma, determin\u00f3 entregar una primera cuota de 540 millones para cubrir los costos operativos del centro desde enero a mayo de este a\u00f1o.<\/p>\n<p dir=\"ltr\" style=\"text-align: justify;\">Seg\u00fan explic\u00f3 la Gobernadora Mac\u00edas, luego de jornadas de conversaci\u00f3n y debate, se lleg\u00f3 a un acuerdo entre el CORE y el directorio del CIEP para poder abordar desaf\u00edos en materia de transferencia y vinculaci\u00f3n.<\/p>\n<p dir=\"ltr\" style=\"text-align: justify;\">\u00abNosotros como Gobierno Regional seguimos apoyando a nuestra corporaci\u00f3n, entendiendo que el poder levantar evidencia cient\u00edfica, es lo que nos permite tomar una mejor decisi\u00f3n para la pol\u00edtica p\u00fablica. En ese sentido vamos a seguir trabajando y esperamos que este a\u00f1o sea un a\u00f1o provechoso para nuestro centro de investigaci\u00f3n\u00bb, afirm\u00f3 la m\u00e1xima autoridad regional.<\/p>\n<p dir=\"ltr\" style=\"text-align: justify;\">Por su parte, el presidente de la comisi\u00f3n de Ciencia, Tecnolog\u00eda e Innovaci\u00f3n del Consejo Regional, Felipe Klein Vidal, complement\u00f3 que dicho trabajo t\u00e9cnico se establecieron puntos como la renovaci\u00f3n de la direcci\u00f3n ejecutiva del centro, hoy a cargo del doctor en oceanograf\u00eda, Giovanni Daneri, la elaboraci\u00f3n de un c\u00f3digo de \u00e9tica, la modificaci\u00f3n de los estatutos y el aumento de los representantes del Consejo en el directorio.<\/p>\n<p dir=\"ltr\" style=\"text-align: justify;\">\u00abHoy d\u00eda se aprobaron 540 millones para que puedan funcionar de manera tranquila hasta el mes de mayo y paralelamente a trav\u00e9s de la comisi\u00f3n de ciencia y tecnolog\u00eda, vamos a empezar a trabajar en los estatutos y la renovaci\u00f3n de los nombres, que sean acordados por todo el consejo regional, de los tres directores en primera instancia, que coloca el Gobierno Regional, que la idea es llegar a 5, ya que el Gobierno Regional pone los recursos para el financiamiento basal del CIEP\u00bb, afirm\u00f3 el Consejero.<\/p>\n<\/div><\/section><\/div><div  style='height:50px' class='hr hr-invisible   avia-builder-el-6  el_after_av_one_full  el_before_av_social_share '><span class='hr-inner ' ><span class='hr-inner-style'><\/span><\/span><\/div><\/p>\n<div  class='av-social-sharing-box  avia-builder-el-7  el_after_av_hr  el_before_av_hr  '><div class='av-share-box'><h5 class='av-share-link-description av-no-toc '>Compartir esta noticia<\/h5><ul class='av-share-box-list noLightbox'><li class='av-share-link av-social-link-facebook' ><a target=\"_blank\" aria-label=\"Compartir en Facebook\" href='https:\/\/www.facebook.com\/sharer.php?u=https:\/\/radiorevelacionfm.cl\/?p=40066&#038;t=Consejo%20Regional%20aprueba%20financiamiento%202024%20para%20el%20CIEP' aria-hidden='false' data-av_icon='\ue8f3' data-av_iconfont='entypo-fontello' title='' data-avia-related-tooltip='Compartir en Facebook' rel=\"noopener\"><span class='avia_hidden_link_text'>Compartir en Facebook<\/span><\/a><\/li><li class='av-share-link av-social-link-twitter' ><a target=\"_blank\" aria-label=\"Compartir en Twitter\" href='https:\/\/twitter.com\/share?text=Consejo%20Regional%20aprueba%20financiamiento%202024%20para%20el%20CIEP&#038;url=https:\/\/radiorevelacionfm.cl\/?p=40066' aria-hidden='false' data-av_icon='\ue8f1' data-av_iconfont='entypo-fontello' title='' data-avia-related-tooltip='Compartir en Twitter' rel=\"noopener\"><span class='avia_hidden_link_text'>Compartir en Twitter<\/span><\/a><\/li><li class='av-share-link av-social-link-whatsapp' ><a target=\"_blank\" aria-label=\"Compartir en Whatsapp\" href='https:\/\/api.whatsapp.com\/send?text=https:\/\/radiorevelacionfm.cl\/?p=40066' aria-hidden='false' data-av_icon='\uf232' data-av_iconfont='entypo-fontello' title='' data-avia-related-tooltip='Compartir en Whatsapp' rel=\"noopener\"><span class='avia_hidden_link_text'>Compartir en Whatsapp<\/span><\/a><\/li><li class='av-share-link av-social-link-linkedin' ><a target=\"_blank\" aria-label=\"Compartir en LinkedIn\" href='https:\/\/linkedin.com\/shareArticle?mini=true&#038;title=Consejo%20Regional%20aprueba%20financiamiento%202024%20para%20el%20CIEP&#038;url=https:\/\/radiorevelacionfm.cl\/?p=40066' aria-hidden='false' data-av_icon='\ue8fc' data-av_iconfont='entypo-fontello' title='' data-avia-related-tooltip='Compartir en LinkedIn' rel=\"noopener\"><span class='avia_hidden_link_text'>Compartir en LinkedIn<\/span><\/a><\/li><li class='av-share-link av-social-link-mail' ><a  aria-label=\"Compartir por correo\" href='mailto:?subject=Consejo%20Regional%20aprueba%20financiamiento%202024%20para%20el%20CIEP&#038;body=https:\/\/radiorevelacionfm.cl\/?p=40066' aria-hidden='false' data-av_icon='\ue805' data-av_iconfont='entypo-fontello' title='' data-avia-related-tooltip='Compartir por correo'><span class='avia_hidden_link_text'>Compartir por correo<\/span><\/a><\/li><\/ul><\/div><\/div>\n<div  style='height:50px' class='hr hr-invisible   avia-builder-el-8  el_after_av_social_share  el_before_av_comments_list '><span class='hr-inner ' ><span class='hr-inner-style'><\/span><\/span><\/div>\n<div  class='av-buildercomment  av-blog-meta-html-info-disabled av-blog-meta-tag-disabled  '><\/div>\n","protected":false},"excerpt":{"rendered":"","protected":false},"author":1,"featured_media":40067,"comment_status":"open","ping_status":"open","sticky":false,"template":"","format":"standard","meta":{"footnotes":""},"categories":[38],"tags":[],"class_list":["post-40066","post","type-post","status-publish","format-standard","has-post-thumbnail","hentry","category-regional"],"jetpack_featured_media_url":"https:\/\/radiorevelacionfm.cl\/wp-content\/uploads\/2024\/03\/whatsapp-image-2024-03-04-at-5_optimized.50.24-pm-1.jpeg","_links":{"self":[{"href":"https:\/\/radiorevelacionfm.cl\/index.php?rest_route=\/wp\/v2\/posts\/40066","targetHints":{"allow":["GET"]}}],"collection":[{"href":"https:\/\/radiorevelacionfm.cl\/index.php?rest_route=\/wp\/v2\/posts"}],"about":[{"href":"https:\/\/radiorevelacionfm.cl\/index.php?rest_route=\/wp\/v2\/types\/post"}],"author":[{"embeddable":true,"href":"https:\/\/radiorevelacionfm.cl\/index.php?rest_route=\/wp\/v2\/users\/1"}],"replies":[{"embeddable":true,"href":"https:\/\/radiorevelacionfm.cl\/index.php?rest_route=%2Fwp%2Fv2%2Fcomments&post=40066"}],"version-history":[{"count":1,"href":"https:\/\/radiorevelacionfm.cl\/index.php?rest_route=\/wp\/v2\/posts\/40066\/revisions"}],"predecessor-version":[{"id":40068,"href":"https:\/\/radiorevelacionfm.cl\/index.php?rest_route=\/wp\/v2\/posts\/40066\/revisions\/40068"}],"wp:featuredmedia":[{"embeddable":true,"href":"https:\/\/radiorevelacionfm.cl\/index.php?rest_route=\/wp\/v2\/media\/40067"}],"wp:attachment":[{"href":"https:\/\/radiorevelacionfm.cl\/index.php?rest_route=%2Fwp%2Fv2%2Fmedia&parent=40066"}],"wp:term":[{"taxonomy":"category","embeddable":true,"href":"https:\/\/radiorevelacionfm.cl\/index.php?rest_route=%2Fwp%2Fv2%2Fcategories&post=40066"},{"taxonomy":"post_tag","embeddable":true,"href":"https:\/\/radiorevelacionfm.cl\/index.php?rest_route=%2Fwp%2Fv2%2Ftags&post=40066"}],"curies":[{"name":"wp","href":"https:\/\/api.w.org\/{rel}","templated":true}]}}