{"id":40064,"date":"2024-03-06T11:21:26","date_gmt":"2024-03-06T14:21:26","guid":{"rendered":"https:\/\/radiorevelacionfm.cl\/?p=40064"},"modified":"2024-03-06T11:21:26","modified_gmt":"2024-03-06T14:21:26","slug":"diputada-raphael-presenta-propuestas-ad-portas-el-dia-de-la-mujer","status":"publish","type":"post","link":"https:\/\/radiorevelacionfm.cl\/?p=40064","title":{"rendered":"Diputada Raphael presenta propuestas ad portas el D\u00eda de la Mujer"},"content":{"rendered":"<div class=\"flex_column av_one_full  flex_column_div av-zero-column-padding first  avia-builder-el-0  el_before_av_one_full  avia-builder-el-first  \" style='border-radius:0px; '><div  class='avia-image-container  av-styling-    avia-builder-el-1  avia-builder-el-no-sibling  avia-align-center '  itemprop=\"image\" itemscope=\"itemscope\" itemtype=\"https:\/\/schema.org\/ImageObject\"  ><div class='avia-image-container-inner'><div class='avia-image-overlay-wrap'><img decoding=\"async\" class='wp-image-30195 avia-img-lazy-loading-not-30195 avia_image' src=\"https:\/\/radiorevelacionfm.cl\/wp-content\/uploads\/2023\/04\/Diputada-Marcia-Raphael-1-1.jpeg\" alt='' title='Diputada Marcia Raphael (1) (1)' height=\"600\" width=\"900\"  itemprop=\"thumbnailUrl\" srcset=\"https:\/\/radiorevelacionfm.cl\/wp-content\/uploads\/2023\/04\/Diputada-Marcia-Raphael-1-1.jpeg 900w, https:\/\/radiorevelacionfm.cl\/wp-content\/uploads\/2023\/04\/Diputada-Marcia-Raphael-1-1-300x200.jpeg 300w, https:\/\/radiorevelacionfm.cl\/wp-content\/uploads\/2023\/04\/Diputada-Marcia-Raphael-1-1-768x512.jpeg 768w, https:\/\/radiorevelacionfm.cl\/wp-content\/uploads\/2023\/04\/Diputada-Marcia-Raphael-1-1-705x470.jpeg 705w, https:\/\/radiorevelacionfm.cl\/wp-content\/uploads\/2023\/04\/Diputada-Marcia-Raphael-1-1-450x300.jpeg 450w, https:\/\/radiorevelacionfm.cl\/wp-content\/uploads\/2023\/04\/Diputada-Marcia-Raphael-1-1-600x400.jpeg 600w\" sizes=\"(max-width: 900px) 100vw, 900px\" \/><\/div><\/div><\/div><\/div><div class=\"flex_column av_one_full  flex_column_div av-zero-column-padding first  avia-builder-el-2  el_after_av_one_full  el_before_av_one_full  column-top-margin\" style='border-radius:0px; '><section class=\"av_textblock_section \"  itemscope=\"itemscope\" itemtype=\"https:\/\/schema.org\/BlogPosting\" itemprop=\"blogPost\" ><div class='avia_textblock  '   itemprop=\"text\" ><p style=\"text-align: center;\"><span style=\"font-size: 18pt;\"><strong>Diputada Raphael presenta propuestas ad portas el D\u00eda de la Mujer<\/strong><\/span><\/p>\n<div id=\"gtx-trans\" style=\"position: absolute; left: -50px; top: 4.31534px;\">\n<div class=\"gtx-trans-icon\"><\/div>\n<\/div>\n<\/div><\/section><\/div><div class=\"flex_column av_one_full  flex_column_div av-zero-column-padding first  avia-builder-el-4  el_after_av_one_full  el_before_av_hr  column-top-margin\" style='border-radius:0px; '><section class=\"av_textblock_section \"  itemscope=\"itemscope\" itemtype=\"https:\/\/schema.org\/BlogPosting\" itemprop=\"blogPost\" ><div class='avia_textblock  '   itemprop=\"text\" ><p style=\"text-align: justify;\">La diputada por Ays\u00e9n Marcia Raphael, junto al estamento de mujeres de Renovaci\u00f3n Nacional, se reuni\u00f3 con la ministra de la Mujer, Antonia Orellana, en el Palacio de La Moneda, para presentar al ejecutivo la agenda del partido en materia de equidad de g\u00e9nero, en una semana marcada por la conmemoraci\u00f3n del 8-M.<\/p>\n<p style=\"text-align: justify;\">El partido elabor\u00f3 una serie de propuestas, que espera que el ejecutivo tome nota y pueda impulsar, entre las que se encuentran sala cuna universal, imprescriptibilidad de delitos sexuales en mayores de 18 a\u00f1os, PGU diferenciada para mujeres, modificaci\u00f3n de la sociedad conyugal, prevenci\u00f3n de la violencia contra la mujer y la ley que resguarda el derecho a la igualdad en las remuneraciones.<\/p>\n<p style=\"text-align: justify;\">Raphael se\u00f1ala que dicha reuni\u00f3n con el gobierno tiene como finalidad hacer un llamado a avanzar con distintos proyectos de ley, entre los que se encuentran el derecho de las mujeres a una vida libre de violencia, ingresado el 2017; el proyecto que establece derechos en el \u00e1mbito de la salud ginecol\u00f3gica y sexual, y sanciona la violencia gineco-obst\u00e9trica. Asimismo, en la misma l\u00ednea, se solicita al Gobierno que le de urgencia al proyecto de ley que extiende la imprescriptibilidad de los delitos sexuales a las personas mayores de edad.<\/p>\n<p style=\"text-align: justify;\">A juicio de la diputada Marcia Raphael, tambi\u00e9n se hace relevante en el contexto de la reforma previsional, poder avanzar en una pensi\u00f3n garantizada universal diferenciada para mujeres: \u201cSomos nosotras las mujeres que m\u00e1s estamos a cargo de las distintas labores de cuidado, por lo cual solemos tener mayores lagunas previsionales. Es por esto que resulta indispensable aumentar las jubilaciones a trav\u00e9s de una PGU diferenciada para mujeres\u201d, sentenci\u00f3 Raphael.<\/p>\n<\/div><\/section><\/div><div  style='height:50px' class='hr hr-invisible   avia-builder-el-6  el_after_av_one_full  el_before_av_social_share '><span class='hr-inner ' ><span class='hr-inner-style'><\/span><\/span><\/div><\/p>\n<div  class='av-social-sharing-box  avia-builder-el-7  el_after_av_hr  el_before_av_hr  '><div class='av-share-box'><h5 class='av-share-link-description av-no-toc '>Compartir esta noticia<\/h5><ul class='av-share-box-list noLightbox'><li class='av-share-link av-social-link-facebook' ><a target=\"_blank\" aria-label=\"Compartir en Facebook\" href='https:\/\/www.facebook.com\/sharer.php?u=https:\/\/radiorevelacionfm.cl\/?p=40064&#038;t=Diputada%20Raphael%20presenta%20propuestas%20ad%20portas%20el%20D%C3%ADa%20de%20la%20Mujer' aria-hidden='false' data-av_icon='\ue8f3' data-av_iconfont='entypo-fontello' title='' data-avia-related-tooltip='Compartir en Facebook' rel=\"noopener\"><span class='avia_hidden_link_text'>Compartir en Facebook<\/span><\/a><\/li><li class='av-share-link av-social-link-twitter' ><a target=\"_blank\" aria-label=\"Compartir en Twitter\" href='https:\/\/twitter.com\/share?text=Diputada%20Raphael%20presenta%20propuestas%20ad%20portas%20el%20D%C3%ADa%20de%20la%20Mujer&#038;url=https:\/\/radiorevelacionfm.cl\/?p=40064' aria-hidden='false' data-av_icon='\ue8f1' data-av_iconfont='entypo-fontello' title='' data-avia-related-tooltip='Compartir en Twitter' rel=\"noopener\"><span class='avia_hidden_link_text'>Compartir en Twitter<\/span><\/a><\/li><li class='av-share-link av-social-link-whatsapp' ><a target=\"_blank\" aria-label=\"Compartir en Whatsapp\" href='https:\/\/api.whatsapp.com\/send?text=https:\/\/radiorevelacionfm.cl\/?p=40064' aria-hidden='false' data-av_icon='\uf232' data-av_iconfont='entypo-fontello' title='' data-avia-related-tooltip='Compartir en Whatsapp' rel=\"noopener\"><span class='avia_hidden_link_text'>Compartir en Whatsapp<\/span><\/a><\/li><li class='av-share-link av-social-link-linkedin' ><a target=\"_blank\" aria-label=\"Compartir en LinkedIn\" href='https:\/\/linkedin.com\/shareArticle?mini=true&#038;title=Diputada%20Raphael%20presenta%20propuestas%20ad%20portas%20el%20D%C3%ADa%20de%20la%20Mujer&#038;url=https:\/\/radiorevelacionfm.cl\/?p=40064' aria-hidden='false' data-av_icon='\ue8fc' data-av_iconfont='entypo-fontello' title='' data-avia-related-tooltip='Compartir en LinkedIn' rel=\"noopener\"><span class='avia_hidden_link_text'>Compartir en LinkedIn<\/span><\/a><\/li><li class='av-share-link av-social-link-mail' ><a  aria-label=\"Compartir por correo\" href='mailto:?subject=Diputada%20Raphael%20presenta%20propuestas%20ad%20portas%20el%20D%C3%ADa%20de%20la%20Mujer&#038;body=https:\/\/radiorevelacionfm.cl\/?p=40064' aria-hidden='false' data-av_icon='\ue805' data-av_iconfont='entypo-fontello' title='' data-avia-related-tooltip='Compartir por correo'><span class='avia_hidden_link_text'>Compartir por correo<\/span><\/a><\/li><\/ul><\/div><\/div>\n<div  style='height:50px' class='hr hr-invisible   avia-builder-el-8  el_after_av_social_share  el_before_av_comments_list '><span class='hr-inner ' ><span class='hr-inner-style'><\/span><\/span><\/div>\n<div  class='av-buildercomment  av-blog-meta-html-info-disabled av-blog-meta-tag-disabled  '><\/div>\n","protected":false},"excerpt":{"rendered":"","protected":false},"author":1,"featured_media":30195,"comment_status":"open","ping_status":"open","sticky":false,"template":"","format":"standard","meta":{"footnotes":""},"categories":[35],"tags":[],"class_list":["post-40064","post","type-post","status-publish","format-standard","has-post-thumbnail","hentry","category-politica"],"jetpack_featured_media_url":"https:\/\/radiorevelacionfm.cl\/wp-content\/uploads\/2023\/04\/Diputada-Marcia-Raphael-1-1.jpeg","_links":{"self":[{"href":"https:\/\/radiorevelacionfm.cl\/index.php?rest_route=\/wp\/v2\/posts\/40064","targetHints":{"allow":["GET"]}}],"collection":[{"href":"https:\/\/radiorevelacionfm.cl\/index.php?rest_route=\/wp\/v2\/posts"}],"about":[{"href":"https:\/\/radiorevelacionfm.cl\/index.php?rest_route=\/wp\/v2\/types\/post"}],"author":[{"embeddable":true,"href":"https:\/\/radiorevelacionfm.cl\/index.php?rest_route=\/wp\/v2\/users\/1"}],"replies":[{"embeddable":true,"href":"https:\/\/radiorevelacionfm.cl\/index.php?rest_route=%2Fwp%2Fv2%2Fcomments&post=40064"}],"version-history":[{"count":1,"href":"https:\/\/radiorevelacionfm.cl\/index.php?rest_route=\/wp\/v2\/posts\/40064\/revisions"}],"predecessor-version":[{"id":40065,"href":"https:\/\/radiorevelacionfm.cl\/index.php?rest_route=\/wp\/v2\/posts\/40064\/revisions\/40065"}],"wp:featuredmedia":[{"embeddable":true,"href":"https:\/\/radiorevelacionfm.cl\/index.php?rest_route=\/wp\/v2\/media\/30195"}],"wp:attachment":[{"href":"https:\/\/radiorevelacionfm.cl\/index.php?rest_route=%2Fwp%2Fv2%2Fmedia&parent=40064"}],"wp:term":[{"taxonomy":"category","embeddable":true,"href":"https:\/\/radiorevelacionfm.cl\/index.php?rest_route=%2Fwp%2Fv2%2Fcategories&post=40064"},{"taxonomy":"post_tag","embeddable":true,"href":"https:\/\/radiorevelacionfm.cl\/index.php?rest_route=%2Fwp%2Fv2%2Ftags&post=40064"}],"curies":[{"name":"wp","href":"https:\/\/api.w.org\/{rel}","templated":true}]}}