{"id":40059,"date":"2024-03-05T17:56:09","date_gmt":"2024-03-05T20:56:09","guid":{"rendered":"https:\/\/radiorevelacionfm.cl\/?p=40059"},"modified":"2024-03-05T17:56:09","modified_gmt":"2024-03-05T20:56:09","slug":"condenan-a-autores-de-trafico-de-drogas-a-penas-de-1510-y-5-anos-de-presidio","status":"publish","type":"post","link":"https:\/\/radiorevelacionfm.cl\/?p=40059","title":{"rendered":"Condenan a autores de tr\u00e1fico de drogas a penas de 15,10 y 5 a\u00f1os de presidio"},"content":{"rendered":"<div class=\"flex_column av_one_full  flex_column_div av-zero-column-padding first  avia-builder-el-0  el_before_av_one_full  avia-builder-el-first  \" style='border-radius:0px; '><div  class='avia-image-container  av-styling-    avia-builder-el-1  avia-builder-el-no-sibling  avia-align-center '  itemprop=\"image\" itemscope=\"itemscope\" itemtype=\"https:\/\/schema.org\/ImageObject\"  ><div class='avia-image-container-inner'><div class='avia-image-overlay-wrap'><img decoding=\"async\" class='wp-image-8362 avia-img-lazy-loading-not-8362 avia_image' src=\"https:\/\/radiorevelacionfm.cl\/wp-content\/uploads\/2021\/09\/top-coyhaique-1-1_optimized.jpg\" alt='' title='top-coyhaique-(1)-(1)_optimized' height=\"600\" width=\"977\"  itemprop=\"thumbnailUrl\" srcset=\"https:\/\/radiorevelacionfm.cl\/wp-content\/uploads\/2021\/09\/top-coyhaique-1-1_optimized.jpg 977w, https:\/\/radiorevelacionfm.cl\/wp-content\/uploads\/2021\/09\/top-coyhaique-1-1_optimized-300x184.jpg 300w, https:\/\/radiorevelacionfm.cl\/wp-content\/uploads\/2021\/09\/top-coyhaique-1-1_optimized-768x472.jpg 768w, https:\/\/radiorevelacionfm.cl\/wp-content\/uploads\/2021\/09\/top-coyhaique-1-1_optimized-705x433.jpg 705w, https:\/\/radiorevelacionfm.cl\/wp-content\/uploads\/2021\/09\/top-coyhaique-1-1_optimized-600x368.jpg 600w\" sizes=\"(max-width: 977px) 100vw, 977px\" \/><\/div><\/div><\/div><\/div><div class=\"flex_column av_one_full  flex_column_div av-zero-column-padding first  avia-builder-el-2  el_after_av_one_full  el_before_av_one_full  column-top-margin\" style='border-radius:0px; '><section class=\"av_textblock_section \"  itemscope=\"itemscope\" itemtype=\"https:\/\/schema.org\/BlogPosting\" itemprop=\"blogPost\" ><div class='avia_textblock  '   itemprop=\"text\" ><p style=\"text-align: center;\"><strong><span style=\"font-size: 18pt;\">Condenan a autores de tr\u00e1fico de drogas a penas de 15,10 y 5 a\u00f1os de presidio <\/span><\/strong><\/p>\n<div id=\"gtx-trans\" style=\"position: absolute; left: -50px; top: 4.31534px;\">\n<div class=\"gtx-trans-icon\"><\/div>\n<\/div>\n<\/div><\/section><\/div><div class=\"flex_column av_one_full  flex_column_div av-zero-column-padding first  avia-builder-el-4  el_after_av_one_full  el_before_av_hr  column-top-margin\" style='border-radius:0px; '><section class=\"av_textblock_section \"  itemscope=\"itemscope\" itemtype=\"https:\/\/schema.org\/BlogPosting\" itemprop=\"blogPost\" ><div class='avia_textblock  '   itemprop=\"text\" ><p class=\"v1MsoNormal\" style=\"text-align: justify;\">El Tribunal de Juicio Oral en lo Penal de Coyhaique conden\u00f3 a Luis Alberto Seguel Vargas a la pena de 15 a\u00f1os de presidio, accesorias legales de inhabilitaci\u00f3n absoluta perpetua para cargos y oficios p\u00fablicos y derechos pol\u00edticos y la inhabilitaci\u00f3n absoluta para profesiones titulares mientras dure la condena; m\u00e1s el pago de una multa de 40 UTM, en calidad de autor del delito consumado de tr\u00e1fico de drogas. Il\u00edcito perpetrado en agosto de 2022, en la ciudad.<\/p>\n<p class=\"v1MsoNormal\" style=\"text-align: justify;\">En fallo un\u00e1nime (causa rol 49-2023), el tribunal \u2013integrado por los magistrados Rosal\u00eda Mansilla Quiroz (presidenta), Patricio Z\u00fa\u00f1iga Valenzuela y M\u00f3nica Coloma Pulgar (redactora)\u2013 conden\u00f3, adem\u00e1s, a los acusados Esteban Javier Oses Salas y Luis Guillermo Pozas Haro a 10 y 5 a\u00f1os de presidio, accesorias y el pago de una multa de 40 y 10 UTM , respectivamente, como coautores del delito.<\/p>\n<p class=\"v1MsoNormal\" style=\"text-align: justify;\">El tribunal dio por acreditado, m\u00e1s all\u00e1 de toda duda razonable,\u00a0que\u00a0a lo menos desde abril de 2022, Seguel Vargas, Oses Salas y Ronald Sebasti\u00e1n Hern\u00e1ndez Vera (no presentado al juicio) conformaron una agrupaci\u00f3n dedicada al tr\u00e1fico de drogas, para su posterior distribuci\u00f3n y comercializaci\u00f3n en distintos puntos de la regi\u00f3n.<\/p>\n<p class=\"v1MsoNormal\" style=\"text-align: justify;\">En dicho contexto, el 2 de agosto de 2022, en horas de la tarde, los acusados Seguel Vargas y Oses Salas coordinaron el retiro de encomiendas con droga, consistentes en una caja de cart\u00f3n que conten\u00eda 5 paquetes de una sustancia vegetal de color verde y un contenedor pl\u00e1stico con 15 paquetes de las mismas caracter\u00edsticas, las que de conformidad al an\u00e1lisis qu\u00edmico resultaron positivo para la hierba del g\u00e9nero cannabis y con un peso neto total de 9 kilos 837 gramos 24 miligramos, desde una empresa de transportes. Encomienda que fue retirada por un tercero contratado por los condenados para tal fin, las que previamente hab\u00edan sido abiertas por funcionarios policiales sustituyendo la droga.<\/p>\n<p class=\"v1MsoNormal\" style=\"text-align: justify;\">Los acusados fueron detenidos en las inmediaciones del lugar, en el interior de un veh\u00edculo, en el cual adem\u00e1s se incaut\u00f3 un envoltorio de nylon color negro contenedor de 19 envoltorios de sustancia vegetal con peso neto total de 18,23 gramos, la que al an\u00e1lisis qu\u00edmico result\u00f3 positivo para cannabis sativa.<\/p>\n<p class=\"v1MsoNormal\" style=\"text-align: justify;\">Finalmente, el 4 de agosto de 2022, en horas de la ma\u00f1ana, Pozas Haro fue sorprendido en una caba\u00f1a de Chile Chico, en posesi\u00f3n de una bolsa de nylon transparente contenedora de sustancia en polvo cuyo an\u00e1lisis qu\u00edmico result\u00f3 positiva para coca\u00edna con peso neto de 6 gramos, y una bolsa de nylon color negro contenedora de sustancia vegetal verde en estado seco cuyo an\u00e1lisis qu\u00edmico dio positivo para cannabis con peso neto de 11,56 gramos, adem\u00e1s de la suma de dinero efectivo de $324.000 y un tel\u00e9fono celular.<\/p>\n<p class=\"v1MsoNormal\" style=\"text-align: justify;\">Una vez que el fallo quede ejecutoriado, el tribunal dispuso que se proceda a la toma de muestras biol\u00f3gicas de los sentenciados para determinar\u00a0sus respectivas huellas gen\u00e9ticas\u00a0e incorporaci\u00f3n en el registro nacional de ADN de condenados. Adem\u00e1s, se decret\u00f3 el comiso de la droga, dinero, autom\u00f3vil, tel\u00e9fonos celulares y otras especies incautadas en el procedimiento.<\/p>\n<\/div><\/section><\/div><div  style='height:50px' class='hr hr-invisible   avia-builder-el-6  el_after_av_one_full  el_before_av_social_share '><span class='hr-inner ' ><span class='hr-inner-style'><\/span><\/span><\/div><\/p>\n<div  class='av-social-sharing-box  avia-builder-el-7  el_after_av_hr  el_before_av_hr  '><div class='av-share-box'><h5 class='av-share-link-description av-no-toc '>Compartir esta noticia<\/h5><ul class='av-share-box-list noLightbox'><li class='av-share-link av-social-link-facebook' ><a target=\"_blank\" aria-label=\"Compartir en Facebook\" href='https:\/\/www.facebook.com\/sharer.php?u=https:\/\/radiorevelacionfm.cl\/?p=40059&#038;t=Condenan%20a%20autores%20de%20tr%C3%A1fico%20de%20drogas%20a%20penas%20de%2015%2C10%20y%205%20a%C3%B1os%20de%20presidio' aria-hidden='false' data-av_icon='\ue8f3' data-av_iconfont='entypo-fontello' title='' data-avia-related-tooltip='Compartir en Facebook' rel=\"noopener\"><span class='avia_hidden_link_text'>Compartir en Facebook<\/span><\/a><\/li><li class='av-share-link av-social-link-twitter' ><a target=\"_blank\" aria-label=\"Compartir en Twitter\" href='https:\/\/twitter.com\/share?text=Condenan%20a%20autores%20de%20tr%C3%A1fico%20de%20drogas%20a%20penas%20de%2015%2C10%20y%205%20a%C3%B1os%20de%20presidio&#038;url=https:\/\/radiorevelacionfm.cl\/?p=40059' aria-hidden='false' data-av_icon='\ue8f1' data-av_iconfont='entypo-fontello' title='' data-avia-related-tooltip='Compartir en Twitter' rel=\"noopener\"><span class='avia_hidden_link_text'>Compartir en Twitter<\/span><\/a><\/li><li class='av-share-link av-social-link-whatsapp' ><a target=\"_blank\" aria-label=\"Compartir en Whatsapp\" href='https:\/\/api.whatsapp.com\/send?text=https:\/\/radiorevelacionfm.cl\/?p=40059' aria-hidden='false' data-av_icon='\uf232' data-av_iconfont='entypo-fontello' title='' data-avia-related-tooltip='Compartir en Whatsapp' rel=\"noopener\"><span class='avia_hidden_link_text'>Compartir en Whatsapp<\/span><\/a><\/li><li class='av-share-link av-social-link-linkedin' ><a target=\"_blank\" aria-label=\"Compartir en LinkedIn\" href='https:\/\/linkedin.com\/shareArticle?mini=true&#038;title=Condenan%20a%20autores%20de%20tr%C3%A1fico%20de%20drogas%20a%20penas%20de%2015%2C10%20y%205%20a%C3%B1os%20de%20presidio&#038;url=https:\/\/radiorevelacionfm.cl\/?p=40059' aria-hidden='false' data-av_icon='\ue8fc' data-av_iconfont='entypo-fontello' title='' data-avia-related-tooltip='Compartir en LinkedIn' rel=\"noopener\"><span class='avia_hidden_link_text'>Compartir en LinkedIn<\/span><\/a><\/li><li class='av-share-link av-social-link-mail' ><a  aria-label=\"Compartir por correo\" href='mailto:?subject=Condenan%20a%20autores%20de%20tr%C3%A1fico%20de%20drogas%20a%20penas%20de%2015%2C10%20y%205%20a%C3%B1os%20de%20presidio&#038;body=https:\/\/radiorevelacionfm.cl\/?p=40059' aria-hidden='false' data-av_icon='\ue805' data-av_iconfont='entypo-fontello' title='' data-avia-related-tooltip='Compartir por correo'><span class='avia_hidden_link_text'>Compartir por correo<\/span><\/a><\/li><\/ul><\/div><\/div>\n<div  style='height:50px' class='hr hr-invisible   avia-builder-el-8  el_after_av_social_share  el_before_av_comments_list '><span class='hr-inner ' ><span class='hr-inner-style'><\/span><\/span><\/div>\n<div  class='av-buildercomment  av-blog-meta-html-info-disabled av-blog-meta-tag-disabled  '><\/div>\n","protected":false},"excerpt":{"rendered":"","protected":false},"author":1,"featured_media":8362,"comment_status":"open","ping_status":"open","sticky":false,"template":"","format":"standard","meta":{"footnotes":""},"categories":[55],"tags":[],"class_list":["post-40059","post","type-post","status-publish","format-standard","has-post-thumbnail","hentry","category-justicia"],"jetpack_featured_media_url":"https:\/\/radiorevelacionfm.cl\/wp-content\/uploads\/2021\/09\/top-coyhaique-1-1_optimized.jpg","_links":{"self":[{"href":"https:\/\/radiorevelacionfm.cl\/index.php?rest_route=\/wp\/v2\/posts\/40059","targetHints":{"allow":["GET"]}}],"collection":[{"href":"https:\/\/radiorevelacionfm.cl\/index.php?rest_route=\/wp\/v2\/posts"}],"about":[{"href":"https:\/\/radiorevelacionfm.cl\/index.php?rest_route=\/wp\/v2\/types\/post"}],"author":[{"embeddable":true,"href":"https:\/\/radiorevelacionfm.cl\/index.php?rest_route=\/wp\/v2\/users\/1"}],"replies":[{"embeddable":true,"href":"https:\/\/radiorevelacionfm.cl\/index.php?rest_route=%2Fwp%2Fv2%2Fcomments&post=40059"}],"version-history":[{"count":1,"href":"https:\/\/radiorevelacionfm.cl\/index.php?rest_route=\/wp\/v2\/posts\/40059\/revisions"}],"predecessor-version":[{"id":40060,"href":"https:\/\/radiorevelacionfm.cl\/index.php?rest_route=\/wp\/v2\/posts\/40059\/revisions\/40060"}],"wp:featuredmedia":[{"embeddable":true,"href":"https:\/\/radiorevelacionfm.cl\/index.php?rest_route=\/wp\/v2\/media\/8362"}],"wp:attachment":[{"href":"https:\/\/radiorevelacionfm.cl\/index.php?rest_route=%2Fwp%2Fv2%2Fmedia&parent=40059"}],"wp:term":[{"taxonomy":"category","embeddable":true,"href":"https:\/\/radiorevelacionfm.cl\/index.php?rest_route=%2Fwp%2Fv2%2Fcategories&post=40059"},{"taxonomy":"post_tag","embeddable":true,"href":"https:\/\/radiorevelacionfm.cl\/index.php?rest_route=%2Fwp%2Fv2%2Ftags&post=40059"}],"curies":[{"name":"wp","href":"https:\/\/api.w.org\/{rel}","templated":true}]}}