{"id":40056,"date":"2024-03-05T20:38:34","date_gmt":"2024-03-05T23:38:34","guid":{"rendered":"https:\/\/radiorevelacionfm.cl\/?p=40056"},"modified":"2024-03-05T20:38:34","modified_gmt":"2024-03-05T23:38:34","slug":"autoridades-regionales-llaman-a-abrir-la-puerta-al-censo-de-poblacion-y-vivienda-2024","status":"publish","type":"post","link":"https:\/\/radiorevelacionfm.cl\/?p=40056","title":{"rendered":"Autoridades regionales llaman a abrir la puerta al Censo de Poblaci\u00f3n y Vivienda 2024"},"content":{"rendered":"<div class=\"flex_column av_one_full  flex_column_div av-zero-column-padding first  avia-builder-el-0  el_before_av_one_full  avia-builder-el-first  \" style='border-radius:0px; '><div  class='avia-image-container  av-styling-    avia-builder-el-1  avia-builder-el-no-sibling  avia-align-center '  itemprop=\"image\" itemscope=\"itemscope\" itemtype=\"https:\/\/schema.org\/ImageObject\"  ><div class='avia-image-container-inner'><div class='avia-image-overlay-wrap'><img decoding=\"async\" class='wp-image-40057 avia-img-lazy-loading-not-40057 avia_image' src=\"https:\/\/radiorevelacionfm.cl\/wp-content\/uploads\/2024\/03\/20240301_112306-2-1_optimized.jpg\" alt='' title='20240301_112306-(2)-(1)_optimized' height=\"600\" width=\"887\"  itemprop=\"thumbnailUrl\" srcset=\"https:\/\/radiorevelacionfm.cl\/wp-content\/uploads\/2024\/03\/20240301_112306-2-1_optimized.jpg 887w, https:\/\/radiorevelacionfm.cl\/wp-content\/uploads\/2024\/03\/20240301_112306-2-1_optimized-300x203.jpg 300w, https:\/\/radiorevelacionfm.cl\/wp-content\/uploads\/2024\/03\/20240301_112306-2-1_optimized-768x520.jpg 768w, https:\/\/radiorevelacionfm.cl\/wp-content\/uploads\/2024\/03\/20240301_112306-2-1_optimized-705x477.jpg 705w, https:\/\/radiorevelacionfm.cl\/wp-content\/uploads\/2024\/03\/20240301_112306-2-1_optimized-450x304.jpg 450w, https:\/\/radiorevelacionfm.cl\/wp-content\/uploads\/2024\/03\/20240301_112306-2-1_optimized-600x406.jpg 600w\" sizes=\"(max-width: 887px) 100vw, 887px\" \/><\/div><\/div><\/div><\/div><div class=\"flex_column av_one_full  flex_column_div av-zero-column-padding first  avia-builder-el-2  el_after_av_one_full  el_before_av_one_full  column-top-margin\" style='border-radius:0px; '><section class=\"av_textblock_section \"  itemscope=\"itemscope\" itemtype=\"https:\/\/schema.org\/BlogPosting\" itemprop=\"blogPost\" ><div class='avia_textblock  '   itemprop=\"text\" ><p style=\"text-align: center;\"><strong><span style=\"font-size: 18pt;\">Autoridades regionales llaman a abrir la puerta al Censo de Poblaci\u00f3n y Vivienda 2024<\/span><\/strong><\/p>\n<div id=\"gtx-trans\" style=\"position: absolute; left: -50px; top: 4.31534px;\">\n<div class=\"gtx-trans-icon\"><\/div>\n<\/div>\n<\/div><\/section><\/div><div class=\"flex_column av_one_full  flex_column_div av-zero-column-padding first  avia-builder-el-4  el_after_av_one_full  el_before_av_hr  column-top-margin\" style='border-radius:0px; '><section class=\"av_textblock_section \"  itemscope=\"itemscope\" itemtype=\"https:\/\/schema.org\/BlogPosting\" itemprop=\"blogPost\" ><div class='avia_textblock  '   itemprop=\"text\" ><p style=\"text-align: justify;\">El Censo de Poblaci\u00f3n y Vivienda 2024 comienza el trabajo en terreno el pr\u00f3ximo s\u00e1bado 09 de marzo extendi\u00e9ndose hasta junio, y en el que 194 censistas estar\u00e1n en todo el territorio de la regi\u00f3n de Ays\u00e9n aplicando el cuestionario censal que contiene 50 preguntas.<\/p>\n<p style=\"text-align: justify;\">Por ello, las autoridades regionales de Ays\u00e9n hicieron un llamado a la comunidad a abrir las puertas al Censo y contestar las preguntas del formulario censal.<\/p>\n<p style=\"text-align: justify;\">En este contexto, el delegado regional presidencial, Rodrigo Araya, indic\u00f3 que: \u201cestamos informando que el pr\u00f3ximo s\u00e1bado 9 de marzo va a iniciarse el Censo 2024. Este Censo va a durar tres meses y tiene gran importancia, porque todas las pol\u00edticas p\u00fablicas para definir inversi\u00f3n y recursos tiene que ver con que sepamos cu\u00e1ntos somos, d\u00f3nde y c\u00f3mo vivimos, sobre todo despu\u00e9s de la pandemia, as\u00ed es que es tremendamente relevante que todos participemos y demos apoyo a este Censo de Poblaci\u00f3n y Vivienda\u201d, expres\u00f3 la autoridad.<\/p>\n<p style=\"text-align: justify;\">Por su parte, Claudia Cantero<strong>, <\/strong>\u00a0jefa de la Divisi\u00f3n de Desarrollo Social y Humano del Gobierno Regional, agradeci\u00f3 a todas las instituciones p\u00fablicas que se han puesto a disposici\u00f3n de este proceso: \u201cel Censo nos va a permitir llegar a los lugares m\u00e1s rec\u00f3nditos de nuestra larga y extensa regi\u00f3n\u201d y record\u00f3 a las personas que \u201ceste Censo no es abreviado, a diferencia del a\u00f1o 2017, son 50 preguntas las que est\u00e1n incluidas en el cuestionario que se puede revisar con anterioridad, por eso, inst\u00f3 a toda la ciudadan\u00eda de nuestra regi\u00f3n a abrir la puerta al Censo y estar en disposici\u00f3n de poder responder este cuestionario. Es un proceso muy relevante porque gracias a estos datos podemos tomar mejores decisiones para generar pol\u00edticas p\u00fablicas\u201d, dijo Cantero.<\/p>\n<p style=\"text-align: justify;\">En tanto, el alcalde de Coyhaique, Carlos Gatica, hizo un llamado a participar del operativo censal: \u201cllam\u00f3 todos y todas a contestar el Censo ya que la informaci\u00f3n recopilada es de suma importancia para el municipio en cuanto a generar nuevas pol\u00edticas p\u00fablicas que tengan un sentido de realidad con lo que sucede en nuestro territorio, el Censo nos ayudar\u00e1 a saber c\u00f3mo ha crecido la poblaci\u00f3n, y saber qu\u00e9 pol\u00edticas p\u00fablicas debemos gestionar para la comunidad\u201d.<\/p>\n<p style=\"text-align: justify;\">En tanto el director del Instituto Nacional de Estad\u00edsticas (INE) Ays\u00e9n, Danilo Pavez, reiter\u00f3 que: \u201cse censar\u00e1n a las personas considerando su residencia habitual, es decir, donde la persona ha vivido la mayor parte de los \u00faltimos 12 meses (al menos 6 meses y 1 d\u00eda) o que llevando menos tiempo tiene la intenci\u00f3n de seguir viviendo ah\u00ed\u201d.<\/p>\n<p style=\"text-align: justify;\">La autoridad regional INE a\u00f1adi\u00f3 que cuando las y los censistas no logren censar a las personas de manera presencial, y habiendo realizado una o m\u00e1s visitas, dejar\u00e1n en la vivienda una carta con un c\u00f3digo \u00fanico de acceso para que los residentes completar el cuestionario censal. Este c\u00f3digo es \u00fanico e intransferible para la vivienda a la que se le deja esta carta\u201d.<\/p>\n<p style=\"text-align: justify;\"><strong>Seguridad <\/strong><\/p>\n<p style=\"text-align: justify;\">En materia de seguridad, el INE se encuentra coordinando el apoyo de carabineros, PDI, y Fuerzas Armadas y en este sentido el prefecto de Ays\u00e9n, coronel Fuad Chaban, hizo un llamado a toda la comunidad a acercarse a Carabineros ante alguna consulta espec\u00edfica del proceso. \u201cCon el fin de apoyar el Censo de Poblaci\u00f3n y Vivienda y brindar seguridad a las personas y al personal que trabajar\u00e1 en el proceso, hemos estado coordinando con el INE diversos planes, en la regi\u00f3n, y prestaremos apoyo para resguardar la seguridad de los censistas \u201ca\u00f1adi\u00f3 el prefecto.<\/p>\n<p style=\"text-align: justify;\"><strong>Etapas del proceso <\/strong><\/p>\n<p style=\"text-align: justify;\">Este lunes 04 de marzo comienzan las capacitaciones masivas dirigidas a los Censistas, en todo el territorio regional, de forma presencial despleg\u00e1ndose los capacitadores a los distintos lugares.<\/p>\n<p style=\"text-align: justify;\">A la fecha,\u00a0 ya se efectuaron las capacitaciones masivas a los Coordinadores de Local,\u00a0 Gestores Administrativos y Coordinadores de Grupo.<\/p>\n<p style=\"text-align: justify;\">Cabe recordar que, toda la informaci\u00f3n del operativo estad\u00edstico est\u00e1 disponible en <a href=\"http:\/\/www.censo2024.cl\/\">www.censo2024.cl<\/a> y en el n\u00famero telef\u00f3nico del Censo: 1525.<\/p>\n<\/div><\/section><\/div><div  style='height:50px' class='hr hr-invisible   avia-builder-el-6  el_after_av_one_full  el_before_av_social_share '><span class='hr-inner ' ><span class='hr-inner-style'><\/span><\/span><\/div><\/p>\n<div  class='av-social-sharing-box  avia-builder-el-7  el_after_av_hr  el_before_av_hr  '><div class='av-share-box'><h5 class='av-share-link-description av-no-toc '>Compartir esta noticia<\/h5><ul class='av-share-box-list noLightbox'><li class='av-share-link av-social-link-facebook' ><a target=\"_blank\" aria-label=\"Compartir en Facebook\" href='https:\/\/www.facebook.com\/sharer.php?u=https:\/\/radiorevelacionfm.cl\/?p=40056&#038;t=Autoridades%20regionales%20llaman%20a%20abrir%20la%20puerta%20al%20Censo%20de%20Poblaci%C3%B3n%20y%20Vivienda%202024' aria-hidden='false' data-av_icon='\ue8f3' data-av_iconfont='entypo-fontello' title='' data-avia-related-tooltip='Compartir en Facebook' rel=\"noopener\"><span class='avia_hidden_link_text'>Compartir en Facebook<\/span><\/a><\/li><li class='av-share-link av-social-link-twitter' ><a target=\"_blank\" aria-label=\"Compartir en Twitter\" href='https:\/\/twitter.com\/share?text=Autoridades%20regionales%20llaman%20a%20abrir%20la%20puerta%20al%20Censo%20de%20Poblaci%C3%B3n%20y%20Vivienda%202024&#038;url=https:\/\/radiorevelacionfm.cl\/?p=40056' aria-hidden='false' data-av_icon='\ue8f1' data-av_iconfont='entypo-fontello' title='' data-avia-related-tooltip='Compartir en Twitter' rel=\"noopener\"><span class='avia_hidden_link_text'>Compartir en Twitter<\/span><\/a><\/li><li class='av-share-link av-social-link-whatsapp' ><a target=\"_blank\" aria-label=\"Compartir en Whatsapp\" href='https:\/\/api.whatsapp.com\/send?text=https:\/\/radiorevelacionfm.cl\/?p=40056' aria-hidden='false' data-av_icon='\uf232' data-av_iconfont='entypo-fontello' title='' data-avia-related-tooltip='Compartir en Whatsapp' rel=\"noopener\"><span class='avia_hidden_link_text'>Compartir en Whatsapp<\/span><\/a><\/li><li class='av-share-link av-social-link-linkedin' ><a target=\"_blank\" aria-label=\"Compartir en LinkedIn\" href='https:\/\/linkedin.com\/shareArticle?mini=true&#038;title=Autoridades%20regionales%20llaman%20a%20abrir%20la%20puerta%20al%20Censo%20de%20Poblaci%C3%B3n%20y%20Vivienda%202024&#038;url=https:\/\/radiorevelacionfm.cl\/?p=40056' aria-hidden='false' data-av_icon='\ue8fc' data-av_iconfont='entypo-fontello' title='' data-avia-related-tooltip='Compartir en LinkedIn' rel=\"noopener\"><span class='avia_hidden_link_text'>Compartir en LinkedIn<\/span><\/a><\/li><li class='av-share-link av-social-link-mail' ><a  aria-label=\"Compartir por correo\" href='mailto:?subject=Autoridades%20regionales%20llaman%20a%20abrir%20la%20puerta%20al%20Censo%20de%20Poblaci%C3%B3n%20y%20Vivienda%202024&#038;body=https:\/\/radiorevelacionfm.cl\/?p=40056' aria-hidden='false' data-av_icon='\ue805' data-av_iconfont='entypo-fontello' title='' data-avia-related-tooltip='Compartir por correo'><span class='avia_hidden_link_text'>Compartir por correo<\/span><\/a><\/li><\/ul><\/div><\/div>\n<div  style='height:50px' class='hr hr-invisible   avia-builder-el-8  el_after_av_social_share  el_before_av_comments_list '><span class='hr-inner ' ><span class='hr-inner-style'><\/span><\/span><\/div>\n<div  class='av-buildercomment  av-blog-meta-html-info-disabled av-blog-meta-tag-disabled  '><\/div>\n","protected":false},"excerpt":{"rendered":"","protected":false},"author":1,"featured_media":40057,"comment_status":"open","ping_status":"open","sticky":false,"template":"","format":"standard","meta":{"footnotes":""},"categories":[38],"tags":[],"class_list":["post-40056","post","type-post","status-publish","format-standard","has-post-thumbnail","hentry","category-regional"],"jetpack_featured_media_url":"https:\/\/radiorevelacionfm.cl\/wp-content\/uploads\/2024\/03\/20240301_112306-2-1_optimized.jpg","_links":{"self":[{"href":"https:\/\/radiorevelacionfm.cl\/index.php?rest_route=\/wp\/v2\/posts\/40056","targetHints":{"allow":["GET"]}}],"collection":[{"href":"https:\/\/radiorevelacionfm.cl\/index.php?rest_route=\/wp\/v2\/posts"}],"about":[{"href":"https:\/\/radiorevelacionfm.cl\/index.php?rest_route=\/wp\/v2\/types\/post"}],"author":[{"embeddable":true,"href":"https:\/\/radiorevelacionfm.cl\/index.php?rest_route=\/wp\/v2\/users\/1"}],"replies":[{"embeddable":true,"href":"https:\/\/radiorevelacionfm.cl\/index.php?rest_route=%2Fwp%2Fv2%2Fcomments&post=40056"}],"version-history":[{"count":1,"href":"https:\/\/radiorevelacionfm.cl\/index.php?rest_route=\/wp\/v2\/posts\/40056\/revisions"}],"predecessor-version":[{"id":40058,"href":"https:\/\/radiorevelacionfm.cl\/index.php?rest_route=\/wp\/v2\/posts\/40056\/revisions\/40058"}],"wp:featuredmedia":[{"embeddable":true,"href":"https:\/\/radiorevelacionfm.cl\/index.php?rest_route=\/wp\/v2\/media\/40057"}],"wp:attachment":[{"href":"https:\/\/radiorevelacionfm.cl\/index.php?rest_route=%2Fwp%2Fv2%2Fmedia&parent=40056"}],"wp:term":[{"taxonomy":"category","embeddable":true,"href":"https:\/\/radiorevelacionfm.cl\/index.php?rest_route=%2Fwp%2Fv2%2Fcategories&post=40056"},{"taxonomy":"post_tag","embeddable":true,"href":"https:\/\/radiorevelacionfm.cl\/index.php?rest_route=%2Fwp%2Fv2%2Ftags&post=40056"}],"curies":[{"name":"wp","href":"https:\/\/api.w.org\/{rel}","templated":true}]}}