{"id":40053,"date":"2024-03-05T16:56:09","date_gmt":"2024-03-05T19:56:09","guid":{"rendered":"https:\/\/radiorevelacionfm.cl\/?p=40053"},"modified":"2024-03-05T16:56:09","modified_gmt":"2024-03-05T19:56:09","slug":"proyecto-permitira-construir-y-reponer-paraderos-en-puerto-aysen-y-manihuales","status":"publish","type":"post","link":"https:\/\/radiorevelacionfm.cl\/?p=40053","title":{"rendered":"Proyecto permitir\u00e1 construir y reponer paraderos en Puerto Ays\u00e9n y Ma\u00f1ihuales"},"content":{"rendered":"<div class=\"flex_column av_one_full  flex_column_div av-zero-column-padding first  avia-builder-el-0  el_before_av_one_full  avia-builder-el-first  \" style='border-radius:0px; '><div  class='avia-image-container  av-styling-    avia-builder-el-1  avia-builder-el-no-sibling  avia-align-center '  itemprop=\"image\" itemscope=\"itemscope\" itemtype=\"https:\/\/schema.org\/ImageObject\"  ><div class='avia-image-container-inner'><div class='avia-image-overlay-wrap'><img decoding=\"async\" class='wp-image-40054 avia-img-lazy-loading-not-40054 avia_image' src=\"https:\/\/radiorevelacionfm.cl\/wp-content\/uploads\/2024\/03\/PROYECTO-PARADEROS-1-1-1.jpg\" alt='' title='PROYECTO PARADEROS 1 (1) (1)' height=\"600\" width=\"1525\"  itemprop=\"thumbnailUrl\" srcset=\"https:\/\/radiorevelacionfm.cl\/wp-content\/uploads\/2024\/03\/PROYECTO-PARADEROS-1-1-1.jpg 1525w, https:\/\/radiorevelacionfm.cl\/wp-content\/uploads\/2024\/03\/PROYECTO-PARADEROS-1-1-1-300x118.jpg 300w, https:\/\/radiorevelacionfm.cl\/wp-content\/uploads\/2024\/03\/PROYECTO-PARADEROS-1-1-1-1030x405.jpg 1030w, https:\/\/radiorevelacionfm.cl\/wp-content\/uploads\/2024\/03\/PROYECTO-PARADEROS-1-1-1-768x302.jpg 768w, https:\/\/radiorevelacionfm.cl\/wp-content\/uploads\/2024\/03\/PROYECTO-PARADEROS-1-1-1-1500x590.jpg 1500w, https:\/\/radiorevelacionfm.cl\/wp-content\/uploads\/2024\/03\/PROYECTO-PARADEROS-1-1-1-705x277.jpg 705w, https:\/\/radiorevelacionfm.cl\/wp-content\/uploads\/2024\/03\/PROYECTO-PARADEROS-1-1-1-450x177.jpg 450w, https:\/\/radiorevelacionfm.cl\/wp-content\/uploads\/2024\/03\/PROYECTO-PARADEROS-1-1-1-600x236.jpg 600w\" sizes=\"(max-width: 1525px) 100vw, 1525px\" \/><\/div><\/div><\/div><\/div><div class=\"flex_column av_one_full  flex_column_div av-zero-column-padding first  avia-builder-el-2  el_after_av_one_full  el_before_av_one_full  column-top-margin\" style='border-radius:0px; '><section class=\"av_textblock_section \"  itemscope=\"itemscope\" itemtype=\"https:\/\/schema.org\/BlogPosting\" itemprop=\"blogPost\" ><div class='avia_textblock  '   itemprop=\"text\" ><p style=\"text-align: center;\"><strong><span style=\"font-size: 18pt;\">Proyecto permitir\u00e1 construir y reponer paraderos en Puerto Ays\u00e9n y Ma\u00f1ihuales<\/span><\/strong><\/p>\n<div id=\"gtx-trans\" style=\"position: absolute; left: -50px; top: 4.31534px;\">\n<div class=\"gtx-trans-icon\"><\/div>\n<\/div>\n<\/div><\/section><\/div><div class=\"flex_column av_one_full  flex_column_div av-zero-column-padding first  avia-builder-el-4  el_after_av_one_full  el_before_av_hr  column-top-margin\" style='border-radius:0px; '><section class=\"av_textblock_section \"  itemscope=\"itemscope\" itemtype=\"https:\/\/schema.org\/BlogPosting\" itemprop=\"blogPost\" ><div class='avia_textblock  '   itemprop=\"text\" ><p style=\"text-align: justify;\"><em>La infraestructura de los refugios de pasajeros, ser\u00e1 bastante \u00fatil, sobre todo por las condiciones clim\u00e1ticas que predominan en la zona y ser\u00e1n muy parecidos a lo que ya existe al ingreso de la poblaci\u00f3n Jorge Ibar, que ha tenido muy buenos resultados.<\/em><\/p>\n<p style=\"text-align: justify;\">Comenz\u00f3 el proceso de licitaci\u00f3n del proyecto \u201cConstrucci\u00f3n y Reposici\u00f3n de Paraderos Comuna Ays\u00e9n\u201d, iniciativa que permitir\u00e1 levantar y mejorar algunas de estas infraestructuras en Puerto Ays\u00e9n y Villa Ma\u00f1ihuales.<\/p>\n<p style=\"text-align: justify;\">El trabajo t\u00e9cnico, identificaci\u00f3n y formulaci\u00f3n de la iniciativa fue de manera conjunta entre la Direcci\u00f3n de Tr\u00e1nsito y la Secretaria Comunal de Planificaci\u00f3n, lo que debi\u00f3 superar una serie de observaciones para luego obtener el financiamiento a trav\u00e9s de la Subdere.<\/p>\n<p style=\"text-align: justify;\">El Alcalde de la comuna de Ays\u00e9n, Julio Uribe, se\u00f1al\u00f3 que, considerando el tema clim\u00e1tico, la importancia de que los paraderos que cumplan su objetivo de proteger a quienes esperan la locomoci\u00f3n p\u00fablica, se elabor\u00f3 el proyecto con una idea similar a lo que hoy existe ingresando al sector Jorge Ibar, un espacio amplio, con buen revestimiento e incluso un espacio que contenga un mural alusivo a la zona.<\/p>\n<p style=\"text-align: justify;\">\u201cVimos que esa era como la l\u00ednea de paraderos que debi\u00e9ramos realizar en nuestra comuna, por lo tanto, ah\u00ed se identificaron a trav\u00e9s de nuestra Direcci\u00f3n de Tr\u00e1nsito, diferentes sectores donde ubicar m\u00e1s paraderos y as\u00ed fue como postulamos un proyecto de la Subdere, que es un proyecto que postulamos cercano al 2022, donde se levantaron las observaciones el 2023 y hoy ya estamos con la licitaci\u00f3n de estos paraderos\u201d.<\/p>\n<p style=\"text-align: justify;\">La autoridad comunal, a\u00f1adi\u00f3 que, el pr\u00f3ximo 26 de marzo se cierra el proceso de licitaci\u00f3n, fecha para la que se espera el inter\u00e9s de las empresas por ejecutar estas obras. \u201cEl 26 de marzo se cierra esta postulaci\u00f3n, esperar que existan empresas que est\u00e9n motivadas en poder ayudarnos con esta construcci\u00f3n, es un proyecto por 115 millones de pesos, que va a venir en ayuda y tambi\u00e9n lo que significa el dinamismo econ\u00f3mico y de trabajo que llevan estos proyectos, que son ejecutados con recursos tanto del Gobierno Regional como de la Subdere\u201d.<\/p>\n<p style=\"text-align: justify;\">Los paraderos ser\u00e1n construidos en estructura met\u00e1lica, revestimiento interior y exterior, bancas de descanso e iluminaci\u00f3n, algunas de sus caracter\u00edsticas b\u00e1sicas. El Alcalde Julio Uribe, manifest\u00f3 que estos son los primeros y que ya se proyectan iniciativas similares en otros puntos de la comuna.<\/p>\n<p><strong>\u00a0<\/strong><\/p>\n<\/div><\/section><\/div><div  style='height:50px' class='hr hr-invisible   avia-builder-el-6  el_after_av_one_full  el_before_av_social_share '><span class='hr-inner ' ><span class='hr-inner-style'><\/span><\/span><\/div><\/p>\n<div  class='av-social-sharing-box  avia-builder-el-7  el_after_av_hr  el_before_av_hr  '><div class='av-share-box'><h5 class='av-share-link-description av-no-toc '>Compartir esta noticia<\/h5><ul class='av-share-box-list noLightbox'><li class='av-share-link av-social-link-facebook' ><a target=\"_blank\" aria-label=\"Compartir en Facebook\" href='https:\/\/www.facebook.com\/sharer.php?u=https:\/\/radiorevelacionfm.cl\/?p=40053&#038;t=Proyecto%20permitir%C3%A1%20construir%20y%20reponer%20paraderos%20en%20Puerto%20Ays%C3%A9n%20y%20Ma%C3%B1ihuales' aria-hidden='false' data-av_icon='\ue8f3' data-av_iconfont='entypo-fontello' title='' data-avia-related-tooltip='Compartir en Facebook' rel=\"noopener\"><span class='avia_hidden_link_text'>Compartir en Facebook<\/span><\/a><\/li><li class='av-share-link av-social-link-twitter' ><a target=\"_blank\" aria-label=\"Compartir en Twitter\" href='https:\/\/twitter.com\/share?text=Proyecto%20permitir%C3%A1%20construir%20y%20reponer%20paraderos%20en%20Puerto%20Ays%C3%A9n%20y%20Ma%C3%B1ihuales&#038;url=https:\/\/radiorevelacionfm.cl\/?p=40053' aria-hidden='false' data-av_icon='\ue8f1' data-av_iconfont='entypo-fontello' title='' data-avia-related-tooltip='Compartir en Twitter' rel=\"noopener\"><span class='avia_hidden_link_text'>Compartir en Twitter<\/span><\/a><\/li><li class='av-share-link av-social-link-whatsapp' ><a target=\"_blank\" aria-label=\"Compartir en Whatsapp\" href='https:\/\/api.whatsapp.com\/send?text=https:\/\/radiorevelacionfm.cl\/?p=40053' aria-hidden='false' data-av_icon='\uf232' data-av_iconfont='entypo-fontello' title='' data-avia-related-tooltip='Compartir en Whatsapp' rel=\"noopener\"><span class='avia_hidden_link_text'>Compartir en Whatsapp<\/span><\/a><\/li><li class='av-share-link av-social-link-linkedin' ><a target=\"_blank\" aria-label=\"Compartir en LinkedIn\" href='https:\/\/linkedin.com\/shareArticle?mini=true&#038;title=Proyecto%20permitir%C3%A1%20construir%20y%20reponer%20paraderos%20en%20Puerto%20Ays%C3%A9n%20y%20Ma%C3%B1ihuales&#038;url=https:\/\/radiorevelacionfm.cl\/?p=40053' aria-hidden='false' data-av_icon='\ue8fc' data-av_iconfont='entypo-fontello' title='' data-avia-related-tooltip='Compartir en LinkedIn' rel=\"noopener\"><span class='avia_hidden_link_text'>Compartir en LinkedIn<\/span><\/a><\/li><li class='av-share-link av-social-link-mail' ><a  aria-label=\"Compartir por correo\" href='mailto:?subject=Proyecto%20permitir%C3%A1%20construir%20y%20reponer%20paraderos%20en%20Puerto%20Ays%C3%A9n%20y%20Ma%C3%B1ihuales&#038;body=https:\/\/radiorevelacionfm.cl\/?p=40053' aria-hidden='false' data-av_icon='\ue805' data-av_iconfont='entypo-fontello' title='' data-avia-related-tooltip='Compartir por correo'><span class='avia_hidden_link_text'>Compartir por correo<\/span><\/a><\/li><\/ul><\/div><\/div>\n<div  style='height:50px' class='hr hr-invisible   avia-builder-el-8  el_after_av_social_share  el_before_av_comments_list '><span class='hr-inner ' ><span class='hr-inner-style'><\/span><\/span><\/div>\n<div  class='av-buildercomment  av-blog-meta-html-info-disabled av-blog-meta-tag-disabled  '><\/div>\n","protected":false},"excerpt":{"rendered":"","protected":false},"author":1,"featured_media":40054,"comment_status":"open","ping_status":"open","sticky":false,"template":"","format":"standard","meta":{"footnotes":""},"categories":[38],"tags":[],"class_list":["post-40053","post","type-post","status-publish","format-standard","has-post-thumbnail","hentry","category-regional"],"jetpack_featured_media_url":"https:\/\/radiorevelacionfm.cl\/wp-content\/uploads\/2024\/03\/PROYECTO-PARADEROS-1-1-1.jpg","_links":{"self":[{"href":"https:\/\/radiorevelacionfm.cl\/index.php?rest_route=\/wp\/v2\/posts\/40053","targetHints":{"allow":["GET"]}}],"collection":[{"href":"https:\/\/radiorevelacionfm.cl\/index.php?rest_route=\/wp\/v2\/posts"}],"about":[{"href":"https:\/\/radiorevelacionfm.cl\/index.php?rest_route=\/wp\/v2\/types\/post"}],"author":[{"embeddable":true,"href":"https:\/\/radiorevelacionfm.cl\/index.php?rest_route=\/wp\/v2\/users\/1"}],"replies":[{"embeddable":true,"href":"https:\/\/radiorevelacionfm.cl\/index.php?rest_route=%2Fwp%2Fv2%2Fcomments&post=40053"}],"version-history":[{"count":1,"href":"https:\/\/radiorevelacionfm.cl\/index.php?rest_route=\/wp\/v2\/posts\/40053\/revisions"}],"predecessor-version":[{"id":40055,"href":"https:\/\/radiorevelacionfm.cl\/index.php?rest_route=\/wp\/v2\/posts\/40053\/revisions\/40055"}],"wp:featuredmedia":[{"embeddable":true,"href":"https:\/\/radiorevelacionfm.cl\/index.php?rest_route=\/wp\/v2\/media\/40054"}],"wp:attachment":[{"href":"https:\/\/radiorevelacionfm.cl\/index.php?rest_route=%2Fwp%2Fv2%2Fmedia&parent=40053"}],"wp:term":[{"taxonomy":"category","embeddable":true,"href":"https:\/\/radiorevelacionfm.cl\/index.php?rest_route=%2Fwp%2Fv2%2Fcategories&post=40053"},{"taxonomy":"post_tag","embeddable":true,"href":"https:\/\/radiorevelacionfm.cl\/index.php?rest_route=%2Fwp%2Fv2%2Ftags&post=40053"}],"curies":[{"name":"wp","href":"https:\/\/api.w.org\/{rel}","templated":true}]}}