{"id":40050,"date":"2024-03-05T20:18:52","date_gmt":"2024-03-05T23:18:52","guid":{"rendered":"https:\/\/radiorevelacionfm.cl\/?p=40050"},"modified":"2024-03-05T20:18:52","modified_gmt":"2024-03-05T23:18:52","slug":"doctor-gabriel-rabi-asumio-como-nuevo-director-del-hospital-de-puerto-aysen","status":"publish","type":"post","link":"https:\/\/radiorevelacionfm.cl\/?p=40050","title":{"rendered":"Doctor Gabriel Rab\u00ed asumi\u00f3 como nuevo director del Hospital de Puerto Ays\u00e9n"},"content":{"rendered":"<div class=\"flex_column av_one_full  flex_column_div av-zero-column-padding first  avia-builder-el-0  el_before_av_one_full  avia-builder-el-first  \" style='border-radius:0px; '><div  class='avia-image-container  av-styling-    avia-builder-el-1  avia-builder-el-no-sibling  avia-align-center '  itemprop=\"image\" itemscope=\"itemscope\" itemtype=\"https:\/\/schema.org\/ImageObject\"  ><div class='avia-image-container-inner'><div class='avia-image-overlay-wrap'><img decoding=\"async\" class='wp-image-40051 avia-img-lazy-loading-not-40051 avia_image' src=\"https:\/\/radiorevelacionfm.cl\/wp-content\/uploads\/2024\/03\/HPA-2-1-1.jpeg\" alt='' title='HPA 2 (1) (1)' height=\"600\" width=\"901\"  itemprop=\"thumbnailUrl\" srcset=\"https:\/\/radiorevelacionfm.cl\/wp-content\/uploads\/2024\/03\/HPA-2-1-1.jpeg 901w, https:\/\/radiorevelacionfm.cl\/wp-content\/uploads\/2024\/03\/HPA-2-1-1-300x200.jpeg 300w, https:\/\/radiorevelacionfm.cl\/wp-content\/uploads\/2024\/03\/HPA-2-1-1-768x511.jpeg 768w, https:\/\/radiorevelacionfm.cl\/wp-content\/uploads\/2024\/03\/HPA-2-1-1-705x469.jpeg 705w, https:\/\/radiorevelacionfm.cl\/wp-content\/uploads\/2024\/03\/HPA-2-1-1-450x300.jpeg 450w, https:\/\/radiorevelacionfm.cl\/wp-content\/uploads\/2024\/03\/HPA-2-1-1-600x400.jpeg 600w\" sizes=\"(max-width: 901px) 100vw, 901px\" \/><\/div><\/div><\/div><\/div><div class=\"flex_column av_one_full  flex_column_div av-zero-column-padding first  avia-builder-el-2  el_after_av_one_full  el_before_av_one_full  column-top-margin\" style='border-radius:0px; '><section class=\"av_textblock_section \"  itemscope=\"itemscope\" itemtype=\"https:\/\/schema.org\/BlogPosting\" itemprop=\"blogPost\" ><div class='avia_textblock  '   itemprop=\"text\" ><p style=\"text-align: center;\"><span style=\"font-size: 18pt;\"><b><span lang=\"ES-MX\">Doctor Gabriel Rab\u00ed asumi\u00f3 como nuevo director del Hospital de Puerto Ays\u00e9n<\/span><\/b><\/span><\/p>\n<div id=\"gtx-trans\" style=\"position: absolute; left: -50px; top: 4.31534px;\">\n<div class=\"gtx-trans-icon\"><\/div>\n<\/div>\n<\/div><\/section><\/div><div class=\"flex_column av_one_full  flex_column_div av-zero-column-padding first  avia-builder-el-4  el_after_av_one_full  el_before_av_hr  column-top-margin\" style='border-radius:0px; '><section class=\"av_textblock_section \"  itemscope=\"itemscope\" itemtype=\"https:\/\/schema.org\/BlogPosting\" itemprop=\"blogPost\" ><div class='avia_textblock  '   itemprop=\"text\" ><p style=\"font-weight: 400; text-align: justify;\">Con una amplia experiencia en la gesti\u00f3n hospitalaria y un firme compromiso en la atenci\u00f3n m\u00e9dica, fue presentado oficialmente a la comunidad y al personal m\u00e9dico el Dr. Gabriel Rab\u00ed, como director (S) del Hospital de Puerto Ays\u00e9n, recinto de Mediana Complejidad que brinda cobertura a cerca de 25 mil usuarias y usuarios.<\/p>\n<p style=\"font-weight: 400; text-align: justify;\">Gabriel Rab\u00ed, es de profesi\u00f3n cirujano dentista, con especialidades de cirug\u00eda y traumatolog\u00eda\u00a0Bucomaxilofacial e Imagenolog\u00eda de la Universidad de Chile.<\/p>\n<p style=\"font-weight: 400; text-align: justify;\">\u201cReactivar los procesos del Hospital de Puerto Ays\u00e9n, en cuanto a gesti\u00f3n cl\u00ednica, pero tambi\u00e9n para reactivar el trabajo con la comunidad, tenemos varios proyectos que tenemos que ir levantando nuevamente, tenemos que levantar el Consejo Consultivo que es muy importante para el trabajo con el intersector y ver cada uno de los requerimientos que en definitiva el hospital necesita \u00a0para ir creciendo y otorgar una mejor salud para la poblaci\u00f3n\u201d, indic\u00f3 Gabriel Rab\u00ed, director (S) del Hospital de Puerto Ays\u00e9n.<\/p>\n<p style=\"font-weight: 400; text-align: justify;\">Los dirigentes de Puerto Ays\u00e9n, recibieron al nuevo director, destacando que tienen confianza en su capacidad para liderar el hospital hacia un futuro de excelencia en la atenci\u00f3n m\u00e9dica.<\/p>\n<p style=\"font-weight: 400; text-align: justify;\">\u201cEstamos muy contentos, nosotros ya hemos trabajado con el doctor Rab\u00ed, por lo tanto, creemos que es una bandera de esperanza al trabajo que queremos desarrollar, as\u00ed que estamos muy contentos con el nombramiento y esperamos avanzar con el doctor porque conocemos el trabajo que ha hecho en la comunidad, como el trabajo anterior, as\u00ed que creemos que fue una buena decisi\u00f3n que \u00e9l continuara en este tiempo mientras se concursa el cargo oficial\u201d, manifest\u00f3 Hansy Ch\u00e1vez, integrante de la Fundaci\u00f3n Vidas con Prop\u00f3sito.<\/p>\n<p style=\"font-weight: 400; text-align: justify;\">En esa misma l\u00ednea, Hugo Guerrero, pastor y referente de la Asistencia Espiritual Hospitalaria, expres\u00f3 que \u201cesperamos con un director que ya ha tenido la oportunidad de administrar el hospital volver a tomar el rumbo, el destino, volver a retomar la conversaci\u00f3n y el di\u00e1logo (\u2026) esperamos que estas puertas abiertas sean una realidad con el nuevo director que es transitorio hasta que llegue el de alta direcci\u00f3n p\u00fablica, pueda avanzar en el proceso por la salud de todos los ayseninos, desde ese punto de vista estamos agradecidos\u201d.<\/p>\n<p style=\"font-weight: 400; text-align: justify;\">Desde la direcci\u00f3n de Salud, expresaron todo el apoyo al nuevo director del recinto porte\u00f1o para seguir acercando e impulsando la salud a las y los usuarios.<\/p>\n<p style=\"font-weight: 400; text-align: justify;\">\u201cJunto al equipo directivo, la comunidad, los funcionarios y los usuarios presentamos al nuevo director del Hospital de Puerto Ays\u00e9n, en virtud de seguir mejorando la salud de la comuna y trabajar en conjunto que finalmente esa es la impronta que le queremos dar a la salud para toda la poblaci\u00f3n, ser m\u00e1s cercano, m\u00e1s accesibles y adem\u00e1s mencionar que cuenta con todo el apoyo de la Direcci\u00f3n del SSA\u201d, concluy\u00f3 Juan Pablo Bravo Quintana, director del Servicio de Salud Ays\u00e9n.<\/p>\n<\/div><\/section><\/div><div  style='height:50px' class='hr hr-invisible   avia-builder-el-6  el_after_av_one_full  el_before_av_social_share '><span class='hr-inner ' ><span class='hr-inner-style'><\/span><\/span><\/div><\/p>\n<div  class='av-social-sharing-box  avia-builder-el-7  el_after_av_hr  el_before_av_hr  '><div class='av-share-box'><h5 class='av-share-link-description av-no-toc '>Compartir esta noticia<\/h5><ul class='av-share-box-list noLightbox'><li class='av-share-link av-social-link-facebook' ><a target=\"_blank\" aria-label=\"Compartir en Facebook\" href='https:\/\/www.facebook.com\/sharer.php?u=https:\/\/radiorevelacionfm.cl\/?p=40050&#038;t=Doctor%20Gabriel%20Rab%C3%AD%20asumi%C3%B3%20como%20nuevo%20director%20del%20Hospital%20de%20Puerto%20Ays%C3%A9n' aria-hidden='false' data-av_icon='\ue8f3' data-av_iconfont='entypo-fontello' title='' data-avia-related-tooltip='Compartir en Facebook' rel=\"noopener\"><span class='avia_hidden_link_text'>Compartir en Facebook<\/span><\/a><\/li><li class='av-share-link av-social-link-twitter' ><a target=\"_blank\" aria-label=\"Compartir en Twitter\" href='https:\/\/twitter.com\/share?text=Doctor%20Gabriel%20Rab%C3%AD%20asumi%C3%B3%20como%20nuevo%20director%20del%20Hospital%20de%20Puerto%20Ays%C3%A9n&#038;url=https:\/\/radiorevelacionfm.cl\/?p=40050' aria-hidden='false' data-av_icon='\ue8f1' data-av_iconfont='entypo-fontello' title='' data-avia-related-tooltip='Compartir en Twitter' rel=\"noopener\"><span class='avia_hidden_link_text'>Compartir en Twitter<\/span><\/a><\/li><li class='av-share-link av-social-link-whatsapp' ><a target=\"_blank\" aria-label=\"Compartir en Whatsapp\" href='https:\/\/api.whatsapp.com\/send?text=https:\/\/radiorevelacionfm.cl\/?p=40050' aria-hidden='false' data-av_icon='\uf232' data-av_iconfont='entypo-fontello' title='' data-avia-related-tooltip='Compartir en Whatsapp' rel=\"noopener\"><span class='avia_hidden_link_text'>Compartir en Whatsapp<\/span><\/a><\/li><li class='av-share-link av-social-link-linkedin' ><a target=\"_blank\" aria-label=\"Compartir en LinkedIn\" href='https:\/\/linkedin.com\/shareArticle?mini=true&#038;title=Doctor%20Gabriel%20Rab%C3%AD%20asumi%C3%B3%20como%20nuevo%20director%20del%20Hospital%20de%20Puerto%20Ays%C3%A9n&#038;url=https:\/\/radiorevelacionfm.cl\/?p=40050' aria-hidden='false' data-av_icon='\ue8fc' data-av_iconfont='entypo-fontello' title='' data-avia-related-tooltip='Compartir en LinkedIn' rel=\"noopener\"><span class='avia_hidden_link_text'>Compartir en LinkedIn<\/span><\/a><\/li><li class='av-share-link av-social-link-mail' ><a  aria-label=\"Compartir por correo\" href='mailto:?subject=Doctor%20Gabriel%20Rab%C3%AD%20asumi%C3%B3%20como%20nuevo%20director%20del%20Hospital%20de%20Puerto%20Ays%C3%A9n&#038;body=https:\/\/radiorevelacionfm.cl\/?p=40050' aria-hidden='false' data-av_icon='\ue805' data-av_iconfont='entypo-fontello' title='' data-avia-related-tooltip='Compartir por correo'><span class='avia_hidden_link_text'>Compartir por correo<\/span><\/a><\/li><\/ul><\/div><\/div>\n<div  style='height:50px' class='hr hr-invisible   avia-builder-el-8  el_after_av_social_share  el_before_av_comments_list '><span class='hr-inner ' ><span class='hr-inner-style'><\/span><\/span><\/div>\n<div  class='av-buildercomment  av-blog-meta-html-info-disabled av-blog-meta-tag-disabled  '><\/div>\n","protected":false},"excerpt":{"rendered":"","protected":false},"author":1,"featured_media":40051,"comment_status":"open","ping_status":"open","sticky":false,"template":"","format":"standard","meta":{"footnotes":""},"categories":[46],"tags":[],"class_list":["post-40050","post","type-post","status-publish","format-standard","has-post-thumbnail","hentry","category-salud"],"jetpack_featured_media_url":"https:\/\/radiorevelacionfm.cl\/wp-content\/uploads\/2024\/03\/HPA-2-1-1.jpeg","_links":{"self":[{"href":"https:\/\/radiorevelacionfm.cl\/index.php?rest_route=\/wp\/v2\/posts\/40050","targetHints":{"allow":["GET"]}}],"collection":[{"href":"https:\/\/radiorevelacionfm.cl\/index.php?rest_route=\/wp\/v2\/posts"}],"about":[{"href":"https:\/\/radiorevelacionfm.cl\/index.php?rest_route=\/wp\/v2\/types\/post"}],"author":[{"embeddable":true,"href":"https:\/\/radiorevelacionfm.cl\/index.php?rest_route=\/wp\/v2\/users\/1"}],"replies":[{"embeddable":true,"href":"https:\/\/radiorevelacionfm.cl\/index.php?rest_route=%2Fwp%2Fv2%2Fcomments&post=40050"}],"version-history":[{"count":1,"href":"https:\/\/radiorevelacionfm.cl\/index.php?rest_route=\/wp\/v2\/posts\/40050\/revisions"}],"predecessor-version":[{"id":40052,"href":"https:\/\/radiorevelacionfm.cl\/index.php?rest_route=\/wp\/v2\/posts\/40050\/revisions\/40052"}],"wp:featuredmedia":[{"embeddable":true,"href":"https:\/\/radiorevelacionfm.cl\/index.php?rest_route=\/wp\/v2\/media\/40051"}],"wp:attachment":[{"href":"https:\/\/radiorevelacionfm.cl\/index.php?rest_route=%2Fwp%2Fv2%2Fmedia&parent=40050"}],"wp:term":[{"taxonomy":"category","embeddable":true,"href":"https:\/\/radiorevelacionfm.cl\/index.php?rest_route=%2Fwp%2Fv2%2Fcategories&post=40050"},{"taxonomy":"post_tag","embeddable":true,"href":"https:\/\/radiorevelacionfm.cl\/index.php?rest_route=%2Fwp%2Fv2%2Ftags&post=40050"}],"curies":[{"name":"wp","href":"https:\/\/api.w.org\/{rel}","templated":true}]}}