{"id":40047,"date":"2024-03-05T11:14:48","date_gmt":"2024-03-05T14:14:48","guid":{"rendered":"https:\/\/radiorevelacionfm.cl\/?p=40047"},"modified":"2024-03-05T11:14:48","modified_gmt":"2024-03-05T14:14:48","slug":"interrupciones-del-suministro-electrico-en-chile-chico-ya-estan-causando-una-afectacion-inaceptable-a-los-vecinos","status":"publish","type":"post","link":"https:\/\/radiorevelacionfm.cl\/?p=40047","title":{"rendered":"Interrupciones del suministro el\u00e9ctrico en Chile Chico ya est\u00e1n causando una afectaci\u00f3n \u201cinaceptable\u201d a los vecinos"},"content":{"rendered":"<div class=\"flex_column av_one_full  flex_column_div av-zero-column-padding first  avia-builder-el-0  el_before_av_one_full  avia-builder-el-first  \" style='border-radius:0px; '><div  class='avia-image-container  av-styling-    avia-builder-el-1  avia-builder-el-no-sibling  avia-align-center '  itemprop=\"image\" itemscope=\"itemscope\" itemtype=\"https:\/\/schema.org\/ImageObject\"  ><div class='avia-image-container-inner'><div class='avia-image-overlay-wrap'><img decoding=\"async\" class='wp-image-40048 avia-img-lazy-loading-not-40048 avia_image' src=\"https:\/\/radiorevelacionfm.cl\/wp-content\/uploads\/2024\/03\/ak_ls_mf-1-1.jpeg\" alt='' title='ak_ls_mf (1) (1)' height=\"600\" width=\"1067\"  itemprop=\"thumbnailUrl\" srcset=\"https:\/\/radiorevelacionfm.cl\/wp-content\/uploads\/2024\/03\/ak_ls_mf-1-1.jpeg 1067w, https:\/\/radiorevelacionfm.cl\/wp-content\/uploads\/2024\/03\/ak_ls_mf-1-1-300x169.jpeg 300w, https:\/\/radiorevelacionfm.cl\/wp-content\/uploads\/2024\/03\/ak_ls_mf-1-1-1030x579.jpeg 1030w, https:\/\/radiorevelacionfm.cl\/wp-content\/uploads\/2024\/03\/ak_ls_mf-1-1-768x432.jpeg 768w, https:\/\/radiorevelacionfm.cl\/wp-content\/uploads\/2024\/03\/ak_ls_mf-1-1-705x396.jpeg 705w, https:\/\/radiorevelacionfm.cl\/wp-content\/uploads\/2024\/03\/ak_ls_mf-1-1-450x253.jpeg 450w, https:\/\/radiorevelacionfm.cl\/wp-content\/uploads\/2024\/03\/ak_ls_mf-1-1-600x337.jpeg 600w\" sizes=\"(max-width: 1067px) 100vw, 1067px\" \/><\/div><\/div><\/div><\/div><div class=\"flex_column av_one_full  flex_column_div av-zero-column-padding first  avia-builder-el-2  el_after_av_one_full  el_before_av_one_full  column-top-margin\" style='border-radius:0px; '><section class=\"av_textblock_section \"  itemscope=\"itemscope\" itemtype=\"https:\/\/schema.org\/BlogPosting\" itemprop=\"blogPost\" ><div class='avia_textblock  '   itemprop=\"text\" ><p style=\"text-align: center;\"><span style=\"font-size: 18pt;\"><b>Interrupciones del suministro el\u00e9ctrico en Chile Chico ya est\u00e1n causando una afectaci\u00f3n \u201cinaceptable\u201d a los vecinos<\/b><\/span><\/p>\n<div id=\"gtx-trans\" style=\"position: absolute; left: -50px; top: 4.31534px;\">\n<div class=\"gtx-trans-icon\"><\/div>\n<\/div>\n<\/div><\/section><\/div><div class=\"flex_column av_one_full  flex_column_div av-zero-column-padding first  avia-builder-el-4  el_after_av_one_full  el_before_av_hr  column-top-margin\" style='border-radius:0px; '><section class=\"av_textblock_section \"  itemscope=\"itemscope\" itemtype=\"https:\/\/schema.org\/BlogPosting\" itemprop=\"blogPost\" ><div class='avia_textblock  '   itemprop=\"text\" ><p style=\"font-weight: 400; text-align: justify;\">\u00bfSe imagina pasar el verano sin refrigerador? Esta es una realidad que est\u00e1n viviendo muchas familias en \u2018La Ciudad del Sol\u2019, debido a los cortes de energ\u00eda que han afectado en demas\u00eda a toda la comuna durante los meses estivales. Frente a ello, los concejales Lidia Soto, Ariel Keim y Mario Figueroa, est\u00e1n exigiendo respuestas a la empresa Edelaysen y solicitan que flexibilice sus \u201cengorrosos protocolos de reclamo\u201d, porque hay electrodom\u00e9sticos que son esenciales en la calidad de vida de las personas.<\/p>\n<p style=\"font-weight: 400; text-align: justify;\">Tener que renovar la televisi\u00f3n o la lavadora en Chile Chico se ha vuelto un \u2018paisaje habitual\u2019 en todas sus localidades, porque los m\u00e1s de ocho cortes no programados de las \u00faltimas seis semanas tiene a muchos en ascuas. Esta realidad tambi\u00e9n afecta al comercio y a los emprendedores tur\u00edsticos que han visto mermada su capacidad de atender a sus clientes por una realidad que \u201cno parece digna del siglo XXI\u201d, como afirma alguno de los afectados.<\/p>\n<p style=\"font-weight: 400; text-align: justify;\">Ante ello, el Concejal Ariel Keim, explic\u00f3 que \u201ces impresentable la cantidad de cortes. No puede ser que en el mes de febrero tengamos m\u00e1s de ocho cortes de suministro el\u00e9ctrico en la comuna donde tenemos muchos electrodom\u00e9sticos con da\u00f1os irreparables y la respuesta que entrega de la empresa Edelaysen es realizar un tr\u00e1mite muy engorroso, que muchas veces no llega a un buen t\u00e9rmino\u201d.<\/p>\n<p style=\"font-weight: 400; text-align: justify;\">Para Lidia Soto, tambi\u00e9n representante de Concejo Municipal de Chile Chico, \u201cexiste un Formulario de Reclamos para estos casos. Sin embargo, tiene una alternativa web, telef\u00f3nica y presencial, pero los plazos m\u00e1ximos de respuesta son de hasta 30 d\u00edas. Una eternidad para una familia que necesite reparar su refrigerador o lavadora si es que la falla provocada por el corte es reparable, lo que queda a juicio de Edelaysen\u201d.<\/p>\n<p style=\"font-weight: 400; text-align: justify;\">\u201cEntendemos que los cortes de energ\u00eda el\u00e9ctrica tienen m\u00faltiples factores de origen. Ahora bien, en Chile Chico es un tema reiterativo, es una constante, en una semana hemos registrado cuatro y hasta cinco cortes de energ\u00eda el\u00e9ctrica, por lo tanto, apelamos a la voluntad de la compa\u00f1\u00eda que pueda tomar \u2018cartas en el asunto\u2019 y que pueda identificar las zonas de riesgos, cambiar los implementos \u2018por decirlo de alguna manera\u2019 si est\u00e1 fallando algo en el sistema\u201d, sentenci\u00f3 Mario Figueroa.<\/p>\n<p style=\"font-weight: 400; text-align: justify;\">\u201cPor la naturaleza de nuestro trabajo recorremos la comuna completa y en cada localidad y sector rural la situaci\u00f3n se presenta por igual, quejas y m\u00e1s reclamos por los habituales cortes. Muchas de esas personas no tienen tiempo o, simplemente, no saben c\u00f3mo reclamar y los que s\u00ed, no reciben una respuesta insatisfactoria en la mayor\u00eda de los casos\u201d, denunci\u00f3 Lida Soto.<\/p>\n<p style=\"font-weight: 400; text-align: justify;\">Ariel Keim, pidi\u00f3 \u201cun poco de comprensi\u00f3n por parte de la empresa y que, en comunas aisladas como la nuestra, flexibilice la forma de hacer el reclamo y pongan prioridad sobre las reparaciones de los electrodom\u00e9sticos de nuestros vecinos, las que principalmente se realizan en Coyhaique, si es que el desperfecto tiene soluci\u00f3n. Sabemos que una lavadora, un refrigerador, son claves en la calidad de vida de cada familia y no son dispositivos que tengan un valor al alcance de todos, son car\u00edsimos, por eso pido una preocupaci\u00f3n especial de la empresa\u201d.<\/p>\n<p style=\"font-weight: 400; text-align: justify;\">Mario Mayorga recalc\u00f3 que \u201cno podemos seguir tolerando estos cortes de energ\u00eda reiterados sin una explicaci\u00f3n de la empresa y con todo lo que ello conlleva: afectaci\u00f3n al comercio, a los servicios de salud, las transacciones bancarias (\u2026) nos afectan a todos y de manera significativa. Como concejales estamos apelando a la voluntad de la empresa el\u00e9ctrica a que tome los resguardos necesarios a fin de evitar que se vayan prolongando en el tiempo esta seguidilla de cortes\u201d.<\/p>\n<p style=\"font-weight: 400; text-align: justify;\">Finalmente, las autoridades de la comuna expresaron que elevar\u00e1n una solicitud al Concejo Municipal para reportar a la empresa la posibilidad que cualquier funcionario del Gobierno Comunal pueda interponer un reclamo ante la Edelaysen en representaci\u00f3n de un vecino, lo que muchas veces, de acuerdo con lo expresado \u201cno saben c\u00f3mo acceder a la reparaci\u00f3n del da\u00f1o que causan en sus cosas los habituales cortes\u201d.<\/p>\n<\/div><\/section><\/div><div  style='height:50px' class='hr hr-invisible   avia-builder-el-6  el_after_av_one_full  el_before_av_social_share '><span class='hr-inner ' ><span class='hr-inner-style'><\/span><\/span><\/div><\/p>\n<div  class='av-social-sharing-box  avia-builder-el-7  el_after_av_hr  el_before_av_hr  '><div class='av-share-box'><h5 class='av-share-link-description av-no-toc '>Compartir esta noticia<\/h5><ul class='av-share-box-list noLightbox'><li class='av-share-link av-social-link-facebook' ><a target=\"_blank\" aria-label=\"Compartir en Facebook\" href='https:\/\/www.facebook.com\/sharer.php?u=https:\/\/radiorevelacionfm.cl\/?p=40047&#038;t=Interrupciones%20del%20suministro%20el%C3%A9ctrico%20en%20Chile%20Chico%20ya%20est%C3%A1n%20causando%20una%20afectaci%C3%B3n%20%E2%80%9Cinaceptable%E2%80%9D%20a%20los%20vecinos' aria-hidden='false' data-av_icon='\ue8f3' data-av_iconfont='entypo-fontello' title='' data-avia-related-tooltip='Compartir en Facebook' rel=\"noopener\"><span class='avia_hidden_link_text'>Compartir en Facebook<\/span><\/a><\/li><li class='av-share-link av-social-link-twitter' ><a target=\"_blank\" aria-label=\"Compartir en Twitter\" href='https:\/\/twitter.com\/share?text=Interrupciones%20del%20suministro%20el%C3%A9ctrico%20en%20Chile%20Chico%20ya%20est%C3%A1n%20causando%20una%20afectaci%C3%B3n%20%E2%80%9Cinaceptable%E2%80%9D%20a%20los%20vecinos&#038;url=https:\/\/radiorevelacionfm.cl\/?p=40047' aria-hidden='false' data-av_icon='\ue8f1' data-av_iconfont='entypo-fontello' title='' data-avia-related-tooltip='Compartir en Twitter' rel=\"noopener\"><span class='avia_hidden_link_text'>Compartir en Twitter<\/span><\/a><\/li><li class='av-share-link av-social-link-whatsapp' ><a target=\"_blank\" aria-label=\"Compartir en Whatsapp\" href='https:\/\/api.whatsapp.com\/send?text=https:\/\/radiorevelacionfm.cl\/?p=40047' aria-hidden='false' data-av_icon='\uf232' data-av_iconfont='entypo-fontello' title='' data-avia-related-tooltip='Compartir en Whatsapp' rel=\"noopener\"><span class='avia_hidden_link_text'>Compartir en Whatsapp<\/span><\/a><\/li><li class='av-share-link av-social-link-linkedin' ><a target=\"_blank\" aria-label=\"Compartir en LinkedIn\" href='https:\/\/linkedin.com\/shareArticle?mini=true&#038;title=Interrupciones%20del%20suministro%20el%C3%A9ctrico%20en%20Chile%20Chico%20ya%20est%C3%A1n%20causando%20una%20afectaci%C3%B3n%20%E2%80%9Cinaceptable%E2%80%9D%20a%20los%20vecinos&#038;url=https:\/\/radiorevelacionfm.cl\/?p=40047' aria-hidden='false' data-av_icon='\ue8fc' data-av_iconfont='entypo-fontello' title='' data-avia-related-tooltip='Compartir en LinkedIn' rel=\"noopener\"><span class='avia_hidden_link_text'>Compartir en LinkedIn<\/span><\/a><\/li><li class='av-share-link av-social-link-mail' ><a  aria-label=\"Compartir por correo\" href='mailto:?subject=Interrupciones%20del%20suministro%20el%C3%A9ctrico%20en%20Chile%20Chico%20ya%20est%C3%A1n%20causando%20una%20afectaci%C3%B3n%20%E2%80%9Cinaceptable%E2%80%9D%20a%20los%20vecinos&#038;body=https:\/\/radiorevelacionfm.cl\/?p=40047' aria-hidden='false' data-av_icon='\ue805' data-av_iconfont='entypo-fontello' title='' data-avia-related-tooltip='Compartir por correo'><span class='avia_hidden_link_text'>Compartir por correo<\/span><\/a><\/li><\/ul><\/div><\/div>\n<div  style='height:50px' class='hr hr-invisible   avia-builder-el-8  el_after_av_social_share  el_before_av_comments_list '><span class='hr-inner ' ><span class='hr-inner-style'><\/span><\/span><\/div>\n<div  class='av-buildercomment  av-blog-meta-html-info-disabled av-blog-meta-tag-disabled  '><\/div>\n","protected":false},"excerpt":{"rendered":"","protected":false},"author":1,"featured_media":40048,"comment_status":"open","ping_status":"open","sticky":false,"template":"","format":"standard","meta":{"footnotes":""},"categories":[38],"tags":[],"class_list":["post-40047","post","type-post","status-publish","format-standard","has-post-thumbnail","hentry","category-regional"],"jetpack_featured_media_url":"https:\/\/radiorevelacionfm.cl\/wp-content\/uploads\/2024\/03\/ak_ls_mf-1-1.jpeg","_links":{"self":[{"href":"https:\/\/radiorevelacionfm.cl\/index.php?rest_route=\/wp\/v2\/posts\/40047","targetHints":{"allow":["GET"]}}],"collection":[{"href":"https:\/\/radiorevelacionfm.cl\/index.php?rest_route=\/wp\/v2\/posts"}],"about":[{"href":"https:\/\/radiorevelacionfm.cl\/index.php?rest_route=\/wp\/v2\/types\/post"}],"author":[{"embeddable":true,"href":"https:\/\/radiorevelacionfm.cl\/index.php?rest_route=\/wp\/v2\/users\/1"}],"replies":[{"embeddable":true,"href":"https:\/\/radiorevelacionfm.cl\/index.php?rest_route=%2Fwp%2Fv2%2Fcomments&post=40047"}],"version-history":[{"count":1,"href":"https:\/\/radiorevelacionfm.cl\/index.php?rest_route=\/wp\/v2\/posts\/40047\/revisions"}],"predecessor-version":[{"id":40049,"href":"https:\/\/radiorevelacionfm.cl\/index.php?rest_route=\/wp\/v2\/posts\/40047\/revisions\/40049"}],"wp:featuredmedia":[{"embeddable":true,"href":"https:\/\/radiorevelacionfm.cl\/index.php?rest_route=\/wp\/v2\/media\/40048"}],"wp:attachment":[{"href":"https:\/\/radiorevelacionfm.cl\/index.php?rest_route=%2Fwp%2Fv2%2Fmedia&parent=40047"}],"wp:term":[{"taxonomy":"category","embeddable":true,"href":"https:\/\/radiorevelacionfm.cl\/index.php?rest_route=%2Fwp%2Fv2%2Fcategories&post=40047"},{"taxonomy":"post_tag","embeddable":true,"href":"https:\/\/radiorevelacionfm.cl\/index.php?rest_route=%2Fwp%2Fv2%2Ftags&post=40047"}],"curies":[{"name":"wp","href":"https:\/\/api.w.org\/{rel}","templated":true}]}}