{"id":40043,"date":"2024-03-05T10:08:17","date_gmt":"2024-03-05T13:08:17","guid":{"rendered":"https:\/\/radiorevelacionfm.cl\/?p=40043"},"modified":"2024-03-05T10:12:54","modified_gmt":"2024-03-05T13:12:54","slug":"tres-jovenes-del-club-21-de-mayo-fueron-seleccionados-para-la-academia-de-futbol-de-javier-mascherano-en-argentina","status":"publish","type":"post","link":"https:\/\/radiorevelacionfm.cl\/?p=40043","title":{"rendered":"Tres j\u00f3venes del Club 21 de Mayo fueron seleccionados para la academia de f\u00fatbol de Javier Mascherano en Argentina"},"content":{"rendered":"<div class=\"flex_column av_one_full  flex_column_div av-zero-column-padding first  avia-builder-el-0  el_before_av_one_full  avia-builder-el-first  \" style='border-radius:0px; '><div  class='avia-image-container  av-styling-    avia-builder-el-1  avia-builder-el-no-sibling  avia-align-center '  itemprop=\"image\" itemscope=\"itemscope\" itemtype=\"https:\/\/schema.org\/ImageObject\"  ><div class='avia-image-container-inner'><div class='avia-image-overlay-wrap'><img decoding=\"async\" class='wp-image-40044 avia-img-lazy-loading-not-40044 avia_image' src=\"https:\/\/radiorevelacionfm.cl\/wp-content\/uploads\/2024\/03\/Imagen-de-WhatsApp-2024-02-29-a-las-19.56.49_d2597ce3-1-1.jpg\" alt='' title='Imagen de WhatsApp 2024-02-29 a las 19.56.49_d2597ce3 (1) (1)' height=\"600\" width=\"800\"  itemprop=\"thumbnailUrl\" srcset=\"https:\/\/radiorevelacionfm.cl\/wp-content\/uploads\/2024\/03\/Imagen-de-WhatsApp-2024-02-29-a-las-19.56.49_d2597ce3-1-1.jpg 800w, https:\/\/radiorevelacionfm.cl\/wp-content\/uploads\/2024\/03\/Imagen-de-WhatsApp-2024-02-29-a-las-19.56.49_d2597ce3-1-1-300x225.jpg 300w, https:\/\/radiorevelacionfm.cl\/wp-content\/uploads\/2024\/03\/Imagen-de-WhatsApp-2024-02-29-a-las-19.56.49_d2597ce3-1-1-768x576.jpg 768w, https:\/\/radiorevelacionfm.cl\/wp-content\/uploads\/2024\/03\/Imagen-de-WhatsApp-2024-02-29-a-las-19.56.49_d2597ce3-1-1-705x529.jpg 705w, https:\/\/radiorevelacionfm.cl\/wp-content\/uploads\/2024\/03\/Imagen-de-WhatsApp-2024-02-29-a-las-19.56.49_d2597ce3-1-1-450x338.jpg 450w, https:\/\/radiorevelacionfm.cl\/wp-content\/uploads\/2024\/03\/Imagen-de-WhatsApp-2024-02-29-a-las-19.56.49_d2597ce3-1-1-600x450.jpg 600w\" sizes=\"(max-width: 800px) 100vw, 800px\" \/><\/div><\/div><\/div><\/div>\n<div class=\"flex_column av_one_full  flex_column_div av-zero-column-padding first  avia-builder-el-2  el_after_av_one_full  el_before_av_one_full  column-top-margin\" style='border-radius:0px; '><section class=\"av_textblock_section \"  itemscope=\"itemscope\" itemtype=\"https:\/\/schema.org\/BlogPosting\" itemprop=\"blogPost\" ><div class='avia_textblock  '   itemprop=\"text\" ><p style=\"text-align: center;\"><strong><span style=\"font-size: 18pt;\">Tres j\u00f3venes del Club 21 de Mayo fueron seleccionados para la academia de f\u00fatbol de Javier Mascherano en Argentina<\/span><\/strong><\/p>\n<div id=\"gtx-trans\" style=\"position: absolute; left: -50px; top: 4.31534px;\">\n<div class=\"gtx-trans-icon\"><\/div>\n<\/div>\n<\/div><\/section><\/div><div class=\"flex_column av_one_full  flex_column_div av-zero-column-padding first  avia-builder-el-4  el_after_av_one_full  el_before_av_hr  column-top-margin\" style='border-radius:0px; '><section class=\"av_textblock_section \"  itemscope=\"itemscope\" itemtype=\"https:\/\/schema.org\/BlogPosting\" itemprop=\"blogPost\" ><div class='avia_textblock  '   itemprop=\"text\" ><p style=\"text-align: justify;\"><em>Los j\u00f3venes categor\u00eda 2010 viajar\u00e1n en mayo a Buenos Aires para completar el segundo filtro de pruebas para optar a ser futbolistas profesionales en un futuro.<\/em><\/p>\n<p style=\"text-align: justify;\">En la localidad argentina de Sarmiento, hace unos d\u00edas se realizaron pruebas en busca de j\u00f3venes talentos para el f\u00fatbol argentino, esto por parte de la Academia de f\u00fatbol del retirado jugador ex-Barcelona Javier Mascherano.<\/p>\n<p style=\"text-align: justify;\">Esto motiv\u00f3 al club 21 de Mayo de Coyhaique a llevar a cinco de sus j\u00f3venes categor\u00eda 2010, junto a sus profesores Marcelo Caro y Jaime D\u00edaz, para probar sus habilidades y talento. Gratamente, entre todos los competidores argentinos de las provincias de Chubut y Santa Cruz, el entrenador Hern\u00e1n Mendia seleccion\u00f3 a tres de los j\u00f3venes chilenos.<\/p>\n<p style=\"text-align: justify;\">Los coyhaiquinos Vicente Mart\u00ednez, Cristian Riquelme y Alonso Barros fueron los escogidos para participar del segundo filtro de jugadores que se realizar\u00e1 en la capital nacional argentina en mayo de este a\u00f1o.<\/p>\n<p style=\"text-align: justify;\">El entrenador Marcelo Caro coment\u00f3 sentirse contento por sus pupilos y coment\u00f3 que, \u201ccuando se me comunic\u00f3 que los tres hab\u00edan quedado seleccionados me emocion\u00e9 hasta las l\u00e1grimas. Ellos estuvieron prepar\u00e1ndose todo el verano f\u00edsicamente para estas pruebas y obtuvieron excelentes resultados. Ahora queda seguir trabajando y apoyarlos para lo que se les viene en Buenos Aires\u201d.<\/p>\n<p style=\"text-align: justify;\">De llegar a ser elegidos para ser parte de la academia de Javier Mascherano, en un futuro podr\u00e1n optar a jugar en equipos profesionales del f\u00fatbol argentino o hasta en clubes famosos del extranjero.<\/p>\n<\/div><\/section><\/div><\/p>\n<div  style='height:50px' class='hr hr-invisible   avia-builder-el-6  el_after_av_one_full  el_before_av_social_share '><span class='hr-inner ' ><span class='hr-inner-style'><\/span><\/span><\/div>\n<div  class='av-social-sharing-box  avia-builder-el-7  el_after_av_hr  el_before_av_hr  '><div class='av-share-box'><h5 class='av-share-link-description av-no-toc '>Compartir esta noticia<\/h5><ul class='av-share-box-list noLightbox'><li class='av-share-link av-social-link-facebook' ><a target=\"_blank\" aria-label=\"Compartir en Facebook\" href='https:\/\/www.facebook.com\/sharer.php?u=https:\/\/radiorevelacionfm.cl\/?p=40043&#038;t=Tres%20j%C3%B3venes%20del%20Club%2021%20de%20Mayo%20fueron%20seleccionados%20para%20la%20academia%20de%20f%C3%BAtbol%20de%20Javier%20Mascherano%20en%20Argentina' aria-hidden='false' data-av_icon='\ue8f3' data-av_iconfont='entypo-fontello' title='' data-avia-related-tooltip='Compartir en Facebook' rel=\"noopener\"><span class='avia_hidden_link_text'>Compartir en Facebook<\/span><\/a><\/li><li class='av-share-link av-social-link-twitter' ><a target=\"_blank\" aria-label=\"Compartir en Twitter\" href='https:\/\/twitter.com\/share?text=Tres%20j%C3%B3venes%20del%20Club%2021%20de%20Mayo%20fueron%20seleccionados%20para%20la%20academia%20de%20f%C3%BAtbol%20de%20Javier%20Mascherano%20en%20Argentina&#038;url=https:\/\/radiorevelacionfm.cl\/?p=40043' aria-hidden='false' data-av_icon='\ue8f1' data-av_iconfont='entypo-fontello' title='' data-avia-related-tooltip='Compartir en Twitter' rel=\"noopener\"><span class='avia_hidden_link_text'>Compartir en Twitter<\/span><\/a><\/li><li class='av-share-link av-social-link-whatsapp' ><a target=\"_blank\" aria-label=\"Compartir en Whatsapp\" href='https:\/\/api.whatsapp.com\/send?text=https:\/\/radiorevelacionfm.cl\/?p=40043' aria-hidden='false' data-av_icon='\uf232' data-av_iconfont='entypo-fontello' title='' data-avia-related-tooltip='Compartir en Whatsapp' rel=\"noopener\"><span class='avia_hidden_link_text'>Compartir en Whatsapp<\/span><\/a><\/li><li class='av-share-link av-social-link-linkedin' ><a target=\"_blank\" aria-label=\"Compartir en LinkedIn\" href='https:\/\/linkedin.com\/shareArticle?mini=true&#038;title=Tres%20j%C3%B3venes%20del%20Club%2021%20de%20Mayo%20fueron%20seleccionados%20para%20la%20academia%20de%20f%C3%BAtbol%20de%20Javier%20Mascherano%20en%20Argentina&#038;url=https:\/\/radiorevelacionfm.cl\/?p=40043' aria-hidden='false' data-av_icon='\ue8fc' data-av_iconfont='entypo-fontello' title='' data-avia-related-tooltip='Compartir en LinkedIn' rel=\"noopener\"><span class='avia_hidden_link_text'>Compartir en LinkedIn<\/span><\/a><\/li><li class='av-share-link av-social-link-mail' ><a  aria-label=\"Compartir por correo\" href='mailto:?subject=Tres%20j%C3%B3venes%20del%20Club%2021%20de%20Mayo%20fueron%20seleccionados%20para%20la%20academia%20de%20f%C3%BAtbol%20de%20Javier%20Mascherano%20en%20Argentina&#038;body=https:\/\/radiorevelacionfm.cl\/?p=40043' aria-hidden='false' data-av_icon='\ue805' data-av_iconfont='entypo-fontello' title='' data-avia-related-tooltip='Compartir por correo'><span class='avia_hidden_link_text'>Compartir por correo<\/span><\/a><\/li><\/ul><\/div><\/div>\n<div  style='height:50px' class='hr hr-invisible   avia-builder-el-8  el_after_av_social_share  el_before_av_comments_list '><span class='hr-inner ' ><span class='hr-inner-style'><\/span><\/span><\/div>\n<div  class='av-buildercomment  av-blog-meta-html-info-disabled av-blog-meta-tag-disabled  '><\/div>\n","protected":false},"excerpt":{"rendered":"","protected":false},"author":1,"featured_media":40044,"comment_status":"open","ping_status":"open","sticky":false,"template":"","format":"standard","meta":{"footnotes":""},"categories":[40],"tags":[],"class_list":["post-40043","post","type-post","status-publish","format-standard","has-post-thumbnail","hentry","category-deportes"],"jetpack_featured_media_url":"https:\/\/radiorevelacionfm.cl\/wp-content\/uploads\/2024\/03\/Imagen-de-WhatsApp-2024-02-29-a-las-19.56.49_d2597ce3-1-1.jpg","_links":{"self":[{"href":"https:\/\/radiorevelacionfm.cl\/index.php?rest_route=\/wp\/v2\/posts\/40043","targetHints":{"allow":["GET"]}}],"collection":[{"href":"https:\/\/radiorevelacionfm.cl\/index.php?rest_route=\/wp\/v2\/posts"}],"about":[{"href":"https:\/\/radiorevelacionfm.cl\/index.php?rest_route=\/wp\/v2\/types\/post"}],"author":[{"embeddable":true,"href":"https:\/\/radiorevelacionfm.cl\/index.php?rest_route=\/wp\/v2\/users\/1"}],"replies":[{"embeddable":true,"href":"https:\/\/radiorevelacionfm.cl\/index.php?rest_route=%2Fwp%2Fv2%2Fcomments&post=40043"}],"version-history":[{"count":2,"href":"https:\/\/radiorevelacionfm.cl\/index.php?rest_route=\/wp\/v2\/posts\/40043\/revisions"}],"predecessor-version":[{"id":40046,"href":"https:\/\/radiorevelacionfm.cl\/index.php?rest_route=\/wp\/v2\/posts\/40043\/revisions\/40046"}],"wp:featuredmedia":[{"embeddable":true,"href":"https:\/\/radiorevelacionfm.cl\/index.php?rest_route=\/wp\/v2\/media\/40044"}],"wp:attachment":[{"href":"https:\/\/radiorevelacionfm.cl\/index.php?rest_route=%2Fwp%2Fv2%2Fmedia&parent=40043"}],"wp:term":[{"taxonomy":"category","embeddable":true,"href":"https:\/\/radiorevelacionfm.cl\/index.php?rest_route=%2Fwp%2Fv2%2Fcategories&post=40043"},{"taxonomy":"post_tag","embeddable":true,"href":"https:\/\/radiorevelacionfm.cl\/index.php?rest_route=%2Fwp%2Fv2%2Ftags&post=40043"}],"curies":[{"name":"wp","href":"https:\/\/api.w.org\/{rel}","templated":true}]}}