{"id":40039,"date":"2024-03-05T15:00:49","date_gmt":"2024-03-05T18:00:49","guid":{"rendered":"https:\/\/radiorevelacionfm.cl\/?p=40039"},"modified":"2024-03-05T15:00:49","modified_gmt":"2024-03-05T18:00:49","slug":"lanzan-nuevo-instrumento-para-fomentar-la-creacion-de-asociaciones-gremiales-y-cooperativas","status":"publish","type":"post","link":"https:\/\/radiorevelacionfm.cl\/?p=40039","title":{"rendered":"Lanzan nuevo instrumento para fomentar la creaci\u00f3n de asociaciones gremiales y cooperativas"},"content":{"rendered":"<div class=\"flex_column av_one_full  flex_column_div av-zero-column-padding first  avia-builder-el-0  el_before_av_one_full  avia-builder-el-first  \" style='border-radius:0px; '><div  class='avia-image-container  av-styling-    avia-builder-el-1  avia-builder-el-no-sibling  avia-align-center '  itemprop=\"image\" itemscope=\"itemscope\" itemtype=\"https:\/\/schema.org\/ImageObject\"  ><div class='avia-image-container-inner'><div class='avia-image-overlay-wrap'><img decoding=\"async\" class='wp-image-40040 avia-img-lazy-loading-not-40040 avia_image' src=\"https:\/\/radiorevelacionfm.cl\/wp-content\/uploads\/2024\/03\/Impulsa-2024-02-28-at-3.58.53-PM-1-1.jpeg\" alt='' title='Impulsa 2024-02-28 at 3.58.53 PM (1) (1)' height=\"600\" width=\"1069\"  itemprop=\"thumbnailUrl\" srcset=\"https:\/\/radiorevelacionfm.cl\/wp-content\/uploads\/2024\/03\/Impulsa-2024-02-28-at-3.58.53-PM-1-1.jpeg 1069w, https:\/\/radiorevelacionfm.cl\/wp-content\/uploads\/2024\/03\/Impulsa-2024-02-28-at-3.58.53-PM-1-1-300x168.jpeg 300w, https:\/\/radiorevelacionfm.cl\/wp-content\/uploads\/2024\/03\/Impulsa-2024-02-28-at-3.58.53-PM-1-1-1030x578.jpeg 1030w, https:\/\/radiorevelacionfm.cl\/wp-content\/uploads\/2024\/03\/Impulsa-2024-02-28-at-3.58.53-PM-1-1-768x431.jpeg 768w, https:\/\/radiorevelacionfm.cl\/wp-content\/uploads\/2024\/03\/Impulsa-2024-02-28-at-3.58.53-PM-1-1-705x396.jpeg 705w, https:\/\/radiorevelacionfm.cl\/wp-content\/uploads\/2024\/03\/Impulsa-2024-02-28-at-3.58.53-PM-1-1-450x253.jpeg 450w, https:\/\/radiorevelacionfm.cl\/wp-content\/uploads\/2024\/03\/Impulsa-2024-02-28-at-3.58.53-PM-1-1-600x337.jpeg 600w\" sizes=\"(max-width: 1069px) 100vw, 1069px\" \/><\/div><\/div><\/div><\/div><div class=\"flex_column av_one_full  flex_column_div av-zero-column-padding first  avia-builder-el-2  el_after_av_one_full  el_before_av_one_full  column-top-margin\" style='border-radius:0px; '><section class=\"av_textblock_section \"  itemscope=\"itemscope\" itemtype=\"https:\/\/schema.org\/BlogPosting\" itemprop=\"blogPost\" ><div class='avia_textblock  '   itemprop=\"text\" ><p style=\"text-align: center;\"><strong><span style=\"font-size: 18pt;\">Lanzan nuevo instrumento para fomentar la creaci\u00f3n de asociaciones gremiales y cooperativas<\/span><\/strong><\/p>\n<div id=\"gtx-trans\" style=\"position: absolute; left: -50px; top: 4.31534px;\">\n<div class=\"gtx-trans-icon\"><\/div>\n<\/div>\n<\/div><\/section><\/div><div class=\"flex_column av_one_full  flex_column_div av-zero-column-padding first  avia-builder-el-4  el_after_av_one_full  el_before_av_hr  column-top-margin\" style='border-radius:0px; '><section class=\"av_textblock_section \"  itemscope=\"itemscope\" itemtype=\"https:\/\/schema.org\/BlogPosting\" itemprop=\"blogPost\" ><div class='avia_textblock  '   itemprop=\"text\" ><p dir=\"ltr\" style=\"text-align: justify;\">Impulsa Asociatividad Ays\u00e9n es el nombre del nuevo instrumento de fomento que dio a conocer el Gobierno Regional de Ays\u00e9n, a trav\u00e9s de la Corporaci\u00f3n CODESSER, con la cual ya se est\u00e1n ejecutando distintas l\u00edneas de apoyo para peque\u00f1as y medianas empresas.<\/p>\n<p dir=\"ltr\" style=\"text-align: justify;\">Seg\u00fan explic\u00f3 la Gobernadora Regional Andrea Mac\u00edas Palma, a trav\u00e9s de estos se ha ido potenciando a las y los emprendedores locales \u00abinstalando una mirada territorial, donde podamos tener una distribuci\u00f3n de recursos que llegue hacia todas las comunas, focalizadas en ciertos sectores productivos\u00bb.<\/p>\n<p dir=\"ltr\" style=\"text-align: justify;\">La primera autoridad regional subray\u00f3 que se han realizado \u00abcl\u00ednicas de gesti\u00f3n empresarial, acompa\u00f1amientos para planes de negocios, financiamiento de activos fijos para poder dar ese impulso que tras la pandemia requer\u00eda la regi\u00f3n de ays\u00e9n y sobre todo la micro, peque\u00f1a y mediana empresa que son aquellas que mueven la econom\u00eda de nuestra regi\u00f3n. El 82% de nuestra regi\u00f3n son micro y peque\u00f1as empresas\u00bb, enfatiz\u00f3.<\/p>\n<p dir=\"ltr\" style=\"text-align: justify;\">El subsidio que entrega esta l\u00ednea consiste en el financiamiento del 100% del plan de inversiones con un tope de hasta 7 millones de pesos para la creaci\u00f3n y\/o fortalecimiento de asociaciones u organizaciones empresariales.<\/p>\n<p dir=\"ltr\" style=\"text-align: justify;\">El gerente regional de CODESSER, Ram\u00f3n Antiman, asegur\u00f3 que se trata de un programa que \u00abno est\u00e1 focalizado solamente en un tipo de organizaci\u00f3n sino que permite tambi\u00e9n el ingreso de asociaciones gremiales, cooperativas y tambi\u00e9n organizaciones funcionales territoriales. Ah\u00ed por ejemplo entran todos los que tienen que ver con los comit\u00e9s productivos\u00bb.<\/p>\n<p dir=\"ltr\" style=\"text-align: justify;\">En esa l\u00ednea, el Consejero Regional, integrante de la comisi\u00f3n de Fomento Productivo, Omar Mu\u00f1oz, valor\u00f3 la necesidad que cubre este tipo de medidas, ya que \u00absabemos que el trabajo empresario individual tiene a veces ciertos obst\u00e1culos de acceso a mercado, a proveedores, a clientes, a tecnolog\u00edas, a nuevos estilos de gesti\u00f3n, en fin, y esto apunta justamente all\u00ed a apoyar el trabajo asociativo de los entes productivos\u00bb.<\/p>\n<p dir=\"ltr\" style=\"text-align: justify;\">La iniciativa ha sido celebrada y valorada en distintos sectores. Es el caso del seremi de Econom\u00eda en la Regi\u00f3n de Ays\u00e9n, Felipe Rojas, quien asegur\u00f3 que esto adem\u00e1s de ser parte de una bater\u00eda completa de apoyo a las micro y peque\u00f1as empresas de la regi\u00f3n, se complementa \u00abcon la pol\u00edtica nacional que tienen los distintos sectores, como SERCOTEC, CORFO, SERNATUR y otros instrumentos que est\u00e1n apoyando al emprendimiento y la actividad econ\u00f3mica y el Gobierno Regional con esto pone el sello m\u00e1s local y eso se agradece y se reconoce\u00bb.<\/p>\n<p dir=\"ltr\" style=\"text-align: justify;\">Impulsa Asociatividad es el \u00faltimo instrumento del programa Impulsa Ays\u00e9n que el Gobierno Regional ejecuta a trav\u00e9s de CODESSER, el que ya ha beneficiado a decenas de emprendimientos como es el caso de Apiaiken Patagonia, productores de miel que fueron beneficiados por esta iniciativa.<\/p>\n<p dir=\"ltr\" style=\"text-align: justify;\">\u00abEl hecho que el Gobierno Regional est\u00e9 apoyando a las microempresas para nosotros es muy bueno porque nos ha costado mucho. A nosotros el invierno nos mat\u00f3 muchas abejitas, entonces necesit\u00e1bamos este impulso para poder seguir funcionando como Apiaiken. Nosotros llevamos 17 a\u00f1os en el rubro pero tuvimos una baja muy grande de abejas y sin este fondo no habr\u00eda sido posible seguir este 2024 funcionando\u00bb, coment\u00f3 la emprendedora Myriam Az\u00f3car de Apiaiken Patagonia.<\/p>\n<p dir=\"ltr\" style=\"text-align: justify;\">Las postulaciones a Impulsa Asociatividad est\u00e1n abiertas desde el 27 de febrero hasta el 18 de marzo. Excluye solamente a beneficiarios del instrumento Fortalece Cooperativas y\/o Cooperativas para Ays\u00e9n, del Programa Fortalece Mipes y considera entre sus criterios de evaluaci\u00f3n a productores de alimentos, emprendedores del rubro turismo, agrupaciones con alcance territorial y con trabajo colaborativo previo.<\/p>\n<p dir=\"ltr\" style=\"text-align: justify;\">Tambi\u00e9n se favorecer\u00e1 que haya una inversi\u00f3n principal destinada a la materializaci\u00f3n de pr\u00e1cticas de sustentabilidad, econom\u00eda circular\u00a0 o acciones orientadas al desarrollo sustentable, la participaci\u00f3n de mujeres, Pueblos Originarios y\/o personas en situaci\u00f3n de discapacidad.<\/p>\n<\/div><\/section><\/div><div  style='height:50px' class='hr hr-invisible   avia-builder-el-6  el_after_av_one_full  el_before_av_social_share '><span class='hr-inner ' ><span class='hr-inner-style'><\/span><\/span><\/div><\/p>\n<div  class='av-social-sharing-box  avia-builder-el-7  el_after_av_hr  el_before_av_hr  '><div class='av-share-box'><h5 class='av-share-link-description av-no-toc '>Compartir esta noticia<\/h5><ul class='av-share-box-list noLightbox'><li class='av-share-link av-social-link-facebook' ><a target=\"_blank\" aria-label=\"Compartir en Facebook\" href='https:\/\/www.facebook.com\/sharer.php?u=https:\/\/radiorevelacionfm.cl\/?p=40039&#038;t=Lanzan%20nuevo%20instrumento%20para%20fomentar%20la%20creaci%C3%B3n%20de%20asociaciones%20gremiales%20y%20cooperativas' aria-hidden='false' data-av_icon='\ue8f3' data-av_iconfont='entypo-fontello' title='' data-avia-related-tooltip='Compartir en Facebook' rel=\"noopener\"><span class='avia_hidden_link_text'>Compartir en Facebook<\/span><\/a><\/li><li class='av-share-link av-social-link-twitter' ><a target=\"_blank\" aria-label=\"Compartir en Twitter\" href='https:\/\/twitter.com\/share?text=Lanzan%20nuevo%20instrumento%20para%20fomentar%20la%20creaci%C3%B3n%20de%20asociaciones%20gremiales%20y%20cooperativas&#038;url=https:\/\/radiorevelacionfm.cl\/?p=40039' aria-hidden='false' data-av_icon='\ue8f1' data-av_iconfont='entypo-fontello' title='' data-avia-related-tooltip='Compartir en Twitter' rel=\"noopener\"><span class='avia_hidden_link_text'>Compartir en Twitter<\/span><\/a><\/li><li class='av-share-link av-social-link-whatsapp' ><a target=\"_blank\" aria-label=\"Compartir en Whatsapp\" href='https:\/\/api.whatsapp.com\/send?text=https:\/\/radiorevelacionfm.cl\/?p=40039' aria-hidden='false' data-av_icon='\uf232' data-av_iconfont='entypo-fontello' title='' data-avia-related-tooltip='Compartir en Whatsapp' rel=\"noopener\"><span class='avia_hidden_link_text'>Compartir en Whatsapp<\/span><\/a><\/li><li class='av-share-link av-social-link-linkedin' ><a target=\"_blank\" aria-label=\"Compartir en LinkedIn\" href='https:\/\/linkedin.com\/shareArticle?mini=true&#038;title=Lanzan%20nuevo%20instrumento%20para%20fomentar%20la%20creaci%C3%B3n%20de%20asociaciones%20gremiales%20y%20cooperativas&#038;url=https:\/\/radiorevelacionfm.cl\/?p=40039' aria-hidden='false' data-av_icon='\ue8fc' data-av_iconfont='entypo-fontello' title='' data-avia-related-tooltip='Compartir en LinkedIn' rel=\"noopener\"><span class='avia_hidden_link_text'>Compartir en LinkedIn<\/span><\/a><\/li><li class='av-share-link av-social-link-mail' ><a  aria-label=\"Compartir por correo\" href='mailto:?subject=Lanzan%20nuevo%20instrumento%20para%20fomentar%20la%20creaci%C3%B3n%20de%20asociaciones%20gremiales%20y%20cooperativas&#038;body=https:\/\/radiorevelacionfm.cl\/?p=40039' aria-hidden='false' data-av_icon='\ue805' data-av_iconfont='entypo-fontello' title='' data-avia-related-tooltip='Compartir por correo'><span class='avia_hidden_link_text'>Compartir por correo<\/span><\/a><\/li><\/ul><\/div><\/div>\n<div  style='height:50px' class='hr hr-invisible   avia-builder-el-8  el_after_av_social_share  el_before_av_comments_list '><span class='hr-inner ' ><span class='hr-inner-style'><\/span><\/span><\/div>\n<div  class='av-buildercomment  av-blog-meta-html-info-disabled av-blog-meta-tag-disabled  '><\/div>\n","protected":false},"excerpt":{"rendered":"","protected":false},"author":1,"featured_media":40040,"comment_status":"open","ping_status":"open","sticky":false,"template":"","format":"standard","meta":{"footnotes":""},"categories":[38],"tags":[],"class_list":["post-40039","post","type-post","status-publish","format-standard","has-post-thumbnail","hentry","category-regional"],"jetpack_featured_media_url":"https:\/\/radiorevelacionfm.cl\/wp-content\/uploads\/2024\/03\/Impulsa-2024-02-28-at-3.58.53-PM-1-1.jpeg","_links":{"self":[{"href":"https:\/\/radiorevelacionfm.cl\/index.php?rest_route=\/wp\/v2\/posts\/40039","targetHints":{"allow":["GET"]}}],"collection":[{"href":"https:\/\/radiorevelacionfm.cl\/index.php?rest_route=\/wp\/v2\/posts"}],"about":[{"href":"https:\/\/radiorevelacionfm.cl\/index.php?rest_route=\/wp\/v2\/types\/post"}],"author":[{"embeddable":true,"href":"https:\/\/radiorevelacionfm.cl\/index.php?rest_route=\/wp\/v2\/users\/1"}],"replies":[{"embeddable":true,"href":"https:\/\/radiorevelacionfm.cl\/index.php?rest_route=%2Fwp%2Fv2%2Fcomments&post=40039"}],"version-history":[{"count":1,"href":"https:\/\/radiorevelacionfm.cl\/index.php?rest_route=\/wp\/v2\/posts\/40039\/revisions"}],"predecessor-version":[{"id":40041,"href":"https:\/\/radiorevelacionfm.cl\/index.php?rest_route=\/wp\/v2\/posts\/40039\/revisions\/40041"}],"wp:featuredmedia":[{"embeddable":true,"href":"https:\/\/radiorevelacionfm.cl\/index.php?rest_route=\/wp\/v2\/media\/40040"}],"wp:attachment":[{"href":"https:\/\/radiorevelacionfm.cl\/index.php?rest_route=%2Fwp%2Fv2%2Fmedia&parent=40039"}],"wp:term":[{"taxonomy":"category","embeddable":true,"href":"https:\/\/radiorevelacionfm.cl\/index.php?rest_route=%2Fwp%2Fv2%2Fcategories&post=40039"},{"taxonomy":"post_tag","embeddable":true,"href":"https:\/\/radiorevelacionfm.cl\/index.php?rest_route=%2Fwp%2Fv2%2Ftags&post=40039"}],"curies":[{"name":"wp","href":"https:\/\/api.w.org\/{rel}","templated":true}]}}