{"id":40036,"date":"2024-03-05T13:10:06","date_gmt":"2024-03-05T16:10:06","guid":{"rendered":"https:\/\/radiorevelacionfm.cl\/?p=40036"},"modified":"2024-03-05T13:10:06","modified_gmt":"2024-03-05T16:10:06","slug":"consejeros-de-aysen-critican-actuar-de-gobernadora-en-presidencia-del-crubc-y-llaman-a-decisiones-fundamentadas-y-dialogo-constructivo","status":"publish","type":"post","link":"https:\/\/radiorevelacionfm.cl\/?p=40036","title":{"rendered":"Consejeros de Ays\u00e9n critican actuar de Gobernadora en presidencia del CRUBC y llaman a decisiones fundamentadas y di\u00e1logo constructivo"},"content":{"rendered":"<div class=\"flex_column av_one_full  flex_column_div av-zero-column-padding first  avia-builder-el-0  el_before_av_one_full  avia-builder-el-first  \" style='border-radius:0px; '><div  class='avia-image-container  av-styling-    avia-builder-el-1  avia-builder-el-no-sibling  avia-align-center '  itemprop=\"image\" itemscope=\"itemscope\" itemtype=\"https:\/\/schema.org\/ImageObject\"  ><div class='avia-image-container-inner'><div class='avia-image-overlay-wrap'><img decoding=\"async\" class='wp-image-40037 avia-img-lazy-loading-not-40037 avia_image' src=\"https:\/\/radiorevelacionfm.cl\/wp-content\/uploads\/2024\/03\/foto-nota-crubc-1_optimized.jpg\" alt='' title='foto-nota-crubc-(1)_optimized' height=\"600\" width=\"1004\"  itemprop=\"thumbnailUrl\" srcset=\"https:\/\/radiorevelacionfm.cl\/wp-content\/uploads\/2024\/03\/foto-nota-crubc-1_optimized.jpg 1004w, https:\/\/radiorevelacionfm.cl\/wp-content\/uploads\/2024\/03\/foto-nota-crubc-1_optimized-300x179.jpg 300w, https:\/\/radiorevelacionfm.cl\/wp-content\/uploads\/2024\/03\/foto-nota-crubc-1_optimized-768x459.jpg 768w, https:\/\/radiorevelacionfm.cl\/wp-content\/uploads\/2024\/03\/foto-nota-crubc-1_optimized-705x421.jpg 705w, https:\/\/radiorevelacionfm.cl\/wp-content\/uploads\/2024\/03\/foto-nota-crubc-1_optimized-450x269.jpg 450w, https:\/\/radiorevelacionfm.cl\/wp-content\/uploads\/2024\/03\/foto-nota-crubc-1_optimized-600x359.jpg 600w\" sizes=\"(max-width: 1004px) 100vw, 1004px\" \/><\/div><\/div><\/div><\/div><div class=\"flex_column av_one_full  flex_column_div av-zero-column-padding first  avia-builder-el-2  el_after_av_one_full  el_before_av_one_full  column-top-margin\" style='border-radius:0px; '><section class=\"av_textblock_section \"  itemscope=\"itemscope\" itemtype=\"https:\/\/schema.org\/BlogPosting\" itemprop=\"blogPost\" ><div class='avia_textblock  '   itemprop=\"text\" ><p style=\"text-align: center;\"><strong><span style=\"font-size: 18pt;\">Consejeros de Ays\u00e9n critican actuar de Gobernadora en presidencia del CRUBC y llaman a decisiones fundamentadas y di\u00e1logo constructivo<\/span><\/strong><\/p>\n<div id=\"gtx-trans\" style=\"position: absolute; left: -50px; top: 4.31534px;\">\n<div class=\"gtx-trans-icon\"><\/div>\n<\/div>\n<\/div><\/section><\/div><div class=\"flex_column av_one_full  flex_column_div av-zero-column-padding first  avia-builder-el-4  el_after_av_one_full  el_before_av_hr  column-top-margin\" style='border-radius:0px; '><section class=\"av_textblock_section \"  itemscope=\"itemscope\" itemtype=\"https:\/\/schema.org\/BlogPosting\" itemprop=\"blogPost\" ><div class='avia_textblock  '   itemprop=\"text\" ><p style=\"text-align: justify;\">Los Consejeros Regionales de Ays\u00e9n expresan preocupaci\u00f3n por el desempe\u00f1o de la Gobernadora Andrea Macias en la presidencia del Comit\u00e9 Regional de Uso de Borde Costero (CRUBC). Destacan la necesidad de que las decisiones est\u00e9n en l\u00ednea con la normativa y se basen en fundamentos t\u00e9cnicos, adem\u00e1s de favorecer un di\u00e1logo constructivo.<\/p>\n<p style=\"text-align: justify;\">En particular, cuestionan la reciente tramitaci\u00f3n de las solicitudes de Espacios Costeros Marinos Pueblos Originarios (ECMPO), que fueron rechazadas por la mayor\u00eda de los integrantes del CRUBC. Los Consejeros subrayan que las votaciones deben estar fundamentadas y no influenciadas por convicciones ideol\u00f3gicas.<\/p>\n<p style=\"text-align: justify;\">Asimismo, se\u00f1alan deficiencias en la conducci\u00f3n del proceso, que generaron polarizaci\u00f3n en la regi\u00f3n. Destacan el compromiso de trabajar en beneficio de la comunidad, promoviendo un enfoque amplio del desarrollo regional y cumpliendo con el mandato ciudadano de fiscalizar las acciones de la gobernadora regional.<\/p>\n<\/div><\/section><\/div><div  style='height:50px' class='hr hr-invisible   avia-builder-el-6  el_after_av_one_full  el_before_av_social_share '><span class='hr-inner ' ><span class='hr-inner-style'><\/span><\/span><\/div><\/p>\n<div  class='av-social-sharing-box  avia-builder-el-7  el_after_av_hr  el_before_av_hr  '><div class='av-share-box'><h5 class='av-share-link-description av-no-toc '>Compartir esta noticia<\/h5><ul class='av-share-box-list noLightbox'><li class='av-share-link av-social-link-facebook' ><a target=\"_blank\" aria-label=\"Compartir en Facebook\" href='https:\/\/www.facebook.com\/sharer.php?u=https:\/\/radiorevelacionfm.cl\/?p=40036&#038;t=Consejeros%20de%20Ays%C3%A9n%20critican%20actuar%20de%20Gobernadora%20en%20presidencia%20del%20CRUBC%20y%20llaman%20a%20decisiones%20fundamentadas%20y%20di%C3%A1logo%20constructivo' aria-hidden='false' data-av_icon='\ue8f3' data-av_iconfont='entypo-fontello' title='' data-avia-related-tooltip='Compartir en Facebook' rel=\"noopener\"><span class='avia_hidden_link_text'>Compartir en Facebook<\/span><\/a><\/li><li class='av-share-link av-social-link-twitter' ><a target=\"_blank\" aria-label=\"Compartir en Twitter\" href='https:\/\/twitter.com\/share?text=Consejeros%20de%20Ays%C3%A9n%20critican%20actuar%20de%20Gobernadora%20en%20presidencia%20del%20CRUBC%20y%20llaman%20a%20decisiones%20fundamentadas%20y%20di%C3%A1logo%20constructivo&#038;url=https:\/\/radiorevelacionfm.cl\/?p=40036' aria-hidden='false' data-av_icon='\ue8f1' data-av_iconfont='entypo-fontello' title='' data-avia-related-tooltip='Compartir en Twitter' rel=\"noopener\"><span class='avia_hidden_link_text'>Compartir en Twitter<\/span><\/a><\/li><li class='av-share-link av-social-link-whatsapp' ><a target=\"_blank\" aria-label=\"Compartir en Whatsapp\" href='https:\/\/api.whatsapp.com\/send?text=https:\/\/radiorevelacionfm.cl\/?p=40036' aria-hidden='false' data-av_icon='\uf232' data-av_iconfont='entypo-fontello' title='' data-avia-related-tooltip='Compartir en Whatsapp' rel=\"noopener\"><span class='avia_hidden_link_text'>Compartir en Whatsapp<\/span><\/a><\/li><li class='av-share-link av-social-link-linkedin' ><a target=\"_blank\" aria-label=\"Compartir en LinkedIn\" href='https:\/\/linkedin.com\/shareArticle?mini=true&#038;title=Consejeros%20de%20Ays%C3%A9n%20critican%20actuar%20de%20Gobernadora%20en%20presidencia%20del%20CRUBC%20y%20llaman%20a%20decisiones%20fundamentadas%20y%20di%C3%A1logo%20constructivo&#038;url=https:\/\/radiorevelacionfm.cl\/?p=40036' aria-hidden='false' data-av_icon='\ue8fc' data-av_iconfont='entypo-fontello' title='' data-avia-related-tooltip='Compartir en LinkedIn' rel=\"noopener\"><span class='avia_hidden_link_text'>Compartir en LinkedIn<\/span><\/a><\/li><li class='av-share-link av-social-link-mail' ><a  aria-label=\"Compartir por correo\" href='mailto:?subject=Consejeros%20de%20Ays%C3%A9n%20critican%20actuar%20de%20Gobernadora%20en%20presidencia%20del%20CRUBC%20y%20llaman%20a%20decisiones%20fundamentadas%20y%20di%C3%A1logo%20constructivo&#038;body=https:\/\/radiorevelacionfm.cl\/?p=40036' aria-hidden='false' data-av_icon='\ue805' data-av_iconfont='entypo-fontello' title='' data-avia-related-tooltip='Compartir por correo'><span class='avia_hidden_link_text'>Compartir por correo<\/span><\/a><\/li><\/ul><\/div><\/div>\n<div  style='height:50px' class='hr hr-invisible   avia-builder-el-8  el_after_av_social_share  el_before_av_comments_list '><span class='hr-inner ' ><span class='hr-inner-style'><\/span><\/span><\/div>\n<div  class='av-buildercomment  av-blog-meta-html-info-disabled av-blog-meta-tag-disabled  '><\/div>\n","protected":false},"excerpt":{"rendered":"","protected":false},"author":1,"featured_media":40037,"comment_status":"open","ping_status":"open","sticky":false,"template":"","format":"standard","meta":{"footnotes":""},"categories":[38],"tags":[],"class_list":["post-40036","post","type-post","status-publish","format-standard","has-post-thumbnail","hentry","category-regional"],"jetpack_featured_media_url":"https:\/\/radiorevelacionfm.cl\/wp-content\/uploads\/2024\/03\/foto-nota-crubc-1_optimized.jpg","_links":{"self":[{"href":"https:\/\/radiorevelacionfm.cl\/index.php?rest_route=\/wp\/v2\/posts\/40036","targetHints":{"allow":["GET"]}}],"collection":[{"href":"https:\/\/radiorevelacionfm.cl\/index.php?rest_route=\/wp\/v2\/posts"}],"about":[{"href":"https:\/\/radiorevelacionfm.cl\/index.php?rest_route=\/wp\/v2\/types\/post"}],"author":[{"embeddable":true,"href":"https:\/\/radiorevelacionfm.cl\/index.php?rest_route=\/wp\/v2\/users\/1"}],"replies":[{"embeddable":true,"href":"https:\/\/radiorevelacionfm.cl\/index.php?rest_route=%2Fwp%2Fv2%2Fcomments&post=40036"}],"version-history":[{"count":1,"href":"https:\/\/radiorevelacionfm.cl\/index.php?rest_route=\/wp\/v2\/posts\/40036\/revisions"}],"predecessor-version":[{"id":40038,"href":"https:\/\/radiorevelacionfm.cl\/index.php?rest_route=\/wp\/v2\/posts\/40036\/revisions\/40038"}],"wp:featuredmedia":[{"embeddable":true,"href":"https:\/\/radiorevelacionfm.cl\/index.php?rest_route=\/wp\/v2\/media\/40037"}],"wp:attachment":[{"href":"https:\/\/radiorevelacionfm.cl\/index.php?rest_route=%2Fwp%2Fv2%2Fmedia&parent=40036"}],"wp:term":[{"taxonomy":"category","embeddable":true,"href":"https:\/\/radiorevelacionfm.cl\/index.php?rest_route=%2Fwp%2Fv2%2Fcategories&post=40036"},{"taxonomy":"post_tag","embeddable":true,"href":"https:\/\/radiorevelacionfm.cl\/index.php?rest_route=%2Fwp%2Fv2%2Ftags&post=40036"}],"curies":[{"name":"wp","href":"https:\/\/api.w.org\/{rel}","templated":true}]}}