{"id":40033,"date":"2024-03-05T09:49:41","date_gmt":"2024-03-05T12:49:41","guid":{"rendered":"https:\/\/radiorevelacionfm.cl\/?p=40033"},"modified":"2024-03-05T09:49:41","modified_gmt":"2024-03-05T12:49:41","slug":"vamos-al-jardin-infantil-junji-inicia-el-ano-parvulario-2024","status":"publish","type":"post","link":"https:\/\/radiorevelacionfm.cl\/?p=40033","title":{"rendered":"\u00a1Vamos al Jard\u00edn Infantil! Junji inicia el a\u00f1o parvulario 2024"},"content":{"rendered":"<div class=\"flex_column av_one_full  flex_column_div av-zero-column-padding first  avia-builder-el-0  el_before_av_one_full  avia-builder-el-first  \" style='border-radius:0px; '><div  class='avia-image-container  av-styling-    avia-builder-el-1  avia-builder-el-no-sibling  avia-align-center '  itemprop=\"image\" itemscope=\"itemscope\" itemtype=\"https:\/\/schema.org\/ImageObject\"  ><div class='avia-image-container-inner'><div class='avia-image-overlay-wrap'><img decoding=\"async\" class='wp-image-40034 avia-img-lazy-loading-not-40034 avia_image' src=\"https:\/\/radiorevelacionfm.cl\/wp-content\/uploads\/2024\/03\/junji-2023-03-23-at-13_optimized.05.36-5-1-1.jpeg\" alt='' title='junji-2023-03-23-at-13_optimized.05.36-(5)-(1) (1)' height=\"740\" width=\"811\"  itemprop=\"thumbnailUrl\" srcset=\"https:\/\/radiorevelacionfm.cl\/wp-content\/uploads\/2024\/03\/junji-2023-03-23-at-13_optimized.05.36-5-1-1.jpeg 811w, https:\/\/radiorevelacionfm.cl\/wp-content\/uploads\/2024\/03\/junji-2023-03-23-at-13_optimized.05.36-5-1-1-300x274.jpeg 300w, https:\/\/radiorevelacionfm.cl\/wp-content\/uploads\/2024\/03\/junji-2023-03-23-at-13_optimized.05.36-5-1-1-768x701.jpeg 768w, https:\/\/radiorevelacionfm.cl\/wp-content\/uploads\/2024\/03\/junji-2023-03-23-at-13_optimized.05.36-5-1-1-705x643.jpeg 705w, https:\/\/radiorevelacionfm.cl\/wp-content\/uploads\/2024\/03\/junji-2023-03-23-at-13_optimized.05.36-5-1-1-450x411.jpeg 450w, https:\/\/radiorevelacionfm.cl\/wp-content\/uploads\/2024\/03\/junji-2023-03-23-at-13_optimized.05.36-5-1-1-600x547.jpeg 600w\" sizes=\"(max-width: 811px) 100vw, 811px\" \/><\/div><\/div><\/div><\/div><div class=\"flex_column av_one_full  flex_column_div av-zero-column-padding first  avia-builder-el-2  el_after_av_one_full  el_before_av_one_full  column-top-margin\" style='border-radius:0px; '><section class=\"av_textblock_section \"  itemscope=\"itemscope\" itemtype=\"https:\/\/schema.org\/BlogPosting\" itemprop=\"blogPost\" ><div class='avia_textblock  '   itemprop=\"text\" ><p style=\"text-align: center;\"><strong><span style=\"font-size: 18pt;\">\u00a1Vamos al Jard\u00edn Infantil! Junji inicia el a\u00f1o parvulario 2024<\/span><\/strong><\/p>\n<div id=\"gtx-trans\" style=\"position: absolute; left: -50px; top: 4.31534px;\">\n<div class=\"gtx-trans-icon\"><\/div>\n<\/div>\n<\/div><\/section><\/div><div class=\"flex_column av_one_full  flex_column_div av-zero-column-padding first  avia-builder-el-4  el_after_av_one_full  el_before_av_hr  column-top-margin\" style='border-radius:0px; '><section class=\"av_textblock_section \"  itemscope=\"itemscope\" itemtype=\"https:\/\/schema.org\/BlogPosting\" itemprop=\"blogPost\" ><div class='avia_textblock  '   itemprop=\"text\" ><p><em>El 5 de marzo ingresan las ni\u00f1as y ni\u00f1os que por primera vez asistir\u00e1n al jard\u00edn infantil y sala cuna, excepto la regi\u00f3n de La Araucan\u00eda, donde comienzan sus actividades el mi\u00e9rcoles 6. En tanto, el resto de los ni\u00f1os y ni\u00f1as ingresan el jueves 7 de marzo.<\/em><\/p>\n<p style=\"text-align: justify;\">Los jardines infantiles y salas cuna del pa\u00eds alistan todo lo necesario para dar la bienvenida al ciclo educativo de 2024. Para ello, y de forma anticipada, la Junta Nacional de Jardines Infantiles, JUNJI, se despleg\u00f3 a lo largo del territorio nacional para disponer todo lo necesario para el ingreso de ni\u00f1as y ni\u00f1os.<\/p>\n<p style=\"text-align: justify;\">En esa l\u00ednea, la vicepresidenta ejecutiva de JUNJI, Daniela Trivi\u00f1o, destac\u00f3 que como instituci\u00f3n desarrollaron la campa\u00f1a \u201cJUNJI se prepara\u201d, lo que <em>\u201cnos permiti\u00f3 mantener una comunicaci\u00f3n directa y coordinada con las unidades educativas, permiti\u00e9ndonos recoger sus principales necesidades y as\u00ed disponer de lo requerido\u201d.<\/em><\/p>\n<p style=\"text-align: justify;\">De esta forma, se visitaron las bodegas regionales, se gestion\u00f3 la entrega de nuevo mobiliario educativo, se realizaron visitas a terreno y se apoy\u00f3 de manera t\u00e9cnico-pedag\u00f3gica el retorno de los equipos educativos al aula.<\/p>\n<p style=\"text-align: justify;\">Este nuevo ciclo educativo tambi\u00e9n ha implicado un despliegue mancomunado entre instituciones. <em>\u201cSe ha<\/em> <em>desarrollado un trabajo articulado con la subsecretar\u00eda de Educaci\u00f3n Parvularia e instituciones del nivel para que sea un inicio de a\u00f1o parvulario exitoso, resguardando el Derecho a la Educaci\u00f3n que tienen ni\u00f1as y ni\u00f1os. Invito a todas las familias a comprometerse con una asistencia permanente al jard\u00edn infantil y sala cuna\u201d, <\/em>subray\u00f3 la autoridad de JUNJI<em>, <\/em>quien agreg\u00f3 que bajo el slogan #VamosalJard\u00edn buscan remarcar el impacto que tiene la educaci\u00f3n parvularia en la trayectoria de vida de ni\u00f1as y ni\u00f1os.<\/p>\n<p style=\"text-align: justify;\">Por su parte el director regional de Junji, Juan Eduardo Lorca Valdivia, manifest\u00f3 la importancia que tiene para el equipo en su conjunto que p\u00e1rvulos\/as retornen a los jardines infantiles: \u201cEn la direcci\u00f3n regional de Junji Ays\u00e9n queremos dar la bienvenida a ni\u00f1os y ni\u00f1as que se incorporan en este nuevo inicio del a\u00f1o parvulario. Para esto nos hemos estado preparando durante enero y febrero juntos a los equipos educativos, disponiendo todo lo necesario para poder asegurar aprendizajes de calidad y bienestar integral. Es sumamente importante que lleven a nuestros ni\u00f1os y ni\u00f1as al jard\u00edn, y que participen activamente de las experiencias pedag\u00f3gicas, la asistencia es fundamental. Este a\u00f1o todos volvemos al jard\u00edn\u201d<\/p>\n<p style=\"text-align: justify;\"><strong>\u00bfPor qu\u00e9 es importante asistir al jard\u00edn infantil?<\/strong><\/p>\n<p style=\"text-align: justify;\">Diversos estudios respaldan la importancia de la educaci\u00f3n inicial, ya que durante los primeros a\u00f1os de vida se produce la mayor cantidad de conexiones neuronales, por lo que los aprendizajes y vivencias en esta etapa son claves para el presente y el futuro. Adem\u00e1s, una asistencia permanente al jard\u00edn infantil y sala cuna es clave porque:<\/p>\n<ul style=\"text-align: justify;\">\n<li>Es el primer espacio de socializaci\u00f3n despu\u00e9s de su n\u00facleo m\u00e1s cercano.<\/li>\n<li>Ni\u00f1as y ni\u00f1os se vinculan con su entorno, interact\u00faan con sus pares, se expresan y comunican.<\/li>\n<li>Desarrollan la creatividad, la imaginaci\u00f3n y aprenden a trav\u00e9s del juego libre en compa\u00f1\u00eda de equipos educativos preparados.<\/li>\n<li>El jard\u00edn infantil es un lugar donde se resguardan y promueven los derechos de ni\u00f1os y ni\u00f1as, como a la educaci\u00f3n y participaci\u00f3n en ambientes pertinentes y bientratantes.<\/li>\n<li>Les permite adquirir herramientas socioemocionales claves para fortalecer su identidad y autonom\u00eda necesarias para el ejercicio de su ciudadan\u00eda.<\/li>\n<\/ul>\n<p style=\"text-align: justify;\"><strong>\u00bfC\u00f3mo preparar el ingreso al Jard\u00edn y Sala Cuna? <\/strong><\/p>\n<p style=\"text-align: justify;\"><strong>\u00a0<\/strong>Para apoyar el ingreso de ni\u00f1as y ni\u00f1os al aula, la JUNJI prepar\u00f3 algunas recomendaciones para el proceso de familiarizaci\u00f3n.<\/p>\n<ul style=\"text-align: justify;\">\n<li><strong>Ajusten los horarios:<\/strong> al finalizar las vacaciones, es importante que en el hogar se retomen las instancias y horarios de descanso y alimentaci\u00f3n.<\/li>\n<li><strong>Transm\u00edteles tranquilidad:<\/strong> br\u00edndale seguridad y tranquilidad, conversen sobre esta etapa de familiarizaci\u00f3n, acoge sus inquietudes, escucha sus sentimientos, comp\u00e1rtele tus experiencias. Cada ni\u00f1o y ni\u00f1a tiene su propio ritmo.<\/li>\n<li><strong>La comunicaci\u00f3n es clave: <\/strong>es muy importante la comunicaci\u00f3n entre las familias y los equipos educativos. Cu\u00e9ntales sobre los intereses, caracter\u00edsticas, preferencias y juegos favoritos de ni\u00f1os y ni\u00f1as.<\/li>\n<li><strong>La importancia de la lactancia materna:<\/strong> recuerda que en los jardines infantiles de JUNJI se promueve la lactancia materna, por lo que si estas amamantando, comun\u00edcale al equipo del jard\u00edn infantil, quienes te entregar\u00e1n apoyo y orientaciones en beneficio de la lactancia de tu hijo o hija.<\/li>\n<li style=\"text-align: justify;\"><strong>Control de esf\u00ednter:<\/strong> no es requisito de ingreso a salas cunas o jardines infantiles de JUNJI el que ni\u00f1os y ni\u00f1as controlen esf\u00ednter; cada cual tiene sus propios tiempos de desarrollo y maduraci\u00f3n.<\/li>\n<\/ul>\n<\/div><\/section><\/div><div  style='height:50px' class='hr hr-invisible   avia-builder-el-6  el_after_av_one_full  el_before_av_social_share '><span class='hr-inner ' ><span class='hr-inner-style'><\/span><\/span><\/div><\/p>\n<div  class='av-social-sharing-box  avia-builder-el-7  el_after_av_hr  el_before_av_hr  '><div class='av-share-box'><h5 class='av-share-link-description av-no-toc '>Compartir esta noticia<\/h5><ul class='av-share-box-list noLightbox'><li class='av-share-link av-social-link-facebook' ><a target=\"_blank\" aria-label=\"Compartir en Facebook\" href='https:\/\/www.facebook.com\/sharer.php?u=https:\/\/radiorevelacionfm.cl\/?p=40033&#038;t=%C2%A1Vamos%20al%20Jard%C3%ADn%20Infantil%21%20Junji%20inicia%20el%20a%C3%B1o%20parvulario%202024' aria-hidden='false' data-av_icon='\ue8f3' data-av_iconfont='entypo-fontello' title='' data-avia-related-tooltip='Compartir en Facebook' rel=\"noopener\"><span class='avia_hidden_link_text'>Compartir en Facebook<\/span><\/a><\/li><li class='av-share-link av-social-link-twitter' ><a target=\"_blank\" aria-label=\"Compartir en Twitter\" href='https:\/\/twitter.com\/share?text=%C2%A1Vamos%20al%20Jard%C3%ADn%20Infantil%21%20Junji%20inicia%20el%20a%C3%B1o%20parvulario%202024&#038;url=https:\/\/radiorevelacionfm.cl\/?p=40033' aria-hidden='false' data-av_icon='\ue8f1' data-av_iconfont='entypo-fontello' title='' data-avia-related-tooltip='Compartir en Twitter' rel=\"noopener\"><span class='avia_hidden_link_text'>Compartir en Twitter<\/span><\/a><\/li><li class='av-share-link av-social-link-whatsapp' ><a target=\"_blank\" aria-label=\"Compartir en Whatsapp\" href='https:\/\/api.whatsapp.com\/send?text=https:\/\/radiorevelacionfm.cl\/?p=40033' aria-hidden='false' data-av_icon='\uf232' data-av_iconfont='entypo-fontello' title='' data-avia-related-tooltip='Compartir en Whatsapp' rel=\"noopener\"><span class='avia_hidden_link_text'>Compartir en Whatsapp<\/span><\/a><\/li><li class='av-share-link av-social-link-linkedin' ><a target=\"_blank\" aria-label=\"Compartir en LinkedIn\" href='https:\/\/linkedin.com\/shareArticle?mini=true&#038;title=%C2%A1Vamos%20al%20Jard%C3%ADn%20Infantil%21%20Junji%20inicia%20el%20a%C3%B1o%20parvulario%202024&#038;url=https:\/\/radiorevelacionfm.cl\/?p=40033' aria-hidden='false' data-av_icon='\ue8fc' data-av_iconfont='entypo-fontello' title='' data-avia-related-tooltip='Compartir en LinkedIn' rel=\"noopener\"><span class='avia_hidden_link_text'>Compartir en LinkedIn<\/span><\/a><\/li><li class='av-share-link av-social-link-mail' ><a  aria-label=\"Compartir por correo\" href='mailto:?subject=%C2%A1Vamos%20al%20Jard%C3%ADn%20Infantil%21%20Junji%20inicia%20el%20a%C3%B1o%20parvulario%202024&#038;body=https:\/\/radiorevelacionfm.cl\/?p=40033' aria-hidden='false' data-av_icon='\ue805' data-av_iconfont='entypo-fontello' title='' data-avia-related-tooltip='Compartir por correo'><span class='avia_hidden_link_text'>Compartir por correo<\/span><\/a><\/li><\/ul><\/div><\/div>\n<div  style='height:50px' class='hr hr-invisible   avia-builder-el-8  el_after_av_social_share  el_before_av_comments_list '><span class='hr-inner ' ><span class='hr-inner-style'><\/span><\/span><\/div>\n<div  class='av-buildercomment  av-blog-meta-html-info-disabled av-blog-meta-tag-disabled  '><\/div>\n","protected":false},"excerpt":{"rendered":"","protected":false},"author":1,"featured_media":40034,"comment_status":"open","ping_status":"open","sticky":false,"template":"","format":"standard","meta":{"footnotes":""},"categories":[49],"tags":[],"class_list":["post-40033","post","type-post","status-publish","format-standard","has-post-thumbnail","hentry","category-educacion"],"jetpack_featured_media_url":"https:\/\/radiorevelacionfm.cl\/wp-content\/uploads\/2024\/03\/junji-2023-03-23-at-13_optimized.05.36-5-1-1.jpeg","_links":{"self":[{"href":"https:\/\/radiorevelacionfm.cl\/index.php?rest_route=\/wp\/v2\/posts\/40033","targetHints":{"allow":["GET"]}}],"collection":[{"href":"https:\/\/radiorevelacionfm.cl\/index.php?rest_route=\/wp\/v2\/posts"}],"about":[{"href":"https:\/\/radiorevelacionfm.cl\/index.php?rest_route=\/wp\/v2\/types\/post"}],"author":[{"embeddable":true,"href":"https:\/\/radiorevelacionfm.cl\/index.php?rest_route=\/wp\/v2\/users\/1"}],"replies":[{"embeddable":true,"href":"https:\/\/radiorevelacionfm.cl\/index.php?rest_route=%2Fwp%2Fv2%2Fcomments&post=40033"}],"version-history":[{"count":1,"href":"https:\/\/radiorevelacionfm.cl\/index.php?rest_route=\/wp\/v2\/posts\/40033\/revisions"}],"predecessor-version":[{"id":40035,"href":"https:\/\/radiorevelacionfm.cl\/index.php?rest_route=\/wp\/v2\/posts\/40033\/revisions\/40035"}],"wp:featuredmedia":[{"embeddable":true,"href":"https:\/\/radiorevelacionfm.cl\/index.php?rest_route=\/wp\/v2\/media\/40034"}],"wp:attachment":[{"href":"https:\/\/radiorevelacionfm.cl\/index.php?rest_route=%2Fwp%2Fv2%2Fmedia&parent=40033"}],"wp:term":[{"taxonomy":"category","embeddable":true,"href":"https:\/\/radiorevelacionfm.cl\/index.php?rest_route=%2Fwp%2Fv2%2Fcategories&post=40033"},{"taxonomy":"post_tag","embeddable":true,"href":"https:\/\/radiorevelacionfm.cl\/index.php?rest_route=%2Fwp%2Fv2%2Ftags&post=40033"}],"curies":[{"name":"wp","href":"https:\/\/api.w.org\/{rel}","templated":true}]}}