{"id":40030,"date":"2024-03-05T16:12:06","date_gmt":"2024-03-05T19:12:06","guid":{"rendered":"https:\/\/radiorevelacionfm.cl\/?p=40030"},"modified":"2024-03-05T16:12:06","modified_gmt":"2024-03-05T19:12:06","slug":"humus-y-acciones-ambientales-de-empresas-bahamonde-destacaron-en-feria-expo-mes-de-la-mujer-en-aysen","status":"publish","type":"post","link":"https:\/\/radiorevelacionfm.cl\/?p=40030","title":{"rendered":"Humus y acciones ambientales de Empresas Bahamonde destacaron en Feria Expo Mes de la Mujer en Ays\u00e9n"},"content":{"rendered":"<div class=\"flex_column av_one_full  flex_column_div av-zero-column-padding first  avia-builder-el-0  el_before_av_one_full  avia-builder-el-first  \" style='border-radius:0px; '><div  class='avia-image-container  av-styling-    avia-builder-el-1  avia-builder-el-no-sibling  avia-align-center '  itemprop=\"image\" itemscope=\"itemscope\" itemtype=\"https:\/\/schema.org\/ImageObject\"  ><div class='avia-image-container-inner'><div class='avia-image-overlay-wrap'><img decoding=\"async\" class='wp-image-40031 avia-img-lazy-loading-not-40031 avia_image' src=\"https:\/\/radiorevelacionfm.cl\/wp-content\/uploads\/2024\/03\/img-expomesmuj-bahamonde2-1-1.jpeg\" alt='' title='img-expomesmuj-bahamonde2 (1) (1)' height=\"600\" width=\"800\"  itemprop=\"thumbnailUrl\" srcset=\"https:\/\/radiorevelacionfm.cl\/wp-content\/uploads\/2024\/03\/img-expomesmuj-bahamonde2-1-1.jpeg 800w, https:\/\/radiorevelacionfm.cl\/wp-content\/uploads\/2024\/03\/img-expomesmuj-bahamonde2-1-1-300x225.jpeg 300w, https:\/\/radiorevelacionfm.cl\/wp-content\/uploads\/2024\/03\/img-expomesmuj-bahamonde2-1-1-768x576.jpeg 768w, https:\/\/radiorevelacionfm.cl\/wp-content\/uploads\/2024\/03\/img-expomesmuj-bahamonde2-1-1-705x529.jpeg 705w, https:\/\/radiorevelacionfm.cl\/wp-content\/uploads\/2024\/03\/img-expomesmuj-bahamonde2-1-1-450x338.jpeg 450w, https:\/\/radiorevelacionfm.cl\/wp-content\/uploads\/2024\/03\/img-expomesmuj-bahamonde2-1-1-600x450.jpeg 600w\" sizes=\"(max-width: 800px) 100vw, 800px\" \/><\/div><\/div><\/div><\/div><div class=\"flex_column av_one_full  flex_column_div av-zero-column-padding first  avia-builder-el-2  el_after_av_one_full  el_before_av_one_full  column-top-margin\" style='border-radius:0px; '><section class=\"av_textblock_section \"  itemscope=\"itemscope\" itemtype=\"https:\/\/schema.org\/BlogPosting\" itemprop=\"blogPost\" ><div class='avia_textblock  '   itemprop=\"text\" ><p style=\"text-align: center;\"><strong><span style=\"font-size: 18pt;\">Humus y acciones ambientales de Empresas Bahamonde destacaron en Feria Expo Mes de la Mujer en Ays\u00e9n<\/span><\/strong><\/p>\n<div id=\"gtx-trans\" style=\"position: absolute; left: -50px; top: 4.31534px;\">\n<div class=\"gtx-trans-icon\"><\/div>\n<\/div>\n<\/div><\/section><\/div><div class=\"flex_column av_one_full  flex_column_div av-zero-column-padding first  avia-builder-el-4  el_after_av_one_full  el_before_av_hr  column-top-margin\" style='border-radius:0px; '><section class=\"av_textblock_section \"  itemscope=\"itemscope\" itemtype=\"https:\/\/schema.org\/BlogPosting\" itemprop=\"blogPost\" ><div class='avia_textblock  '   itemprop=\"text\" ><p style=\"text-align: justify;\">Con plantas ornamentales, Humus y elementos informativos, Empresas Bahamonde particip\u00f3 de la Feria Expo Mes de la Mujer organizada por el Centro de Negocios de Sercotec en Puerto Ays\u00e9n. En el encuentro, la empresa aysenina abord\u00f3 con los asistentes los m\u00faltiples trabajos que se encuentra desarrollando con cuidado ambiental. Desde el vermicompostaje a gran escala que permite generar el fertilizante natural y depurar l\u00edquidos percolados en el Relleno Sanitario hasta el Reciclaje Industrial, enfocado en el mundo acu\u00edcola que busca preservar \u201clas costas m\u00e1s lindas de Chile\u201d desde la comuna porte\u00f1a.<\/p>\n<p style=\"text-align: justify;\">Al respecto, la encargada de Vinculaci\u00f3n con el Medio, B\u00e1rbara Weisser Rivera, agradeci\u00f3 el espacio otorgado por el Centro de Negocios y destac\u00f3 parte de las acciones efectuadas en la instancia \u201chablamos del Humus, su proporcionalidad. Informamos tambi\u00e9n de la campa\u00f1a que tenemos con las tapitas de pl\u00e1stico y realizamos un foro panel con Javiera Barrientos, que es la Bioqu\u00edmica de Empresas Bahamonde donde estuvimos hablando y explicando sobre diversos procesos que buscan contribuir con el medio ambiente\u201d.<\/p>\n<p style=\"text-align: justify;\">Por su parte, Javiera Barrientos Oyarz\u00fan, Bioqu\u00edmica de la empresa aysenina indic\u00f3 que \u201cpudimos hablar sobre todo lo que hemos realizado y lo que hemos logrado tambi\u00e9n dar informaci\u00f3n sobre nuestros futuros proyectos. El recibimiento de los vecinos fue muy bueno, est\u00e1n s\u00faper interesados y tambi\u00e9n est\u00e1n todos, por supuesto, muy invitados a visitar la Empresa, ya sea el Relleno Sanitario y las otras dependencias\u201d.<\/p>\n<p style=\"text-align: justify;\">Finalmente, Alicia Rivera, emprendedora local conocida por su tienda \u201cEl Rinconcito m\u00e1s Suculento\u201d (en alusi\u00f3n a las Plantas que provee), agradeci\u00f3 la permanente colaboraci\u00f3n de Empresas Bahamonde y relat\u00f3 que \u201cen varias ocasiones \u00a0he sido beneficiaria con el Humus y \u00a0se puede ver en la producci\u00f3n de mis plantas, porque a principios de temporada nos regalaron harto humus para varias emprendedoras que trabajamos en la tierra y feliz, muy contenta y agradecida\u201d, sentenci\u00f3 la emprendedora aysenina.<\/p>\n<\/div><\/section><\/div><div  style='height:50px' class='hr hr-invisible   avia-builder-el-6  el_after_av_one_full  el_before_av_social_share '><span class='hr-inner ' ><span class='hr-inner-style'><\/span><\/span><\/div><\/p>\n<div  class='av-social-sharing-box  avia-builder-el-7  el_after_av_hr  el_before_av_hr  '><div class='av-share-box'><h5 class='av-share-link-description av-no-toc '>Compartir esta noticia<\/h5><ul class='av-share-box-list noLightbox'><li class='av-share-link av-social-link-facebook' ><a target=\"_blank\" aria-label=\"Compartir en Facebook\" href='https:\/\/www.facebook.com\/sharer.php?u=https:\/\/radiorevelacionfm.cl\/?p=40030&#038;t=Humus%20y%20acciones%20ambientales%20de%20Empresas%20Bahamonde%20destacaron%20en%20Feria%20Expo%20Mes%20de%20la%20Mujer%20en%20Ays%C3%A9n' aria-hidden='false' data-av_icon='\ue8f3' data-av_iconfont='entypo-fontello' title='' data-avia-related-tooltip='Compartir en Facebook' rel=\"noopener\"><span class='avia_hidden_link_text'>Compartir en Facebook<\/span><\/a><\/li><li class='av-share-link av-social-link-twitter' ><a target=\"_blank\" aria-label=\"Compartir en Twitter\" href='https:\/\/twitter.com\/share?text=Humus%20y%20acciones%20ambientales%20de%20Empresas%20Bahamonde%20destacaron%20en%20Feria%20Expo%20Mes%20de%20la%20Mujer%20en%20Ays%C3%A9n&#038;url=https:\/\/radiorevelacionfm.cl\/?p=40030' aria-hidden='false' data-av_icon='\ue8f1' data-av_iconfont='entypo-fontello' title='' data-avia-related-tooltip='Compartir en Twitter' rel=\"noopener\"><span class='avia_hidden_link_text'>Compartir en Twitter<\/span><\/a><\/li><li class='av-share-link av-social-link-whatsapp' ><a target=\"_blank\" aria-label=\"Compartir en Whatsapp\" href='https:\/\/api.whatsapp.com\/send?text=https:\/\/radiorevelacionfm.cl\/?p=40030' aria-hidden='false' data-av_icon='\uf232' data-av_iconfont='entypo-fontello' title='' data-avia-related-tooltip='Compartir en Whatsapp' rel=\"noopener\"><span class='avia_hidden_link_text'>Compartir en Whatsapp<\/span><\/a><\/li><li class='av-share-link av-social-link-linkedin' ><a target=\"_blank\" aria-label=\"Compartir en LinkedIn\" href='https:\/\/linkedin.com\/shareArticle?mini=true&#038;title=Humus%20y%20acciones%20ambientales%20de%20Empresas%20Bahamonde%20destacaron%20en%20Feria%20Expo%20Mes%20de%20la%20Mujer%20en%20Ays%C3%A9n&#038;url=https:\/\/radiorevelacionfm.cl\/?p=40030' aria-hidden='false' data-av_icon='\ue8fc' data-av_iconfont='entypo-fontello' title='' data-avia-related-tooltip='Compartir en LinkedIn' rel=\"noopener\"><span class='avia_hidden_link_text'>Compartir en LinkedIn<\/span><\/a><\/li><li class='av-share-link av-social-link-mail' ><a  aria-label=\"Compartir por correo\" href='mailto:?subject=Humus%20y%20acciones%20ambientales%20de%20Empresas%20Bahamonde%20destacaron%20en%20Feria%20Expo%20Mes%20de%20la%20Mujer%20en%20Ays%C3%A9n&#038;body=https:\/\/radiorevelacionfm.cl\/?p=40030' aria-hidden='false' data-av_icon='\ue805' data-av_iconfont='entypo-fontello' title='' data-avia-related-tooltip='Compartir por correo'><span class='avia_hidden_link_text'>Compartir por correo<\/span><\/a><\/li><\/ul><\/div><\/div>\n<div  style='height:50px' class='hr hr-invisible   avia-builder-el-8  el_after_av_social_share  el_before_av_comments_list '><span class='hr-inner ' ><span class='hr-inner-style'><\/span><\/span><\/div>\n<div  class='av-buildercomment  av-blog-meta-html-info-disabled av-blog-meta-tag-disabled  '><\/div>\n","protected":false},"excerpt":{"rendered":"","protected":false},"author":1,"featured_media":40031,"comment_status":"open","ping_status":"open","sticky":false,"template":"","format":"standard","meta":{"footnotes":""},"categories":[38],"tags":[],"class_list":["post-40030","post","type-post","status-publish","format-standard","has-post-thumbnail","hentry","category-regional"],"jetpack_featured_media_url":"https:\/\/radiorevelacionfm.cl\/wp-content\/uploads\/2024\/03\/img-expomesmuj-bahamonde2-1-1.jpeg","_links":{"self":[{"href":"https:\/\/radiorevelacionfm.cl\/index.php?rest_route=\/wp\/v2\/posts\/40030","targetHints":{"allow":["GET"]}}],"collection":[{"href":"https:\/\/radiorevelacionfm.cl\/index.php?rest_route=\/wp\/v2\/posts"}],"about":[{"href":"https:\/\/radiorevelacionfm.cl\/index.php?rest_route=\/wp\/v2\/types\/post"}],"author":[{"embeddable":true,"href":"https:\/\/radiorevelacionfm.cl\/index.php?rest_route=\/wp\/v2\/users\/1"}],"replies":[{"embeddable":true,"href":"https:\/\/radiorevelacionfm.cl\/index.php?rest_route=%2Fwp%2Fv2%2Fcomments&post=40030"}],"version-history":[{"count":1,"href":"https:\/\/radiorevelacionfm.cl\/index.php?rest_route=\/wp\/v2\/posts\/40030\/revisions"}],"predecessor-version":[{"id":40032,"href":"https:\/\/radiorevelacionfm.cl\/index.php?rest_route=\/wp\/v2\/posts\/40030\/revisions\/40032"}],"wp:featuredmedia":[{"embeddable":true,"href":"https:\/\/radiorevelacionfm.cl\/index.php?rest_route=\/wp\/v2\/media\/40031"}],"wp:attachment":[{"href":"https:\/\/radiorevelacionfm.cl\/index.php?rest_route=%2Fwp%2Fv2%2Fmedia&parent=40030"}],"wp:term":[{"taxonomy":"category","embeddable":true,"href":"https:\/\/radiorevelacionfm.cl\/index.php?rest_route=%2Fwp%2Fv2%2Fcategories&post=40030"},{"taxonomy":"post_tag","embeddable":true,"href":"https:\/\/radiorevelacionfm.cl\/index.php?rest_route=%2Fwp%2Fv2%2Ftags&post=40030"}],"curies":[{"name":"wp","href":"https:\/\/api.w.org\/{rel}","templated":true}]}}