{"id":4003,"date":"2021-05-10T23:10:35","date_gmt":"2021-05-11T02:10:35","guid":{"rendered":"https:\/\/radiorevelacionfm.cl\/?p=4003"},"modified":"2021-05-10T23:10:35","modified_gmt":"2021-05-11T02:10:35","slug":"sandoval-y-elecciones-de-constituyentes-este-fin-de-semana-no-es-cualquier-decision-la-que-se-va-a-tomar","status":"publish","type":"post","link":"https:\/\/radiorevelacionfm.cl\/?p=4003","title":{"rendered":"Sandoval y elecciones de constituyentes este fin de semana \u201cNo es cualquier decisi\u00f3n la que se va a tomar\u201d"},"content":{"rendered":"<div class=\"flex_column av_one_full  flex_column_div av-zero-column-padding first  avia-builder-el-0  el_before_av_one_full  avia-builder-el-first  \" style='border-radius:0px; '><div  class='avia-image-container  av-styling-    avia-builder-el-1  avia-builder-el-no-sibling  avia-align-center '  itemprop=\"image\" itemscope=\"itemscope\" itemtype=\"https:\/\/schema.org\/ImageObject\"  ><div class='avia-image-container-inner'><div class='avia-image-overlay-wrap'><img decoding=\"async\" class='wp-image-4004 avia-img-lazy-loading-not-4004 avia_image' src=\"https:\/\/radiorevelacionfm.cl\/wp-content\/uploads\/2021\/05\/sandoval_senador-1.jpg\" alt='' title='sandoval_senador (1)' height=\"665\" width=\"1000\"  itemprop=\"thumbnailUrl\" srcset=\"https:\/\/radiorevelacionfm.cl\/wp-content\/uploads\/2021\/05\/sandoval_senador-1.jpg 1000w, https:\/\/radiorevelacionfm.cl\/wp-content\/uploads\/2021\/05\/sandoval_senador-1-300x200.jpg 300w, https:\/\/radiorevelacionfm.cl\/wp-content\/uploads\/2021\/05\/sandoval_senador-1-768x511.jpg 768w, https:\/\/radiorevelacionfm.cl\/wp-content\/uploads\/2021\/05\/sandoval_senador-1-705x469.jpg 705w, https:\/\/radiorevelacionfm.cl\/wp-content\/uploads\/2021\/05\/sandoval_senador-1-600x399.jpg 600w\" sizes=\"(max-width: 1000px) 100vw, 1000px\" \/><\/div><\/div><\/div><\/div><div class=\"flex_column av_one_full  flex_column_div av-zero-column-padding first  avia-builder-el-2  el_after_av_one_full  el_before_av_one_full  column-top-margin\" style='border-radius:0px; '><section class=\"av_textblock_section \"  itemscope=\"itemscope\" itemtype=\"https:\/\/schema.org\/BlogPosting\" itemprop=\"blogPost\" ><div class='avia_textblock  '   itemprop=\"text\" ><p style=\"text-align: center;\"><strong><span style=\"font-size: 18pt;\">Sandoval y elecciones de constituyentes este fin de semana \u201cNo es cualquier decisi\u00f3n la que se va a tomar\u201d<\/span><\/strong><\/p>\n<div id=\"gtx-trans\" style=\"position: absolute; left: -50px; top: 4.31534px;\">\n<div class=\"gtx-trans-icon\"><\/div>\n<\/div>\n<\/div><\/section><\/div><div class=\"flex_column av_one_full  flex_column_div av-zero-column-padding first  avia-builder-el-4  el_after_av_one_full  el_before_av_hr  column-top-margin\" style='border-radius:0px; '><section class=\"av_textblock_section \"  itemscope=\"itemscope\" itemtype=\"https:\/\/schema.org\/BlogPosting\" itemprop=\"blogPost\" ><div class='avia_textblock  '   itemprop=\"text\" ><p style=\"text-align: justify;\">El parlamentario se\u00f1al\u00f3 tambi\u00e9n que la nueva constituci\u00f3n \u201cprobablemente nos va a regir por los pr\u00f3ximos cincuenta a\u00f1os y va a definir el destino de nosotros como ciudadanos en nuestro pa\u00eds\u201d.<\/p>\n<p style=\"text-align: justify;\">\u201cNo es cualquier elecci\u00f3n la de constituyentes, no es cualquier decisi\u00f3n la que se va a tomar\u201d. As\u00ed lo se\u00f1al\u00f3 el senador David Sandoval, al referirse a la trascendencia de la elecci\u00f3n de convencionales constituyentes este fin de semana, proceso en el que tambi\u00e9n se elegir\u00e1n alcaldes, concejales y Gobernador Regional.<\/p>\n<p style=\"text-align: justify;\">Al respecto, el parlamentario relev\u00f3 la importancia del proceso, esperando la participaci\u00f3n de la comunidad en los comicios de este s\u00e1bado y domingo. \u201cEs s\u00faper importante saber a qui\u00e9n se va a elegir (para su redacci\u00f3n), porque en definitiva, esa Constituci\u00f3n es lo que va a definir cu\u00e1l es la visi\u00f3n que tenemos como sociedad en temas fundamentales como la vida, la propiedad, el emprendimiento, c\u00f3mo se organiza el pa\u00eds en materia institucional\u201d, indic\u00f3.<\/p>\n<p style=\"text-align: justify;\">En esa l\u00ednea, el parlamentario recalc\u00f3 que la nueva Carta Magna que se escribir\u00e1 \u201ces un rayado de cancha muy relevante\u201d, insistiendo en que los constituyentes electos \u201cson los que llevar\u00e1n la voz de la comunidad\u201d en este proceso.<\/p>\n<p style=\"text-align: justify;\">Eso s\u00ed, Sandoval subray\u00f3 que \u201ctal como lo dijimos una vez, la Constituci\u00f3n no va a resolver los problemas de las pensiones, de la vivienda ni los problemas de la salud\u201d, pero s\u00ed marcar\u00e1 el camino para que la gente \u201cpueda acceder a estos principios b\u00e1sicos que significan una salud digna, una educaci\u00f3n de calidad y el que una persona que vive en Coyhaique, en O\u00b4Higgins, o en cualquier rinc\u00f3n de la regi\u00f3n, pueda acceder a los niveles b\u00e1sicos de calidad de vida\u201d.<\/p>\n<p style=\"text-align: justify;\">Al mismo tiempo, cuestion\u00f3 el que \u201calgunos creen que hay que hacer todo de nuevo, admirando incluso sistemas fracasados. Pensemos lo que est\u00e1 pasando en Venezuela\u201d, por lo cual enfatiz\u00f3 que \u201caqu\u00ed es donde tenemos que entender qu\u00e9 tipo de sociedad queremos construir, qu\u00e9 tipo de Gobierno, qu\u00e9 tipo de sistema queremos instalar\u201d, se\u00f1alando que \u201cyo me inscribo en aquellos que queremos darle a la gente oportunidades, espacios, tenemos que asegurarles tambi\u00e9n como Estado, el acceso a la salud, a una educaci\u00f3n, a una vivienda, a vivir en tranquilidad en cualquier lugar del territorio\u201d.<\/p>\n<p style=\"text-align: justify;\">Finalmente, el legislador dijo que la elecci\u00f3n del fin semana \u201ces una decisi\u00f3n extremadamente trascendente\u201d, recordando que as\u00ed como se elegir\u00e1n autoridades municipales por los pr\u00f3ximos cuatro a\u00f1os, los convencionales constituyentes redactar\u00e1n una Constituci\u00f3n que \u201cprobablemente nos va a regir por los pr\u00f3ximos cincuenta a\u00f1os y va a definir y marcar el destino de todos nosotros como ciudadanos en nuestro pa\u00eds\u201d.<\/p>\n<\/div><\/section><\/div><div  style='height:50px' class='hr hr-invisible   avia-builder-el-6  el_after_av_one_full  el_before_av_social_share '><span class='hr-inner ' ><span class='hr-inner-style'><\/span><\/span><\/div><\/p>\n<div  class='av-social-sharing-box  avia-builder-el-7  el_after_av_hr  el_before_av_hr  '><div class='av-share-box'><h5 class='av-share-link-description av-no-toc '>Compartir esta noticia<\/h5><ul class='av-share-box-list noLightbox'><li class='av-share-link av-social-link-facebook' ><a target=\"_blank\" aria-label=\"Compartir en Facebook\" href='https:\/\/www.facebook.com\/sharer.php?u=https:\/\/radiorevelacionfm.cl\/?p=4003&#038;t=Sandoval%20y%20elecciones%20de%20constituyentes%20este%20fin%20de%20semana%20%E2%80%9CNo%20es%20cualquier%20decisi%C3%B3n%20la%20que%20se%20va%20a%20tomar%E2%80%9D' aria-hidden='false' data-av_icon='\ue8f3' data-av_iconfont='entypo-fontello' title='' data-avia-related-tooltip='Compartir en Facebook' rel=\"noopener\"><span class='avia_hidden_link_text'>Compartir en Facebook<\/span><\/a><\/li><li class='av-share-link av-social-link-twitter' ><a target=\"_blank\" aria-label=\"Compartir en Twitter\" href='https:\/\/twitter.com\/share?text=Sandoval%20y%20elecciones%20de%20constituyentes%20este%20fin%20de%20semana%20%E2%80%9CNo%20es%20cualquier%20decisi%C3%B3n%20la%20que%20se%20va%20a%20tomar%E2%80%9D&#038;url=https:\/\/radiorevelacionfm.cl\/?p=4003' aria-hidden='false' data-av_icon='\ue8f1' data-av_iconfont='entypo-fontello' title='' data-avia-related-tooltip='Compartir en Twitter' rel=\"noopener\"><span class='avia_hidden_link_text'>Compartir en Twitter<\/span><\/a><\/li><li class='av-share-link av-social-link-whatsapp' ><a target=\"_blank\" aria-label=\"Compartir en Whatsapp\" href='https:\/\/api.whatsapp.com\/send?text=https:\/\/radiorevelacionfm.cl\/?p=4003' aria-hidden='false' data-av_icon='\uf232' data-av_iconfont='entypo-fontello' title='' data-avia-related-tooltip='Compartir en Whatsapp' rel=\"noopener\"><span class='avia_hidden_link_text'>Compartir en Whatsapp<\/span><\/a><\/li><li class='av-share-link av-social-link-linkedin' ><a target=\"_blank\" aria-label=\"Compartir en LinkedIn\" href='https:\/\/linkedin.com\/shareArticle?mini=true&#038;title=Sandoval%20y%20elecciones%20de%20constituyentes%20este%20fin%20de%20semana%20%E2%80%9CNo%20es%20cualquier%20decisi%C3%B3n%20la%20que%20se%20va%20a%20tomar%E2%80%9D&#038;url=https:\/\/radiorevelacionfm.cl\/?p=4003' aria-hidden='false' data-av_icon='\ue8fc' data-av_iconfont='entypo-fontello' title='' data-avia-related-tooltip='Compartir en LinkedIn' rel=\"noopener\"><span class='avia_hidden_link_text'>Compartir en LinkedIn<\/span><\/a><\/li><li class='av-share-link av-social-link-mail' ><a  aria-label=\"Compartir por correo\" href='mailto:?subject=Sandoval%20y%20elecciones%20de%20constituyentes%20este%20fin%20de%20semana%20%E2%80%9CNo%20es%20cualquier%20decisi%C3%B3n%20la%20que%20se%20va%20a%20tomar%E2%80%9D&#038;body=https:\/\/radiorevelacionfm.cl\/?p=4003' aria-hidden='false' data-av_icon='\ue805' data-av_iconfont='entypo-fontello' title='' data-avia-related-tooltip='Compartir por correo'><span class='avia_hidden_link_text'>Compartir por correo<\/span><\/a><\/li><\/ul><\/div><\/div>\n<div  style='height:50px' class='hr hr-invisible   avia-builder-el-8  el_after_av_social_share  el_before_av_comments_list '><span class='hr-inner ' ><span class='hr-inner-style'><\/span><\/span><\/div>\n<div  class='av-buildercomment  av-blog-meta-html-info-disabled av-blog-meta-tag-disabled  '><\/div>\n","protected":false},"excerpt":{"rendered":"","protected":false},"author":1,"featured_media":4004,"comment_status":"open","ping_status":"open","sticky":false,"template":"","format":"standard","meta":{"footnotes":""},"categories":[35],"tags":[],"class_list":["post-4003","post","type-post","status-publish","format-standard","has-post-thumbnail","hentry","category-politica"],"jetpack_featured_media_url":"https:\/\/radiorevelacionfm.cl\/wp-content\/uploads\/2021\/05\/sandoval_senador-1.jpg","_links":{"self":[{"href":"https:\/\/radiorevelacionfm.cl\/index.php?rest_route=\/wp\/v2\/posts\/4003","targetHints":{"allow":["GET"]}}],"collection":[{"href":"https:\/\/radiorevelacionfm.cl\/index.php?rest_route=\/wp\/v2\/posts"}],"about":[{"href":"https:\/\/radiorevelacionfm.cl\/index.php?rest_route=\/wp\/v2\/types\/post"}],"author":[{"embeddable":true,"href":"https:\/\/radiorevelacionfm.cl\/index.php?rest_route=\/wp\/v2\/users\/1"}],"replies":[{"embeddable":true,"href":"https:\/\/radiorevelacionfm.cl\/index.php?rest_route=%2Fwp%2Fv2%2Fcomments&post=4003"}],"version-history":[{"count":1,"href":"https:\/\/radiorevelacionfm.cl\/index.php?rest_route=\/wp\/v2\/posts\/4003\/revisions"}],"predecessor-version":[{"id":4005,"href":"https:\/\/radiorevelacionfm.cl\/index.php?rest_route=\/wp\/v2\/posts\/4003\/revisions\/4005"}],"wp:featuredmedia":[{"embeddable":true,"href":"https:\/\/radiorevelacionfm.cl\/index.php?rest_route=\/wp\/v2\/media\/4004"}],"wp:attachment":[{"href":"https:\/\/radiorevelacionfm.cl\/index.php?rest_route=%2Fwp%2Fv2%2Fmedia&parent=4003"}],"wp:term":[{"taxonomy":"category","embeddable":true,"href":"https:\/\/radiorevelacionfm.cl\/index.php?rest_route=%2Fwp%2Fv2%2Fcategories&post=4003"},{"taxonomy":"post_tag","embeddable":true,"href":"https:\/\/radiorevelacionfm.cl\/index.php?rest_route=%2Fwp%2Fv2%2Ftags&post=4003"}],"curies":[{"name":"wp","href":"https:\/\/api.w.org\/{rel}","templated":true}]}}