{"id":40023,"date":"2024-03-05T10:38:27","date_gmt":"2024-03-05T13:38:27","guid":{"rendered":"https:\/\/radiorevelacionfm.cl\/?p=40023"},"modified":"2024-03-05T10:38:27","modified_gmt":"2024-03-05T13:38:27","slug":"ministro-de-transportes-compromete-avances-para-asegurar-tecnologia-5g-para-villa-ohiggins-lago-verde-y-melinka","status":"publish","type":"post","link":"https:\/\/radiorevelacionfm.cl\/?p=40023","title":{"rendered":"Ministro de Transportes compromete avances para asegurar tecnolog\u00eda 5G para Villa OHiggins, Lago Verde y Melinka"},"content":{"rendered":"<div class=\"flex_column av_one_full  flex_column_div av-zero-column-padding first  avia-builder-el-0  el_before_av_one_full  avia-builder-el-first  \" style='border-radius:0px; '><div  class='avia-image-container  av-styling-    avia-builder-el-1  avia-builder-el-no-sibling  avia-align-center '  itemprop=\"image\" itemscope=\"itemscope\" itemtype=\"https:\/\/schema.org\/ImageObject\"  ><div class='avia-image-container-inner'><div class='avia-image-overlay-wrap'><img decoding=\"async\" class='wp-image-40024 avia-img-lazy-loading-not-40024 avia_image' src=\"https:\/\/radiorevelacionfm.cl\/wp-content\/uploads\/2024\/03\/FOTO-REU-5G-1-1.jpg\" alt='' title='FOTO REU 5G (1) (1)' height=\"600\" width=\"944\"  itemprop=\"thumbnailUrl\" srcset=\"https:\/\/radiorevelacionfm.cl\/wp-content\/uploads\/2024\/03\/FOTO-REU-5G-1-1.jpg 944w, https:\/\/radiorevelacionfm.cl\/wp-content\/uploads\/2024\/03\/FOTO-REU-5G-1-1-300x191.jpg 300w, https:\/\/radiorevelacionfm.cl\/wp-content\/uploads\/2024\/03\/FOTO-REU-5G-1-1-768x488.jpg 768w, https:\/\/radiorevelacionfm.cl\/wp-content\/uploads\/2024\/03\/FOTO-REU-5G-1-1-705x448.jpg 705w, https:\/\/radiorevelacionfm.cl\/wp-content\/uploads\/2024\/03\/FOTO-REU-5G-1-1-450x286.jpg 450w, https:\/\/radiorevelacionfm.cl\/wp-content\/uploads\/2024\/03\/FOTO-REU-5G-1-1-600x381.jpg 600w\" sizes=\"(max-width: 944px) 100vw, 944px\" \/><\/div><\/div><\/div><\/div><div class=\"flex_column av_one_full  flex_column_div av-zero-column-padding first  avia-builder-el-2  el_after_av_one_full  el_before_av_one_full  column-top-margin\" style='border-radius:0px; '><section class=\"av_textblock_section \"  itemscope=\"itemscope\" itemtype=\"https:\/\/schema.org\/BlogPosting\" itemprop=\"blogPost\" ><div class='avia_textblock  '   itemprop=\"text\" ><p style=\"text-align: center;\"><span style=\"font-size: 18pt;\"><b><span lang=\"ES\">Ministro de Transportes compromete avances para asegurar tecnolog\u00eda 5G para Villa OHiggins, Lago Verde y Melinka<\/span><\/b><\/span><\/p>\n<div id=\"gtx-trans\" style=\"position: absolute; left: -50px; top: 4.31534px;\">\n<div class=\"gtx-trans-icon\"><\/div>\n<\/div>\n<\/div><\/section><\/div><div class=\"flex_column av_one_full  flex_column_div av-zero-column-padding first  avia-builder-el-4  el_after_av_one_full  el_before_av_hr  column-top-margin\" style='border-radius:0px; '><section class=\"av_textblock_section \"  itemscope=\"itemscope\" itemtype=\"https:\/\/schema.org\/BlogPosting\" itemprop=\"blogPost\" ><div class='avia_textblock  '   itemprop=\"text\" ><p style=\"font-weight: 400; text-align: justify;\">En el marco de la realizaci\u00f3n de una nueva versi\u00f3n del Mobile World Congress, feria tecnol\u00f3gica que se realiz\u00f3 en Barcelona, el diputado Miguel \u00c1ngel Calisto se reuni\u00f3 con el Ministro de Transportes y Telecomunicaciones, Juan Carlos Mu\u00f1oz Abogabir, instancia en que el parlamentario plante\u00f3 su preocupaci\u00f3n por la conectividad digital de Melinka, Lago Verde y Villa O\u00b4Higgins.<\/p>\n<p style=\"font-weight: 400; text-align: justify;\">Ante esto, el titular de la cartera le asegur\u00f3 al parlamentario que \u00a0durante este Gobierno se avanzar\u00e1 para que en estas localidades aisladas se implemente la tecnolog\u00eda 5G.<\/p>\n<p style=\"font-weight: 400; text-align: justify;\">Seg\u00fan el diputado, \u201cqueremos agradecer al Ministro de Transportes y Telecomunicaciones por el compromiso de poder avanzar en la conectividad digital de tres comunas de nuestra regi\u00f3n que hoy en d\u00eda no tienen 5 G; Lago Verde, Villa O\u00b4Higgins y Melinka\u201d.<\/p>\n<p style=\"font-weight: 400; text-align: justify;\">Calisto argument\u00f3 que \u201cestas comunidades tan alejades tienen complejidades para poder implementar esta tecnolog\u00eda, pero ya existe un compromiso por parte del Gobierno y del ministro para avanzar en este periodo, y de esa manera garantizar que estas tres comunas puedan mejorar su conectividad digital\u201d.<\/p>\n<p style=\"font-weight: 400; text-align: justify;\">\u201cSe trata de una tecnolog\u00eda de primera necesidad. Nosotros tenemos graves problemas de conectividad terrestre, por eso tambi\u00e9n es fundamental avanzar en la conectividad digital, con miras a la telemedicina, educaci\u00f3n a distancia y otras herramientas\u201d, indic\u00f3.<\/p>\n<p style=\"font-weight: 400; text-align: justify;\">Seg\u00fan el Ministro Mu\u00f1oz, \u201cpara nuestro Gobierno es fundamental que nadie se nos quede atr\u00e1s, aprop\u00f3sito de avanzar hacia una brecha digital cero, algo en lo que estamos todos de acuerdo y entendemos que es fundamental. Hemos ido avanzando d\u00e1ndole conectividad a todas las comunas. Tenemos un rezago en cinco localidades, tres de ellas en la regi\u00f3n de Ays\u00e9n\u201d.<\/p>\n<p style=\"font-weight: 400; text-align: justify;\">Finalmente, el ministro indic\u00f3 que \u201cestamos trabajando para brindar esa conectividad tan necesaria. El prop\u00f3sito es llegar con un despliegue digital a todos los sectores. A veces va a ser satelital y otras v\u00eda fibra. Estamos buscando los mecanismos para que no se nos quede nadie afuera\u201d.<\/p>\n<\/div><\/section><\/div><div  style='height:50px' class='hr hr-invisible   avia-builder-el-6  el_after_av_one_full  el_before_av_social_share '><span class='hr-inner ' ><span class='hr-inner-style'><\/span><\/span><\/div><\/p>\n<div  class='av-social-sharing-box  avia-builder-el-7  el_after_av_hr  el_before_av_hr  '><div class='av-share-box'><h5 class='av-share-link-description av-no-toc '>Compartir esta noticia<\/h5><ul class='av-share-box-list noLightbox'><li class='av-share-link av-social-link-facebook' ><a target=\"_blank\" aria-label=\"Compartir en Facebook\" href='https:\/\/www.facebook.com\/sharer.php?u=https:\/\/radiorevelacionfm.cl\/?p=40023&#038;t=Ministro%20de%20Transportes%20compromete%20avances%20para%20asegurar%20tecnolog%C3%ADa%205G%20para%20Villa%20OHiggins%2C%20Lago%20Verde%20y%20Melinka' aria-hidden='false' data-av_icon='\ue8f3' data-av_iconfont='entypo-fontello' title='' data-avia-related-tooltip='Compartir en Facebook' rel=\"noopener\"><span class='avia_hidden_link_text'>Compartir en Facebook<\/span><\/a><\/li><li class='av-share-link av-social-link-twitter' ><a target=\"_blank\" aria-label=\"Compartir en Twitter\" href='https:\/\/twitter.com\/share?text=Ministro%20de%20Transportes%20compromete%20avances%20para%20asegurar%20tecnolog%C3%ADa%205G%20para%20Villa%20OHiggins%2C%20Lago%20Verde%20y%20Melinka&#038;url=https:\/\/radiorevelacionfm.cl\/?p=40023' aria-hidden='false' data-av_icon='\ue8f1' data-av_iconfont='entypo-fontello' title='' data-avia-related-tooltip='Compartir en Twitter' rel=\"noopener\"><span class='avia_hidden_link_text'>Compartir en Twitter<\/span><\/a><\/li><li class='av-share-link av-social-link-whatsapp' ><a target=\"_blank\" aria-label=\"Compartir en Whatsapp\" href='https:\/\/api.whatsapp.com\/send?text=https:\/\/radiorevelacionfm.cl\/?p=40023' aria-hidden='false' data-av_icon='\uf232' data-av_iconfont='entypo-fontello' title='' data-avia-related-tooltip='Compartir en Whatsapp' rel=\"noopener\"><span class='avia_hidden_link_text'>Compartir en Whatsapp<\/span><\/a><\/li><li class='av-share-link av-social-link-linkedin' ><a target=\"_blank\" aria-label=\"Compartir en LinkedIn\" href='https:\/\/linkedin.com\/shareArticle?mini=true&#038;title=Ministro%20de%20Transportes%20compromete%20avances%20para%20asegurar%20tecnolog%C3%ADa%205G%20para%20Villa%20OHiggins%2C%20Lago%20Verde%20y%20Melinka&#038;url=https:\/\/radiorevelacionfm.cl\/?p=40023' aria-hidden='false' data-av_icon='\ue8fc' data-av_iconfont='entypo-fontello' title='' data-avia-related-tooltip='Compartir en LinkedIn' rel=\"noopener\"><span class='avia_hidden_link_text'>Compartir en LinkedIn<\/span><\/a><\/li><li class='av-share-link av-social-link-mail' ><a  aria-label=\"Compartir por correo\" href='mailto:?subject=Ministro%20de%20Transportes%20compromete%20avances%20para%20asegurar%20tecnolog%C3%ADa%205G%20para%20Villa%20OHiggins%2C%20Lago%20Verde%20y%20Melinka&#038;body=https:\/\/radiorevelacionfm.cl\/?p=40023' aria-hidden='false' data-av_icon='\ue805' data-av_iconfont='entypo-fontello' title='' data-avia-related-tooltip='Compartir por correo'><span class='avia_hidden_link_text'>Compartir por correo<\/span><\/a><\/li><\/ul><\/div><\/div>\n<div  style='height:50px' class='hr hr-invisible   avia-builder-el-8  el_after_av_social_share  el_before_av_comments_list '><span class='hr-inner ' ><span class='hr-inner-style'><\/span><\/span><\/div>\n<div  class='av-buildercomment  av-blog-meta-html-info-disabled av-blog-meta-tag-disabled  '><\/div>\n","protected":false},"excerpt":{"rendered":"","protected":false},"author":1,"featured_media":40024,"comment_status":"open","ping_status":"open","sticky":false,"template":"","format":"standard","meta":{"footnotes":""},"categories":[59],"tags":[],"class_list":["post-40023","post","type-post","status-publish","format-standard","has-post-thumbnail","hentry","category-transporte"],"jetpack_featured_media_url":"https:\/\/radiorevelacionfm.cl\/wp-content\/uploads\/2024\/03\/FOTO-REU-5G-1-1.jpg","_links":{"self":[{"href":"https:\/\/radiorevelacionfm.cl\/index.php?rest_route=\/wp\/v2\/posts\/40023","targetHints":{"allow":["GET"]}}],"collection":[{"href":"https:\/\/radiorevelacionfm.cl\/index.php?rest_route=\/wp\/v2\/posts"}],"about":[{"href":"https:\/\/radiorevelacionfm.cl\/index.php?rest_route=\/wp\/v2\/types\/post"}],"author":[{"embeddable":true,"href":"https:\/\/radiorevelacionfm.cl\/index.php?rest_route=\/wp\/v2\/users\/1"}],"replies":[{"embeddable":true,"href":"https:\/\/radiorevelacionfm.cl\/index.php?rest_route=%2Fwp%2Fv2%2Fcomments&post=40023"}],"version-history":[{"count":1,"href":"https:\/\/radiorevelacionfm.cl\/index.php?rest_route=\/wp\/v2\/posts\/40023\/revisions"}],"predecessor-version":[{"id":40025,"href":"https:\/\/radiorevelacionfm.cl\/index.php?rest_route=\/wp\/v2\/posts\/40023\/revisions\/40025"}],"wp:featuredmedia":[{"embeddable":true,"href":"https:\/\/radiorevelacionfm.cl\/index.php?rest_route=\/wp\/v2\/media\/40024"}],"wp:attachment":[{"href":"https:\/\/radiorevelacionfm.cl\/index.php?rest_route=%2Fwp%2Fv2%2Fmedia&parent=40023"}],"wp:term":[{"taxonomy":"category","embeddable":true,"href":"https:\/\/radiorevelacionfm.cl\/index.php?rest_route=%2Fwp%2Fv2%2Fcategories&post=40023"},{"taxonomy":"post_tag","embeddable":true,"href":"https:\/\/radiorevelacionfm.cl\/index.php?rest_route=%2Fwp%2Fv2%2Ftags&post=40023"}],"curies":[{"name":"wp","href":"https:\/\/api.w.org\/{rel}","templated":true}]}}