{"id":40017,"date":"2024-03-04T21:18:51","date_gmt":"2024-03-05T00:18:51","guid":{"rendered":"https:\/\/radiorevelacionfm.cl\/?p=40017"},"modified":"2024-03-04T21:18:51","modified_gmt":"2024-03-05T00:18:51","slug":"con-historicas-actividades-se-celebro-el-82-aniversario-de-las-huichas","status":"publish","type":"post","link":"https:\/\/radiorevelacionfm.cl\/?p=40017","title":{"rendered":"Con hist\u00f3ricas actividades se celebr\u00f3 el 82 Aniversario de Las Huichas"},"content":{"rendered":"<div class=\"flex_column av_one_full  flex_column_div av-zero-column-padding first  avia-builder-el-0  el_before_av_one_full  avia-builder-el-first  \" style='border-radius:0px; '><div  class='avia-image-container  av-styling-    avia-builder-el-1  avia-builder-el-no-sibling  avia-align-center '  itemprop=\"image\" itemscope=\"itemscope\" itemtype=\"https:\/\/schema.org\/ImageObject\"  ><div class='avia-image-container-inner'><div class='avia-image-overlay-wrap'><img decoding=\"async\" class='wp-image-40018 avia-img-lazy-loading-not-40018 avia_image' src=\"https:\/\/radiorevelacionfm.cl\/wp-content\/uploads\/2024\/03\/Ganadora-Bella-Mujer-Huichana-Millaray-Soto-1.jpg\" alt='' title='Ganadora Bella Mujer Huichana (Millaray Soto) (1)' height=\"600\" width=\"800\"  itemprop=\"thumbnailUrl\" srcset=\"https:\/\/radiorevelacionfm.cl\/wp-content\/uploads\/2024\/03\/Ganadora-Bella-Mujer-Huichana-Millaray-Soto-1.jpg 800w, https:\/\/radiorevelacionfm.cl\/wp-content\/uploads\/2024\/03\/Ganadora-Bella-Mujer-Huichana-Millaray-Soto-1-300x225.jpg 300w, https:\/\/radiorevelacionfm.cl\/wp-content\/uploads\/2024\/03\/Ganadora-Bella-Mujer-Huichana-Millaray-Soto-1-768x576.jpg 768w, https:\/\/radiorevelacionfm.cl\/wp-content\/uploads\/2024\/03\/Ganadora-Bella-Mujer-Huichana-Millaray-Soto-1-705x529.jpg 705w, https:\/\/radiorevelacionfm.cl\/wp-content\/uploads\/2024\/03\/Ganadora-Bella-Mujer-Huichana-Millaray-Soto-1-450x338.jpg 450w, https:\/\/radiorevelacionfm.cl\/wp-content\/uploads\/2024\/03\/Ganadora-Bella-Mujer-Huichana-Millaray-Soto-1-600x450.jpg 600w\" sizes=\"(max-width: 800px) 100vw, 800px\" \/><\/div><\/div><\/div><\/div><div class=\"flex_column av_one_full  flex_column_div av-zero-column-padding first  avia-builder-el-2  el_after_av_one_full  el_before_av_one_full  column-top-margin\" style='border-radius:0px; '><section class=\"av_textblock_section \"  itemscope=\"itemscope\" itemtype=\"https:\/\/schema.org\/BlogPosting\" itemprop=\"blogPost\" ><div class='avia_textblock  '   itemprop=\"text\" ><p style=\"text-align: center;\"><strong><span style=\"font-size: 18pt;\">Con hist\u00f3ricas actividades se celebr\u00f3 el 82 Aniversario de Las Huichas<\/span><\/strong><\/p>\n<div id=\"gtx-trans\" style=\"position: absolute; left: -50px; top: 4.31534px;\">\n<div class=\"gtx-trans-icon\"><\/div>\n<\/div>\n<\/div><\/section><\/div><div class=\"flex_column av_one_full  flex_column_div av-zero-column-padding first  avia-builder-el-4  el_after_av_one_full  el_before_av_hr  column-top-margin\" style='border-radius:0px; '><section class=\"av_textblock_section \"  itemscope=\"itemscope\" itemtype=\"https:\/\/schema.org\/BlogPosting\" itemprop=\"blogPost\" ><div class='avia_textblock  '   itemprop=\"text\" ><p style=\"text-align: justify;\"><em>La festividad que re\u00fane y celebra a las localidades de Estero Copa, Caleta Andrade y Puerto Aguirre fue un \u00e9xito, tanto pobladores como visitantes disfrutaron de las m\u00faltiples actividades de las cuales destac\u00f3 la vuelta del hist\u00f3rico Festival de Las Rocas.<\/em><\/p>\n<p style=\"text-align: justify;\">Las localidades de isla Las Huichas festejaron durante dos semanas con actividades para todos las edades, la m\u00e1s destacada fue el Festival de Las Rocas, un evento que no se realizaba hace 28 a\u00f1os, pero que tuvo su auge durante los a\u00f1os 80, llegando a ser un encuentro musical de alta relevancia dentro de la regi\u00f3n.<\/p>\n<p style=\"text-align: justify;\">Cristian Torres, encargado de Cultura de la Municipalidad de Ays\u00e9n, se refiri\u00f3 al renacer del evento \u201ceste festival hist\u00f3rico se ha hecho en conjunto con la comunidad, como dijimos que pretendemos, esperamos que la misma comunidad despu\u00e9s se empodere y se haga cargo de este festival maravilloso. Que en las dos jornadas tuvo algunas eminencias de la m\u00fasica que participaron anteriormente en el \u00faltimo Festival de Las Rocas que se realiz\u00f3 el a\u00f1o 1996 y logramos desde Cultura de la Municipalidad, levantar nuevamente este festival\u201d.<\/p>\n<p style=\"text-align: justify;\">Fueron 11 artistas los que se presentaron en el escenario de Puerto Aguirre para el evento que se dividi\u00f3 en dos d\u00edas, en el cual el p\u00fablico disfrut\u00f3 y se movi\u00f3 con la diversidad de presentaciones que variaron entre ranchera, chamam\u00e9 hasta urbano y rap, al igual que se presentaron cantautores con obras in\u00e9ditas.<\/p>\n<p style=\"text-align: justify;\">Uno de los participantes, el cantante de Villa O\u00b4Higgins Luciano Auad, mencion\u00f3 que, \u201cla verdad que estoy muy feliz, baj\u00e9 del escenario con el coraz\u00f3n a mil. La gente es muy apa\u00f1adora y eso que no es un p\u00fablico f\u00e1cil, en estos lugares aislados las personas tienen gustos particulares. As\u00ed que nada, feliz y espero haber cumplido las expectativas del p\u00fablico, pero nada, contento y con puras ganas de volver\u201d.<\/p>\n<p style=\"text-align: justify;\">En la misma instancia se aprovech\u00f3 para presentar a la nueva Bella Mujer Huichana, el sucesor espiritual de lo que era la \u201cReina de la Isla\u201d, pero con un enfoque de g\u00e9nero m\u00e1s asociado a lo que puede aportar la candidata como l\u00edder social.<\/p>\n<p style=\"text-align: justify;\">Es por esto mismo, que se realizaron competencias como limpieza, \u201chermoseamiento\u201d de un lugar de alguna de las localidades, carros aleg\u00f3ricos y un proyecto para mejorar alguna problem\u00e1tica que hayan observado en la isla.<\/p>\n<p style=\"text-align: justify;\">La ganadora en esta ocasi\u00f3n fue Millaray Soto de 18 a\u00f1os, que coment\u00f3, \u201cme siento feliz, no me esperaba esto en realidad, gracias por haberme apoyado a toda la gente que me ayud\u00f3\u201c.<\/p>\n<p style=\"text-align: justify;\">Estos acontecimientos fueron la \u201ccoronaci\u00f3n\u201d de las actividades que se desarrollaron durante dos semanas en las comunidades huichanas. Feria Campesina y gastron\u00f3mica, bingo, una tarde infantil, la competencia de botes aleg\u00f3ricos, Color Dance y Body Combat; fueron las actividades que entretuvieron a j\u00f3venes y adultos.<\/p>\n<p style=\"text-align: justify;\">Igualmente, el aniversario adem\u00e1s de fiesta dio, el momento para reconocimientos, ya que la comisi\u00f3n organizadora junto a la municipalidad, realizaron una distinci\u00f3n a los ciudadanos que trabajan en oficios tradicionales asociados a la isla y de esta manera relevar la importancia patrimonial que tiene su labor.<\/p>\n<p style=\"text-align: justify;\">Julio Uribe, alcalde de la comuna de Ays\u00e9n, realiz\u00f3 un sincero saludo a las localidades y destac\u00f3 las actividades realizadas, \u201ccreo que han sido momentos muy especiales. Emocionante, la entrega de reconocimientos a las personas destacadas de la isla. Y bueno, felicitar a todos por este 82 aniversario, a Estero Copa, Caleta Andrade y Puerto Aguirre, quienes componen estas islas Las Huichas\u201d.<\/p>\n<\/div><\/section><\/div><div  style='height:50px' class='hr hr-invisible   avia-builder-el-6  el_after_av_one_full  el_before_av_social_share '><span class='hr-inner ' ><span class='hr-inner-style'><\/span><\/span><\/div><\/p>\n<div  class='av-social-sharing-box  avia-builder-el-7  el_after_av_hr  el_before_av_hr  '><div class='av-share-box'><h5 class='av-share-link-description av-no-toc '>Compartir esta noticia<\/h5><ul class='av-share-box-list noLightbox'><li class='av-share-link av-social-link-facebook' ><a target=\"_blank\" aria-label=\"Compartir en Facebook\" href='https:\/\/www.facebook.com\/sharer.php?u=https:\/\/radiorevelacionfm.cl\/?p=40017&#038;t=Con%20hist%C3%B3ricas%20actividades%20se%20celebr%C3%B3%20el%2082%20Aniversario%20de%20Las%20Huichas' aria-hidden='false' data-av_icon='\ue8f3' data-av_iconfont='entypo-fontello' title='' data-avia-related-tooltip='Compartir en Facebook' rel=\"noopener\"><span class='avia_hidden_link_text'>Compartir en Facebook<\/span><\/a><\/li><li class='av-share-link av-social-link-twitter' ><a target=\"_blank\" aria-label=\"Compartir en Twitter\" href='https:\/\/twitter.com\/share?text=Con%20hist%C3%B3ricas%20actividades%20se%20celebr%C3%B3%20el%2082%20Aniversario%20de%20Las%20Huichas&#038;url=https:\/\/radiorevelacionfm.cl\/?p=40017' aria-hidden='false' data-av_icon='\ue8f1' data-av_iconfont='entypo-fontello' title='' data-avia-related-tooltip='Compartir en Twitter' rel=\"noopener\"><span class='avia_hidden_link_text'>Compartir en Twitter<\/span><\/a><\/li><li class='av-share-link av-social-link-whatsapp' ><a target=\"_blank\" aria-label=\"Compartir en Whatsapp\" href='https:\/\/api.whatsapp.com\/send?text=https:\/\/radiorevelacionfm.cl\/?p=40017' aria-hidden='false' data-av_icon='\uf232' data-av_iconfont='entypo-fontello' title='' data-avia-related-tooltip='Compartir en Whatsapp' rel=\"noopener\"><span class='avia_hidden_link_text'>Compartir en Whatsapp<\/span><\/a><\/li><li class='av-share-link av-social-link-linkedin' ><a target=\"_blank\" aria-label=\"Compartir en LinkedIn\" href='https:\/\/linkedin.com\/shareArticle?mini=true&#038;title=Con%20hist%C3%B3ricas%20actividades%20se%20celebr%C3%B3%20el%2082%20Aniversario%20de%20Las%20Huichas&#038;url=https:\/\/radiorevelacionfm.cl\/?p=40017' aria-hidden='false' data-av_icon='\ue8fc' data-av_iconfont='entypo-fontello' title='' data-avia-related-tooltip='Compartir en LinkedIn' rel=\"noopener\"><span class='avia_hidden_link_text'>Compartir en LinkedIn<\/span><\/a><\/li><li class='av-share-link av-social-link-mail' ><a  aria-label=\"Compartir por correo\" href='mailto:?subject=Con%20hist%C3%B3ricas%20actividades%20se%20celebr%C3%B3%20el%2082%20Aniversario%20de%20Las%20Huichas&#038;body=https:\/\/radiorevelacionfm.cl\/?p=40017' aria-hidden='false' data-av_icon='\ue805' data-av_iconfont='entypo-fontello' title='' data-avia-related-tooltip='Compartir por correo'><span class='avia_hidden_link_text'>Compartir por correo<\/span><\/a><\/li><\/ul><\/div><\/div>\n<div  style='height:50px' class='hr hr-invisible   avia-builder-el-8  el_after_av_social_share  el_before_av_comments_list '><span class='hr-inner ' ><span class='hr-inner-style'><\/span><\/span><\/div>\n<div  class='av-buildercomment  av-blog-meta-html-info-disabled av-blog-meta-tag-disabled  '><\/div>\n","protected":false},"excerpt":{"rendered":"","protected":false},"author":1,"featured_media":40018,"comment_status":"open","ping_status":"open","sticky":false,"template":"","format":"standard","meta":{"footnotes":""},"categories":[38],"tags":[],"class_list":["post-40017","post","type-post","status-publish","format-standard","has-post-thumbnail","hentry","category-regional"],"jetpack_featured_media_url":"https:\/\/radiorevelacionfm.cl\/wp-content\/uploads\/2024\/03\/Ganadora-Bella-Mujer-Huichana-Millaray-Soto-1.jpg","_links":{"self":[{"href":"https:\/\/radiorevelacionfm.cl\/index.php?rest_route=\/wp\/v2\/posts\/40017","targetHints":{"allow":["GET"]}}],"collection":[{"href":"https:\/\/radiorevelacionfm.cl\/index.php?rest_route=\/wp\/v2\/posts"}],"about":[{"href":"https:\/\/radiorevelacionfm.cl\/index.php?rest_route=\/wp\/v2\/types\/post"}],"author":[{"embeddable":true,"href":"https:\/\/radiorevelacionfm.cl\/index.php?rest_route=\/wp\/v2\/users\/1"}],"replies":[{"embeddable":true,"href":"https:\/\/radiorevelacionfm.cl\/index.php?rest_route=%2Fwp%2Fv2%2Fcomments&post=40017"}],"version-history":[{"count":1,"href":"https:\/\/radiorevelacionfm.cl\/index.php?rest_route=\/wp\/v2\/posts\/40017\/revisions"}],"predecessor-version":[{"id":40019,"href":"https:\/\/radiorevelacionfm.cl\/index.php?rest_route=\/wp\/v2\/posts\/40017\/revisions\/40019"}],"wp:featuredmedia":[{"embeddable":true,"href":"https:\/\/radiorevelacionfm.cl\/index.php?rest_route=\/wp\/v2\/media\/40018"}],"wp:attachment":[{"href":"https:\/\/radiorevelacionfm.cl\/index.php?rest_route=%2Fwp%2Fv2%2Fmedia&parent=40017"}],"wp:term":[{"taxonomy":"category","embeddable":true,"href":"https:\/\/radiorevelacionfm.cl\/index.php?rest_route=%2Fwp%2Fv2%2Fcategories&post=40017"},{"taxonomy":"post_tag","embeddable":true,"href":"https:\/\/radiorevelacionfm.cl\/index.php?rest_route=%2Fwp%2Fv2%2Ftags&post=40017"}],"curies":[{"name":"wp","href":"https:\/\/api.w.org\/{rel}","templated":true}]}}