{"id":40014,"date":"2024-03-04T20:49:03","date_gmt":"2024-03-04T23:49:03","guid":{"rendered":"https:\/\/radiorevelacionfm.cl\/?p=40014"},"modified":"2024-03-04T20:49:03","modified_gmt":"2024-03-04T23:49:03","slug":"conservacion-mayor-al-aerodromo-de-puyuhuapi-presenta-un-14-de-avance","status":"publish","type":"post","link":"https:\/\/radiorevelacionfm.cl\/?p=40014","title":{"rendered":"Conservaci\u00f3n mayor al aer\u00f3dromo de Puyuhuapi presenta un 14% de avance"},"content":{"rendered":"<div class=\"flex_column av_one_full  flex_column_div av-zero-column-padding first  avia-builder-el-0  el_before_av_one_full  avia-builder-el-first  \" style='border-radius:0px; '><div  class='avia-image-container  av-styling-    avia-builder-el-1  avia-builder-el-no-sibling  avia-align-center '  itemprop=\"image\" itemscope=\"itemscope\" itemtype=\"https:\/\/schema.org\/ImageObject\"  ><div class='avia-image-container-inner'><div class='avia-image-overlay-wrap'><img decoding=\"async\" class='wp-image-40015 avia-img-lazy-loading-not-40015 avia_image' src=\"https:\/\/radiorevelacionfm.cl\/wp-content\/uploads\/2024\/03\/dji_20240207114600_0014_v-1_optimized.jpg\" alt='' title='dji_20240207114600_0014_v-(1)_optimized' height=\"600\" width=\"1067\"  itemprop=\"thumbnailUrl\" srcset=\"https:\/\/radiorevelacionfm.cl\/wp-content\/uploads\/2024\/03\/dji_20240207114600_0014_v-1_optimized.jpg 1067w, https:\/\/radiorevelacionfm.cl\/wp-content\/uploads\/2024\/03\/dji_20240207114600_0014_v-1_optimized-300x169.jpg 300w, https:\/\/radiorevelacionfm.cl\/wp-content\/uploads\/2024\/03\/dji_20240207114600_0014_v-1_optimized-1030x579.jpg 1030w, https:\/\/radiorevelacionfm.cl\/wp-content\/uploads\/2024\/03\/dji_20240207114600_0014_v-1_optimized-768x432.jpg 768w, https:\/\/radiorevelacionfm.cl\/wp-content\/uploads\/2024\/03\/dji_20240207114600_0014_v-1_optimized-705x396.jpg 705w, https:\/\/radiorevelacionfm.cl\/wp-content\/uploads\/2024\/03\/dji_20240207114600_0014_v-1_optimized-450x253.jpg 450w, https:\/\/radiorevelacionfm.cl\/wp-content\/uploads\/2024\/03\/dji_20240207114600_0014_v-1_optimized-600x337.jpg 600w\" sizes=\"(max-width: 1067px) 100vw, 1067px\" \/><\/div><\/div><\/div><\/div><div class=\"flex_column av_one_full  flex_column_div av-zero-column-padding first  avia-builder-el-2  el_after_av_one_full  el_before_av_one_full  column-top-margin\" style='border-radius:0px; '><section class=\"av_textblock_section \"  itemscope=\"itemscope\" itemtype=\"https:\/\/schema.org\/BlogPosting\" itemprop=\"blogPost\" ><div class='avia_textblock  '   itemprop=\"text\" ><p style=\"text-align: center;\"><strong><span style=\"font-size: 18pt;\">Conservaci\u00f3n mayor al aer\u00f3dromo de Puyuhuapi presenta un 14% de avance<\/span><\/strong><\/p>\n<div id=\"gtx-trans\" style=\"position: absolute; left: -50px; top: 4.31534px;\">\n<div class=\"gtx-trans-icon\"><\/div>\n<\/div>\n<\/div><\/section><\/div><div class=\"flex_column av_one_full  flex_column_div av-zero-column-padding first  avia-builder-el-4  el_after_av_one_full  el_before_av_hr  column-top-margin\" style='border-radius:0px; '><section class=\"av_textblock_section \"  itemscope=\"itemscope\" itemtype=\"https:\/\/schema.org\/BlogPosting\" itemprop=\"blogPost\" ><div class='avia_textblock  '   itemprop=\"text\" ><p style=\"text-align: justify;\"><em>1.438 millones son parte de la inversi\u00f3n en obras que vienen a reactivar la econom\u00eda junto con mejorar las condiciones de conectividad para los operadores a\u00e9reos y comunidad.<\/em><\/p>\n<p style=\"text-align: justify;\">El Secretario Regional Ministerial de Obras P\u00fablicas, Patricio Sanhueza Ulloa, destac\u00f3 esta semana los trabajos de conservaci\u00f3n mayor que actualmente se realizan en el Aer\u00f3dromo de Puyuhuapi, y que a la fecha presentan 14% de avance.<\/p>\n<p style=\"text-align: justify;\">Las obras consideran \u201cla conservaci\u00f3n de la superficie de rodado de la pista, calle de rodaje y plataforma de estacionamiento de aeronaves existente, adem\u00e1s del perfilado de la franja de seguridad y la pintura de demarcaci\u00f3n, roce, limpieza de fosos y conservaci\u00f3n de cercos, y finalizan el primer semestre del a\u00f1o en curso\u201d, indic\u00f3 la directora regional de Aeropuertos del MOP Anita \u00c1lvarez Lemus<\/p>\n<p style=\"text-align: justify;\">\u201cEstos trabajos se suman a las obras de este tipo que el gobierno del presidente Gabriel Boric est\u00e1 impulsando en la regi\u00f3n de Ays\u00e9n para mejorar las condiciones de conectividad a\u00e9rea de las comunidades, as\u00ed como tambi\u00e9n la reactivaci\u00f3n econ\u00f3mica y el empleo, porque el presidente ha sido categ\u00f3rico en se\u00f1alar que no importa donde vivamos, todos somos importantes y con estas obras estamos acercando la seguridad a\u00e9rea y la inversi\u00f3n a esta comunidad, junto con entregarles facilidades para las actividades productivas, siendo muy relevantes tambi\u00e9n para las evacuaciones aerom\u00e9dicas que son propias de nuestra regi\u00f3n con las caracter\u00edsticas geogr\u00e1ficas que esta tiene, as\u00ed que estamos satisfechos con el avance y esperamos estar prontos a entregar estas obras a servicio\u201d, indic\u00f3 el SEREMI del MOP.<\/p>\n<p style=\"text-align: justify;\">Hoy tambi\u00e9n \u201cnos encontramos trabajando paralelamente en el litoral en el Aer\u00f3dromo de Melinka, en la zona sur de la regi\u00f3n en el Aer\u00f3dromo de la localidad de Villa O\u00b4Higgins, en la segunda etapa de obras en el Aer\u00f3dromo de Chile Chico, as\u00ed como tambi\u00e9n en el Aer\u00f3dromo de Balmaceda con una conservaci\u00f3n rutinaria, todo lo que suma una inversi\u00f3n de 6.386 millones de pesos y una mano de obra acumulada de 100 personas; a estas obras se agregan las conservaciones por administraci\u00f3n directa que realizan nuestros funcionarios en los Aer\u00f3dromos de Caleta Tortel, Bah\u00eda Murta y Entrada Baker\u201d, anunci\u00f3 la autoridad regional de Obras P\u00fablicas.<\/p>\n<p style=\"text-align: justify;\">Adicionalmente, Patricio Sanhueza inform\u00f3 \u201cnuestro equipo de la Direcci\u00f3n de Aeropuertos se encuentra preparando los antecedentes de licitaci\u00f3n del proyecto de normalizaci\u00f3n del \u00e1rea de movimiento en el Aer\u00f3dromo de Balmaceda, contrato que tiene un presupuesto estimado del orden de los 16 mil millones de pesos y considera materializar obras en pista y ayudas visuales que son relevantes para la seguridad operacional del Aer\u00f3dromo\u201d.<\/p>\n<\/div><\/section><\/div><div  style='height:50px' class='hr hr-invisible   avia-builder-el-6  el_after_av_one_full  el_before_av_social_share '><span class='hr-inner ' ><span class='hr-inner-style'><\/span><\/span><\/div><\/p>\n<div  class='av-social-sharing-box  avia-builder-el-7  el_after_av_hr  el_before_av_hr  '><div class='av-share-box'><h5 class='av-share-link-description av-no-toc '>Compartir esta noticia<\/h5><ul class='av-share-box-list noLightbox'><li class='av-share-link av-social-link-facebook' ><a target=\"_blank\" aria-label=\"Compartir en Facebook\" href='https:\/\/www.facebook.com\/sharer.php?u=https:\/\/radiorevelacionfm.cl\/?p=40014&#038;t=Conservaci%C3%B3n%20mayor%20al%20aer%C3%B3dromo%20de%20Puyuhuapi%20presenta%20un%2014%25%20de%20avance' aria-hidden='false' data-av_icon='\ue8f3' data-av_iconfont='entypo-fontello' title='' data-avia-related-tooltip='Compartir en Facebook' rel=\"noopener\"><span class='avia_hidden_link_text'>Compartir en Facebook<\/span><\/a><\/li><li class='av-share-link av-social-link-twitter' ><a target=\"_blank\" aria-label=\"Compartir en Twitter\" href='https:\/\/twitter.com\/share?text=Conservaci%C3%B3n%20mayor%20al%20aer%C3%B3dromo%20de%20Puyuhuapi%20presenta%20un%2014%25%20de%20avance&#038;url=https:\/\/radiorevelacionfm.cl\/?p=40014' aria-hidden='false' data-av_icon='\ue8f1' data-av_iconfont='entypo-fontello' title='' data-avia-related-tooltip='Compartir en Twitter' rel=\"noopener\"><span class='avia_hidden_link_text'>Compartir en Twitter<\/span><\/a><\/li><li class='av-share-link av-social-link-whatsapp' ><a target=\"_blank\" aria-label=\"Compartir en Whatsapp\" href='https:\/\/api.whatsapp.com\/send?text=https:\/\/radiorevelacionfm.cl\/?p=40014' aria-hidden='false' data-av_icon='\uf232' data-av_iconfont='entypo-fontello' title='' data-avia-related-tooltip='Compartir en Whatsapp' rel=\"noopener\"><span class='avia_hidden_link_text'>Compartir en Whatsapp<\/span><\/a><\/li><li class='av-share-link av-social-link-linkedin' ><a target=\"_blank\" aria-label=\"Compartir en LinkedIn\" href='https:\/\/linkedin.com\/shareArticle?mini=true&#038;title=Conservaci%C3%B3n%20mayor%20al%20aer%C3%B3dromo%20de%20Puyuhuapi%20presenta%20un%2014%25%20de%20avance&#038;url=https:\/\/radiorevelacionfm.cl\/?p=40014' aria-hidden='false' data-av_icon='\ue8fc' data-av_iconfont='entypo-fontello' title='' data-avia-related-tooltip='Compartir en LinkedIn' rel=\"noopener\"><span class='avia_hidden_link_text'>Compartir en LinkedIn<\/span><\/a><\/li><li class='av-share-link av-social-link-mail' ><a  aria-label=\"Compartir por correo\" href='mailto:?subject=Conservaci%C3%B3n%20mayor%20al%20aer%C3%B3dromo%20de%20Puyuhuapi%20presenta%20un%2014%25%20de%20avance&#038;body=https:\/\/radiorevelacionfm.cl\/?p=40014' aria-hidden='false' data-av_icon='\ue805' data-av_iconfont='entypo-fontello' title='' data-avia-related-tooltip='Compartir por correo'><span class='avia_hidden_link_text'>Compartir por correo<\/span><\/a><\/li><\/ul><\/div><\/div>\n<div  style='height:50px' class='hr hr-invisible   avia-builder-el-8  el_after_av_social_share  el_before_av_comments_list '><span class='hr-inner ' ><span class='hr-inner-style'><\/span><\/span><\/div>\n<div  class='av-buildercomment  av-blog-meta-html-info-disabled av-blog-meta-tag-disabled  '><\/div>\n","protected":false},"excerpt":{"rendered":"","protected":false},"author":1,"featured_media":40015,"comment_status":"open","ping_status":"open","sticky":false,"template":"","format":"standard","meta":{"footnotes":""},"categories":[38],"tags":[],"class_list":["post-40014","post","type-post","status-publish","format-standard","has-post-thumbnail","hentry","category-regional"],"jetpack_featured_media_url":"https:\/\/radiorevelacionfm.cl\/wp-content\/uploads\/2024\/03\/dji_20240207114600_0014_v-1_optimized.jpg","_links":{"self":[{"href":"https:\/\/radiorevelacionfm.cl\/index.php?rest_route=\/wp\/v2\/posts\/40014","targetHints":{"allow":["GET"]}}],"collection":[{"href":"https:\/\/radiorevelacionfm.cl\/index.php?rest_route=\/wp\/v2\/posts"}],"about":[{"href":"https:\/\/radiorevelacionfm.cl\/index.php?rest_route=\/wp\/v2\/types\/post"}],"author":[{"embeddable":true,"href":"https:\/\/radiorevelacionfm.cl\/index.php?rest_route=\/wp\/v2\/users\/1"}],"replies":[{"embeddable":true,"href":"https:\/\/radiorevelacionfm.cl\/index.php?rest_route=%2Fwp%2Fv2%2Fcomments&post=40014"}],"version-history":[{"count":1,"href":"https:\/\/radiorevelacionfm.cl\/index.php?rest_route=\/wp\/v2\/posts\/40014\/revisions"}],"predecessor-version":[{"id":40016,"href":"https:\/\/radiorevelacionfm.cl\/index.php?rest_route=\/wp\/v2\/posts\/40014\/revisions\/40016"}],"wp:featuredmedia":[{"embeddable":true,"href":"https:\/\/radiorevelacionfm.cl\/index.php?rest_route=\/wp\/v2\/media\/40015"}],"wp:attachment":[{"href":"https:\/\/radiorevelacionfm.cl\/index.php?rest_route=%2Fwp%2Fv2%2Fmedia&parent=40014"}],"wp:term":[{"taxonomy":"category","embeddable":true,"href":"https:\/\/radiorevelacionfm.cl\/index.php?rest_route=%2Fwp%2Fv2%2Fcategories&post=40014"},{"taxonomy":"post_tag","embeddable":true,"href":"https:\/\/radiorevelacionfm.cl\/index.php?rest_route=%2Fwp%2Fv2%2Ftags&post=40014"}],"curies":[{"name":"wp","href":"https:\/\/api.w.org\/{rel}","templated":true}]}}