{"id":40011,"date":"2024-03-05T19:01:10","date_gmt":"2024-03-05T22:01:10","guid":{"rendered":"https:\/\/radiorevelacionfm.cl\/?p=40011"},"modified":"2024-03-05T19:01:10","modified_gmt":"2024-03-05T22:01:10","slug":"en-el-dia-mundial-de-la-eficiencia-energetica-invitan-a-tomar-conciencia-y-hacer-uso-eficiente-de-la-energia","status":"publish","type":"post","link":"https:\/\/radiorevelacionfm.cl\/?p=40011","title":{"rendered":"En el D\u00eda Mundial de la eficiencia energ\u00e9tica, invitan a tomar conciencia y hacer uso eficiente de la energ\u00eda"},"content":{"rendered":"<div class=\"flex_column av_one_full  flex_column_div av-zero-column-padding first  avia-builder-el-0  el_before_av_one_full  avia-builder-el-first  \" style='border-radius:0px; '><div  class='avia-image-container  av-styling-    avia-builder-el-1  avia-builder-el-no-sibling  avia-align-center '  itemprop=\"image\" itemscope=\"itemscope\" itemtype=\"https:\/\/schema.org\/ImageObject\"  ><div class='avia-image-container-inner'><div class='avia-image-overlay-wrap'><img decoding=\"async\" class='wp-image-40012 avia-img-lazy-loading-not-40012 avia_image' src=\"https:\/\/radiorevelacionfm.cl\/wp-content\/uploads\/2024\/03\/sin-titulo-1_mesa-de-trabajo-1_mesa-de-trabajo-1-1-1_optimized.jpg\" alt='' title='sin-t\u00edtulo-1_mesa-de-trabajo-1_mesa-de-trabajo-1-1-(1)_optimized' height=\"800\" width=\"800\"  itemprop=\"thumbnailUrl\" srcset=\"https:\/\/radiorevelacionfm.cl\/wp-content\/uploads\/2024\/03\/sin-titulo-1_mesa-de-trabajo-1_mesa-de-trabajo-1-1-1_optimized.jpg 800w, https:\/\/radiorevelacionfm.cl\/wp-content\/uploads\/2024\/03\/sin-titulo-1_mesa-de-trabajo-1_mesa-de-trabajo-1-1-1_optimized-300x300.jpg 300w, https:\/\/radiorevelacionfm.cl\/wp-content\/uploads\/2024\/03\/sin-titulo-1_mesa-de-trabajo-1_mesa-de-trabajo-1-1-1_optimized-80x80.jpg 80w, https:\/\/radiorevelacionfm.cl\/wp-content\/uploads\/2024\/03\/sin-titulo-1_mesa-de-trabajo-1_mesa-de-trabajo-1-1-1_optimized-768x768.jpg 768w, https:\/\/radiorevelacionfm.cl\/wp-content\/uploads\/2024\/03\/sin-titulo-1_mesa-de-trabajo-1_mesa-de-trabajo-1-1-1_optimized-36x36.jpg 36w, https:\/\/radiorevelacionfm.cl\/wp-content\/uploads\/2024\/03\/sin-titulo-1_mesa-de-trabajo-1_mesa-de-trabajo-1-1-1_optimized-180x180.jpg 180w, https:\/\/radiorevelacionfm.cl\/wp-content\/uploads\/2024\/03\/sin-titulo-1_mesa-de-trabajo-1_mesa-de-trabajo-1-1-1_optimized-705x705.jpg 705w, https:\/\/radiorevelacionfm.cl\/wp-content\/uploads\/2024\/03\/sin-titulo-1_mesa-de-trabajo-1_mesa-de-trabajo-1-1-1_optimized-120x120.jpg 120w, https:\/\/radiorevelacionfm.cl\/wp-content\/uploads\/2024\/03\/sin-titulo-1_mesa-de-trabajo-1_mesa-de-trabajo-1-1-1_optimized-450x450.jpg 450w, https:\/\/radiorevelacionfm.cl\/wp-content\/uploads\/2024\/03\/sin-titulo-1_mesa-de-trabajo-1_mesa-de-trabajo-1-1-1_optimized-600x600.jpg 600w, https:\/\/radiorevelacionfm.cl\/wp-content\/uploads\/2024\/03\/sin-titulo-1_mesa-de-trabajo-1_mesa-de-trabajo-1-1-1_optimized-100x100.jpg 100w\" sizes=\"(max-width: 800px) 100vw, 800px\" \/><\/div><\/div><\/div><\/div>\n<div class=\"flex_column av_one_full  flex_column_div av-zero-column-padding first  avia-builder-el-2  el_after_av_one_full  el_before_av_one_full  column-top-margin\" style='border-radius:0px; '><section class=\"av_textblock_section \"  itemscope=\"itemscope\" itemtype=\"https:\/\/schema.org\/BlogPosting\" itemprop=\"blogPost\" ><div class='avia_textblock  '   itemprop=\"text\" ><p style=\"text-align: center;\"><strong><span style=\"font-size: 18pt;\">En el D\u00eda Mundial de la eficiencia energ\u00e9tica, invitan a tomar conciencia y hacer uso eficiente de la energ\u00eda<\/span><\/strong><\/p>\n<div id=\"gtx-trans\" style=\"position: absolute; left: -50px; top: 4.31534px;\">\n<div class=\"gtx-trans-icon\"><\/div>\n<\/div>\n<\/div><\/section><\/div><div class=\"flex_column av_one_full  flex_column_div av-zero-column-padding first  avia-builder-el-4  el_after_av_one_full  el_before_av_hr  column-top-margin\" style='border-radius:0px; '><section class=\"av_textblock_section \"  itemscope=\"itemscope\" itemtype=\"https:\/\/schema.org\/BlogPosting\" itemprop=\"blogPost\" ><div class='avia_textblock  '   itemprop=\"text\" ><p style=\"text-align: justify;\"><em>Desde Edelaysen recordaron que este 5 de marzo es el D\u00eda Mundial de la Eficiencia Energ\u00e9tica, por lo que entregaron consejos para un uso responsable de la energ\u00eda.<\/em><\/p>\n<p style=\"text-align: justify;\">En el marco de la conmemoraci\u00f3n del D\u00eda Mundial de la Eficiencia Energ\u00e9tica, que se celebra cada 5 marzo, Edelaysen busca generar una instancia de reflexi\u00f3n y de crear conciencia sobre la importancia del uso racional de la energ\u00eda.<\/p>\n<p style=\"text-align: justify;\">Por ello, la distribuidora entreg\u00f3 una serie de recomendaciones para hacer uso eficiente de la energ\u00eda el\u00e9ctrica, aportar al planeta y disminuir el consumo mensual en los hogares.<\/p>\n<p style=\"text-align: justify;\">Al respecto, Patricio Raimilla, jefe de Servicio al Cliente de Edelaysen, explic\u00f3 que \u201cpeque\u00f1os cambios en como hacemos uso de la energ\u00eda marcan una gran diferencia en el impacto que esto tiene en el medio ambiente. Adem\u00e1s de ayudar al planeta, el ser eficiente en el uso de la energ\u00eda nos permite ahorrar dinero mensualmente. Nuestro llamado es a conocer el gasto que generan cada uno de los artefactos que normalmente utilizamos en el hogar, prefiriendo aquellos de menor consumo o de consumo eficiente. Tambi\u00e9n es importante que estos artefactos siempre cuenten con sello de certificaci\u00f3n de la Superintendencia de Electricidad y Combustibles (SEC),de esta forma, creamos conciencia sobre la utilizaci\u00f3n de artefactos certificados y de bajo consumo, contribuyendo de esta forma a un consumo de energ\u00eda m\u00e1s sustentable y emp\u00e1tico con el planeta \u00ab.<\/p>\n<p style=\"text-align: justify;\">Algunas de las recomendaciones de Edelaysen, enmarcadas en su campa\u00f1a \u201cTu consumo s\u00ed importa\u201d, son:<\/p>\n<ul style=\"text-align: justify;\">\n<li>Abrir las cortinas y aprovechar la luz natural.<\/li>\n<li>Preferir ampolletas LED, las que generan ahorro de hasta el 80% de energ\u00eda.<\/li>\n<li>Usar el aire acondicionado de manera eficiente.<\/li>\n<li>En d\u00edas de sol, darle un descanso a la secadora y secar la ropa al aire libre.<\/li>\n<li>Desconectar los artefactos electr\u00f3nicos cuando no se est\u00e9n ocupando o al salir de la casa.<\/li>\n<\/ul>\n<p style=\"text-align: justify;\">Otros consejos para disminuir el consumo de la energ\u00eda el\u00e9ctrica en el hogar son: desenchufar el televisor, la radio y los cargadores de tel\u00e9fono una vez que dejamos de usarlos, para evitar el consumo \u201cvampiro\u201d; abrir la puerta del refrigerador lo justo y necesario para que no pierda temperatura al interior; utilizar la lavadora con carga completa; reunir la mayor cantidad de ropa y planchar todo de una vez; llenar el hervidor el\u00e9ctrico y conservar el agua caliente en un termo.<\/p>\n<p style=\"text-align: justify;\">Finalmente, desde Edelaysen invitaron a la comunidad a estar informada sobre las iniciativas que lleva adelante la empresa respecto del ahorro de energ\u00eda y el consumo de los artefactos el\u00e9ctricos de la casa.<\/p>\n<p style=\"text-align: justify;\">M\u00e1s informaci\u00f3n en el siguiente link:\u00a0<a href=\"https:\/\/web.gruposaesa.cl\/web\/saesa\/consumo-aparatos-electronicos\">https:\/\/web.gruposaesa.cl\/web\/saesa\/consumo-aparatos-electronicos<\/a><\/p>\n<\/div><\/section><\/div><\/p>\n<div  style='height:50px' class='hr hr-invisible   avia-builder-el-6  el_after_av_one_full  el_before_av_social_share '><span class='hr-inner ' ><span class='hr-inner-style'><\/span><\/span><\/div>\n<div  class='av-social-sharing-box  avia-builder-el-7  el_after_av_hr  el_before_av_hr  '><div class='av-share-box'><h5 class='av-share-link-description av-no-toc '>Compartir esta noticia<\/h5><ul class='av-share-box-list noLightbox'><li class='av-share-link av-social-link-facebook' ><a target=\"_blank\" aria-label=\"Compartir en Facebook\" href='https:\/\/www.facebook.com\/sharer.php?u=https:\/\/radiorevelacionfm.cl\/?p=40011&#038;t=En%20el%20D%C3%ADa%20Mundial%20de%20la%20eficiencia%20energ%C3%A9tica%2C%20invitan%20a%20tomar%20conciencia%20y%20hacer%20uso%20eficiente%20de%20la%20energ%C3%ADa' aria-hidden='false' data-av_icon='\ue8f3' data-av_iconfont='entypo-fontello' title='' data-avia-related-tooltip='Compartir en Facebook' rel=\"noopener\"><span class='avia_hidden_link_text'>Compartir en Facebook<\/span><\/a><\/li><li class='av-share-link av-social-link-twitter' ><a target=\"_blank\" aria-label=\"Compartir en Twitter\" href='https:\/\/twitter.com\/share?text=En%20el%20D%C3%ADa%20Mundial%20de%20la%20eficiencia%20energ%C3%A9tica%2C%20invitan%20a%20tomar%20conciencia%20y%20hacer%20uso%20eficiente%20de%20la%20energ%C3%ADa&#038;url=https:\/\/radiorevelacionfm.cl\/?p=40011' aria-hidden='false' data-av_icon='\ue8f1' data-av_iconfont='entypo-fontello' title='' data-avia-related-tooltip='Compartir en Twitter' rel=\"noopener\"><span class='avia_hidden_link_text'>Compartir en Twitter<\/span><\/a><\/li><li class='av-share-link av-social-link-whatsapp' ><a target=\"_blank\" aria-label=\"Compartir en Whatsapp\" href='https:\/\/api.whatsapp.com\/send?text=https:\/\/radiorevelacionfm.cl\/?p=40011' aria-hidden='false' data-av_icon='\uf232' data-av_iconfont='entypo-fontello' title='' data-avia-related-tooltip='Compartir en Whatsapp' rel=\"noopener\"><span class='avia_hidden_link_text'>Compartir en Whatsapp<\/span><\/a><\/li><li class='av-share-link av-social-link-linkedin' ><a target=\"_blank\" aria-label=\"Compartir en LinkedIn\" href='https:\/\/linkedin.com\/shareArticle?mini=true&#038;title=En%20el%20D%C3%ADa%20Mundial%20de%20la%20eficiencia%20energ%C3%A9tica%2C%20invitan%20a%20tomar%20conciencia%20y%20hacer%20uso%20eficiente%20de%20la%20energ%C3%ADa&#038;url=https:\/\/radiorevelacionfm.cl\/?p=40011' aria-hidden='false' data-av_icon='\ue8fc' data-av_iconfont='entypo-fontello' title='' data-avia-related-tooltip='Compartir en LinkedIn' rel=\"noopener\"><span class='avia_hidden_link_text'>Compartir en LinkedIn<\/span><\/a><\/li><li class='av-share-link av-social-link-mail' ><a  aria-label=\"Compartir por correo\" href='mailto:?subject=En%20el%20D%C3%ADa%20Mundial%20de%20la%20eficiencia%20energ%C3%A9tica%2C%20invitan%20a%20tomar%20conciencia%20y%20hacer%20uso%20eficiente%20de%20la%20energ%C3%ADa&#038;body=https:\/\/radiorevelacionfm.cl\/?p=40011' aria-hidden='false' data-av_icon='\ue805' data-av_iconfont='entypo-fontello' title='' data-avia-related-tooltip='Compartir por correo'><span class='avia_hidden_link_text'>Compartir por correo<\/span><\/a><\/li><\/ul><\/div><\/div>\n<div  style='height:50px' class='hr hr-invisible   avia-builder-el-8  el_after_av_social_share  el_before_av_comments_list '><span class='hr-inner ' ><span class='hr-inner-style'><\/span><\/span><\/div>\n<div  class='av-buildercomment  av-blog-meta-html-info-disabled av-blog-meta-tag-disabled  '><\/div>\n","protected":false},"excerpt":{"rendered":"","protected":false},"author":1,"featured_media":40012,"comment_status":"open","ping_status":"open","sticky":false,"template":"","format":"standard","meta":{"footnotes":""},"categories":[38],"tags":[],"class_list":["post-40011","post","type-post","status-publish","format-standard","has-post-thumbnail","hentry","category-regional"],"jetpack_featured_media_url":"https:\/\/radiorevelacionfm.cl\/wp-content\/uploads\/2024\/03\/sin-titulo-1_mesa-de-trabajo-1_mesa-de-trabajo-1-1-1_optimized.jpg","_links":{"self":[{"href":"https:\/\/radiorevelacionfm.cl\/index.php?rest_route=\/wp\/v2\/posts\/40011","targetHints":{"allow":["GET"]}}],"collection":[{"href":"https:\/\/radiorevelacionfm.cl\/index.php?rest_route=\/wp\/v2\/posts"}],"about":[{"href":"https:\/\/radiorevelacionfm.cl\/index.php?rest_route=\/wp\/v2\/types\/post"}],"author":[{"embeddable":true,"href":"https:\/\/radiorevelacionfm.cl\/index.php?rest_route=\/wp\/v2\/users\/1"}],"replies":[{"embeddable":true,"href":"https:\/\/radiorevelacionfm.cl\/index.php?rest_route=%2Fwp%2Fv2%2Fcomments&post=40011"}],"version-history":[{"count":2,"href":"https:\/\/radiorevelacionfm.cl\/index.php?rest_route=\/wp\/v2\/posts\/40011\/revisions"}],"predecessor-version":[{"id":40075,"href":"https:\/\/radiorevelacionfm.cl\/index.php?rest_route=\/wp\/v2\/posts\/40011\/revisions\/40075"}],"wp:featuredmedia":[{"embeddable":true,"href":"https:\/\/radiorevelacionfm.cl\/index.php?rest_route=\/wp\/v2\/media\/40012"}],"wp:attachment":[{"href":"https:\/\/radiorevelacionfm.cl\/index.php?rest_route=%2Fwp%2Fv2%2Fmedia&parent=40011"}],"wp:term":[{"taxonomy":"category","embeddable":true,"href":"https:\/\/radiorevelacionfm.cl\/index.php?rest_route=%2Fwp%2Fv2%2Fcategories&post=40011"},{"taxonomy":"post_tag","embeddable":true,"href":"https:\/\/radiorevelacionfm.cl\/index.php?rest_route=%2Fwp%2Fv2%2Ftags&post=40011"}],"curies":[{"name":"wp","href":"https:\/\/api.w.org\/{rel}","templated":true}]}}