{"id":40007,"date":"2024-03-04T22:23:45","date_gmt":"2024-03-05T01:23:45","guid":{"rendered":"https:\/\/radiorevelacionfm.cl\/?p=40007"},"modified":"2024-03-04T22:23:45","modified_gmt":"2024-03-05T01:23:45","slug":"campamento-explora-va-2024-inicia-proceso-de-postulacion-dirigido-a-docentes-y-educadorases-de-la-region-de-aysen","status":"publish","type":"post","link":"https:\/\/radiorevelacionfm.cl\/?p=40007","title":{"rendered":"Campamento Explora VA! 2024: inicia proceso de postulaci\u00f3n dirigido a docentes y educadoras(es) de la regi\u00f3n de Ays\u00e9n"},"content":{"rendered":"<div class=\"flex_column av_one_full  flex_column_div av-zero-column-padding first  avia-builder-el-0  el_before_av_one_full  avia-builder-el-first  \" style='border-radius:0px; '><div  class='avia-image-container  av-styling-    avia-builder-el-1  avia-builder-el-no-sibling  avia-align-center '  itemprop=\"image\" itemscope=\"itemscope\" itemtype=\"https:\/\/schema.org\/ImageObject\"  ><div class='avia-image-container-inner'><div class='avia-image-overlay-wrap'><img decoding=\"async\" class='wp-image-40008 avia-img-lazy-loading-not-40008 avia_image' src=\"https:\/\/radiorevelacionfm.cl\/wp-content\/uploads\/2024\/03\/explorava1-1-1.jpeg\" alt='' title='explorava1 (1) (1)' height=\"600\" width=\"901\"  itemprop=\"thumbnailUrl\" srcset=\"https:\/\/radiorevelacionfm.cl\/wp-content\/uploads\/2024\/03\/explorava1-1-1.jpeg 901w, https:\/\/radiorevelacionfm.cl\/wp-content\/uploads\/2024\/03\/explorava1-1-1-300x200.jpeg 300w, https:\/\/radiorevelacionfm.cl\/wp-content\/uploads\/2024\/03\/explorava1-1-1-768x511.jpeg 768w, https:\/\/radiorevelacionfm.cl\/wp-content\/uploads\/2024\/03\/explorava1-1-1-705x469.jpeg 705w, https:\/\/radiorevelacionfm.cl\/wp-content\/uploads\/2024\/03\/explorava1-1-1-450x300.jpeg 450w, https:\/\/radiorevelacionfm.cl\/wp-content\/uploads\/2024\/03\/explorava1-1-1-600x400.jpeg 600w\" sizes=\"(max-width: 901px) 100vw, 901px\" \/><\/div><\/div><\/div><\/div><div class=\"flex_column av_one_full  flex_column_div av-zero-column-padding first  avia-builder-el-2  el_after_av_one_full  el_before_av_one_full  column-top-margin\" style='border-radius:0px; '><section class=\"av_textblock_section \"  itemscope=\"itemscope\" itemtype=\"https:\/\/schema.org\/BlogPosting\" itemprop=\"blogPost\" ><div class='avia_textblock  '   itemprop=\"text\" ><p style=\"text-align: center;\"><strong><span style=\"font-size: 18pt;\">Campamento Explora VA! 2024: inicia proceso de postulaci\u00f3n dirigido a docentes y educadoras(es) de la regi\u00f3n de Ays\u00e9n<\/span><\/strong><\/p>\n<div id=\"gtx-trans\" style=\"position: absolute; left: -50px; top: 4.31534px;\">\n<div class=\"gtx-trans-icon\"><\/div>\n<\/div>\n<\/div><\/section><\/div><div class=\"flex_column av_one_full  flex_column_div av-zero-column-padding first  avia-builder-el-4  el_after_av_one_full  el_before_av_hr  column-top-margin\" style='border-radius:0px; '><section class=\"av_textblock_section \"  itemscope=\"itemscope\" itemtype=\"https:\/\/schema.org\/BlogPosting\" itemprop=\"blogPost\" ><div class='avia_textblock  '   itemprop=\"text\" ><p style=\"text-align: justify;\"><em>La iniciativa impulsada por el PAR Explora Ays\u00e9n convoca a educadoras(es) de p\u00e1rvulos, educadoras(es) diferenciales y docentes de Educaci\u00f3n B\u00e1sica y Media de la regi\u00f3n, a ser parte de un inspirador encuentro de intercambio de experiencias y aprendizaje, que busca motivar la incorporaci\u00f3n de las ciencias y la innovaci\u00f3n en las pr\u00e1cticas pedag\u00f3gicas escolares.<\/em><\/p>\n<p style=\"text-align: justify;\">Explora VA! es una iniciativa impulsada por el Proyecto Explora Ays\u00e9n del Ministerio de Ciencia y la Universidad Austral de Chile, Campus Patagonia, y busca fortalecer competencias que apoyen la educaci\u00f3n en ciencias, tecnolog\u00eda, conocimiento e innovaci\u00f3n (CTCI) en las comunidades educativas, promoviendo tambi\u00e9n la formaci\u00f3n de comunidades de aprendizaje y redes de colaboraci\u00f3n entre sus participantes.<\/p>\n<p style=\"text-align: justify;\">El campamento \u2013cuyo plazo de postulaci\u00f3n finalizar\u00e1 el 15 de marzo\u2013 est\u00e1 dirigido a educadoras(es) de p\u00e1rvulos, educadoras(es) diferenciales y docentes de Educaci\u00f3n B\u00e1sica y Media de la regi\u00f3n de Ays\u00e9n, y contempla actividades entre abril y septiembre de 2024, incluyendo un taller virtual de bienvenida, un encuentro formativo y presencial de 4 d\u00edas consecutivos, la implementaci\u00f3n de una actividad por parte de cada participante en su comunidad escolar, y una jornada de cierre.<\/p>\n<p style=\"text-align: justify;\">\u201cExplora Va no s\u00f3lo es un espacio donde las y los participantes adquieren herramientas metodol\u00f3gicas para su quehacer pedag\u00f3gico, sino tambi\u00e9n es un espacio de encuentro e intercambio entre educadoras, educadores y docentes de todas las disciplinas, provenientes de distintos puntos de la Regi\u00f3n, lo que vendr\u00e1 a enriquecer a\u00fan m\u00e1s las actividades programadas\u201d se\u00f1al\u00f3 Viviana Pizarro, Directora del PAR Explora Ays\u00e9n.<\/p>\n<p style=\"text-align: justify;\">Una de las talleristas Explora Va! ser\u00e1 Nolfa Ib\u00e1\u00f1ez Salgado, educadora diferencial y doctora en Educaci\u00f3n, Premio Nacional de Ciencias de la Educaci\u00f3n 2021, quien es especialista en tem\u00e1ticas como emociones en el aula, diversidad en la construcci\u00f3n de mundo, saber pedag\u00f3gico e interculturalidad. Tambi\u00e9n participar\u00e1 Pablo Gutierrez Rivera, dise\u00f1ador industrial y mag\u00edster en Desarrollo curricular y proyectos educativos, especialista en metodolog\u00edas educativas innovadoras y dise\u00f1o de entornos de aprendizaje.<\/p>\n<p style=\"text-align: justify;\">El proceso de postulaci\u00f3n estar\u00e1 abierto entre el 1 y el 15 de marzo de 2024, plazo en el que las y los interesados deber\u00e1n completar el formulario de postulaci\u00f3n, se\u00f1alando sus motivaciones e incorporando informaci\u00f3n de contacto personal y profesional, adem\u00e1s de una carta de compromiso otorgada por el o la directora del establecimiento educacional donde se desempe\u00f1a.<\/p>\n<p style=\"text-align: justify;\">Los resultados ser\u00e1n comunicados el d\u00eda 20 de marzo en el sitio web del PAR Explora Ays\u00e9n (www.explora.cl\/aysen\/) y tambi\u00e9n a trav\u00e9s de las redes sociales del proyecto en Instagram y Facebook.<\/p>\n<p style=\"text-align: justify;\">Las bases y toda la documentaci\u00f3n para postular se encuentran disponibles en <a href=\"http:\/\/www.explora.cl\/aysen\/\">http:\/\/www.explora.cl\/aysen\/<\/a><\/p>\n<p style=\"text-align: justify;\"><strong>\u00a0<\/strong><\/p>\n<\/div><\/section><\/div><div  style='height:50px' class='hr hr-invisible   avia-builder-el-6  el_after_av_one_full  el_before_av_social_share '><span class='hr-inner ' ><span class='hr-inner-style'><\/span><\/span><\/div><\/p>\n<div  class='av-social-sharing-box  avia-builder-el-7  el_after_av_hr  el_before_av_hr  '><div class='av-share-box'><h5 class='av-share-link-description av-no-toc '>Compartir esta noticia<\/h5><ul class='av-share-box-list noLightbox'><li class='av-share-link av-social-link-facebook' ><a target=\"_blank\" aria-label=\"Compartir en Facebook\" href='https:\/\/www.facebook.com\/sharer.php?u=https:\/\/radiorevelacionfm.cl\/?p=40007&#038;t=Campamento%20Explora%20VA%21%202024%3A%20inicia%20proceso%20de%20postulaci%C3%B3n%20dirigido%20a%20docentes%20y%20educadoras%28es%29%20de%20la%20regi%C3%B3n%20de%20Ays%C3%A9n' aria-hidden='false' data-av_icon='\ue8f3' data-av_iconfont='entypo-fontello' title='' data-avia-related-tooltip='Compartir en Facebook' rel=\"noopener\"><span class='avia_hidden_link_text'>Compartir en Facebook<\/span><\/a><\/li><li class='av-share-link av-social-link-twitter' ><a target=\"_blank\" aria-label=\"Compartir en Twitter\" href='https:\/\/twitter.com\/share?text=Campamento%20Explora%20VA%21%202024%3A%20inicia%20proceso%20de%20postulaci%C3%B3n%20dirigido%20a%20docentes%20y%20educadoras%28es%29%20de%20la%20regi%C3%B3n%20de%20Ays%C3%A9n&#038;url=https:\/\/radiorevelacionfm.cl\/?p=40007' aria-hidden='false' data-av_icon='\ue8f1' data-av_iconfont='entypo-fontello' title='' data-avia-related-tooltip='Compartir en Twitter' rel=\"noopener\"><span class='avia_hidden_link_text'>Compartir en Twitter<\/span><\/a><\/li><li class='av-share-link av-social-link-whatsapp' ><a target=\"_blank\" aria-label=\"Compartir en Whatsapp\" href='https:\/\/api.whatsapp.com\/send?text=https:\/\/radiorevelacionfm.cl\/?p=40007' aria-hidden='false' data-av_icon='\uf232' data-av_iconfont='entypo-fontello' title='' data-avia-related-tooltip='Compartir en Whatsapp' rel=\"noopener\"><span class='avia_hidden_link_text'>Compartir en Whatsapp<\/span><\/a><\/li><li class='av-share-link av-social-link-linkedin' ><a target=\"_blank\" aria-label=\"Compartir en LinkedIn\" href='https:\/\/linkedin.com\/shareArticle?mini=true&#038;title=Campamento%20Explora%20VA%21%202024%3A%20inicia%20proceso%20de%20postulaci%C3%B3n%20dirigido%20a%20docentes%20y%20educadoras%28es%29%20de%20la%20regi%C3%B3n%20de%20Ays%C3%A9n&#038;url=https:\/\/radiorevelacionfm.cl\/?p=40007' aria-hidden='false' data-av_icon='\ue8fc' data-av_iconfont='entypo-fontello' title='' data-avia-related-tooltip='Compartir en LinkedIn' rel=\"noopener\"><span class='avia_hidden_link_text'>Compartir en LinkedIn<\/span><\/a><\/li><li class='av-share-link av-social-link-mail' ><a  aria-label=\"Compartir por correo\" href='mailto:?subject=Campamento%20Explora%20VA%21%202024%3A%20inicia%20proceso%20de%20postulaci%C3%B3n%20dirigido%20a%20docentes%20y%20educadoras%28es%29%20de%20la%20regi%C3%B3n%20de%20Ays%C3%A9n&#038;body=https:\/\/radiorevelacionfm.cl\/?p=40007' aria-hidden='false' data-av_icon='\ue805' data-av_iconfont='entypo-fontello' title='' data-avia-related-tooltip='Compartir por correo'><span class='avia_hidden_link_text'>Compartir por correo<\/span><\/a><\/li><\/ul><\/div><\/div>\n<div  style='height:50px' class='hr hr-invisible   avia-builder-el-8  el_after_av_social_share  el_before_av_comments_list '><span class='hr-inner ' ><span class='hr-inner-style'><\/span><\/span><\/div>\n<div  class='av-buildercomment  av-blog-meta-html-info-disabled av-blog-meta-tag-disabled  '><\/div>\n","protected":false},"excerpt":{"rendered":"","protected":false},"author":1,"featured_media":40008,"comment_status":"open","ping_status":"open","sticky":false,"template":"","format":"standard","meta":{"footnotes":""},"categories":[49],"tags":[],"class_list":["post-40007","post","type-post","status-publish","format-standard","has-post-thumbnail","hentry","category-educacion"],"jetpack_featured_media_url":"https:\/\/radiorevelacionfm.cl\/wp-content\/uploads\/2024\/03\/explorava1-1-1.jpeg","_links":{"self":[{"href":"https:\/\/radiorevelacionfm.cl\/index.php?rest_route=\/wp\/v2\/posts\/40007","targetHints":{"allow":["GET"]}}],"collection":[{"href":"https:\/\/radiorevelacionfm.cl\/index.php?rest_route=\/wp\/v2\/posts"}],"about":[{"href":"https:\/\/radiorevelacionfm.cl\/index.php?rest_route=\/wp\/v2\/types\/post"}],"author":[{"embeddable":true,"href":"https:\/\/radiorevelacionfm.cl\/index.php?rest_route=\/wp\/v2\/users\/1"}],"replies":[{"embeddable":true,"href":"https:\/\/radiorevelacionfm.cl\/index.php?rest_route=%2Fwp%2Fv2%2Fcomments&post=40007"}],"version-history":[{"count":1,"href":"https:\/\/radiorevelacionfm.cl\/index.php?rest_route=\/wp\/v2\/posts\/40007\/revisions"}],"predecessor-version":[{"id":40009,"href":"https:\/\/radiorevelacionfm.cl\/index.php?rest_route=\/wp\/v2\/posts\/40007\/revisions\/40009"}],"wp:featuredmedia":[{"embeddable":true,"href":"https:\/\/radiorevelacionfm.cl\/index.php?rest_route=\/wp\/v2\/media\/40008"}],"wp:attachment":[{"href":"https:\/\/radiorevelacionfm.cl\/index.php?rest_route=%2Fwp%2Fv2%2Fmedia&parent=40007"}],"wp:term":[{"taxonomy":"category","embeddable":true,"href":"https:\/\/radiorevelacionfm.cl\/index.php?rest_route=%2Fwp%2Fv2%2Fcategories&post=40007"},{"taxonomy":"post_tag","embeddable":true,"href":"https:\/\/radiorevelacionfm.cl\/index.php?rest_route=%2Fwp%2Fv2%2Ftags&post=40007"}],"curies":[{"name":"wp","href":"https:\/\/api.w.org\/{rel}","templated":true}]}}