{"id":40004,"date":"2024-03-04T19:31:53","date_gmt":"2024-03-04T22:31:53","guid":{"rendered":"https:\/\/radiorevelacionfm.cl\/?p=40004"},"modified":"2024-03-04T19:31:53","modified_gmt":"2024-03-04T22:31:53","slug":"exitosa-expo-mes-de-la-mujer-realizada-en-puerto-aysen-reunio-a-25-emprendedores","status":"publish","type":"post","link":"https:\/\/radiorevelacionfm.cl\/?p=40004","title":{"rendered":"Exitosa Expo Mes de la Mujer realizada en Puerto Ays\u00e9n reuni\u00f3 a 25 emprendedores"},"content":{"rendered":"<div class=\"flex_column av_one_full  flex_column_div av-zero-column-padding first  avia-builder-el-0  el_before_av_one_full  avia-builder-el-first  \" style='border-radius:0px; '><div  class='avia-image-container  av-styling-    avia-builder-el-1  avia-builder-el-no-sibling  avia-align-center '  itemprop=\"image\" itemscope=\"itemscope\" itemtype=\"https:\/\/schema.org\/ImageObject\"  ><div class='avia-image-container-inner'><div class='avia-image-overlay-wrap'><img decoding=\"async\" class='wp-image-40005 avia-img-lazy-loading-not-40005 avia_image' src=\"https:\/\/radiorevelacionfm.cl\/wp-content\/uploads\/2024\/03\/g1-1_optimized.jpg\" alt='' title='g1-(1)_optimized' height=\"698\" width=\"800\"  itemprop=\"thumbnailUrl\" srcset=\"https:\/\/radiorevelacionfm.cl\/wp-content\/uploads\/2024\/03\/g1-1_optimized.jpg 800w, https:\/\/radiorevelacionfm.cl\/wp-content\/uploads\/2024\/03\/g1-1_optimized-300x262.jpg 300w, https:\/\/radiorevelacionfm.cl\/wp-content\/uploads\/2024\/03\/g1-1_optimized-768x670.jpg 768w, https:\/\/radiorevelacionfm.cl\/wp-content\/uploads\/2024\/03\/g1-1_optimized-705x615.jpg 705w, https:\/\/radiorevelacionfm.cl\/wp-content\/uploads\/2024\/03\/g1-1_optimized-450x393.jpg 450w, https:\/\/radiorevelacionfm.cl\/wp-content\/uploads\/2024\/03\/g1-1_optimized-600x524.jpg 600w\" sizes=\"(max-width: 800px) 100vw, 800px\" \/><\/div><\/div><\/div><\/div><div class=\"flex_column av_one_full  flex_column_div av-zero-column-padding first  avia-builder-el-2  el_after_av_one_full  el_before_av_one_full  column-top-margin\" style='border-radius:0px; '><section class=\"av_textblock_section \"  itemscope=\"itemscope\" itemtype=\"https:\/\/schema.org\/BlogPosting\" itemprop=\"blogPost\" ><div class='avia_textblock  '   itemprop=\"text\" ><p style=\"text-align: center;\"><strong><span style=\"font-size: 18pt;\">Exitosa Expo Mes de la Mujer realizada en Puerto Ays\u00e9n reuni\u00f3 a 25 emprendedores<\/span><\/strong><\/p>\n<div id=\"gtx-trans\" style=\"position: absolute; left: -50px; top: 4.31534px;\">\n<div class=\"gtx-trans-icon\"><\/div>\n<\/div>\n<\/div><\/section><\/div><div class=\"flex_column av_one_full  flex_column_div av-zero-column-padding first  avia-builder-el-4  el_after_av_one_full  el_before_av_hr  column-top-margin\" style='border-radius:0px; '><section class=\"av_textblock_section \"  itemscope=\"itemscope\" itemtype=\"https:\/\/schema.org\/BlogPosting\" itemprop=\"blogPost\" ><div class='avia_textblock  '   itemprop=\"text\" ><p style=\"text-align: justify;\">Organizada como hito de cierre de la temporada estival, la Expo Mujer reuni\u00f3 a 25 emprendimientos que son asesorados por el Centro de Negocios de Puerto Ays\u00e9n. Lugar donde convergieron expositoras provenientes de; Melinka, Cisnes, La Junta, Ays\u00e9n y Coyhaique. Cada una de ellas con una historia de esfuerzo y perseverancia, promoviendo la autonom\u00eda econom\u00eda de las mujeres en Ays\u00e9n.<\/p>\n<p style=\"text-align: justify;\">Para Sercotec, es fundamental impulsar el emprendimiento femenino a trav\u00e9s de aportes econ\u00f3micos, capacitaci\u00f3n y asesor\u00edas especializadas brindadas por el Centro de Negocios. Y en el contexto del \u201cMes de la Mujer\u201d, Sercotec junto al Municipio de Ays\u00e9n, celebraron el emprendimiento femenino con una gran \u201cExpo Mujer\u201d la que, adem\u00e1s cerr\u00f3 la temporada estival relevando la importancia de aquellas mujeres transformadoras que con dedicaci\u00f3n y una alta cuota de esfuerzo, se embarcan en el desaf\u00edo de convertirse en empresa.<\/p>\n<p style=\"text-align: justify;\">El Seremi de Econom\u00eda, Fomento y Turismo; Felipe Rojas puso \u00e9nfasis en la importancia de este tipo de instancias; \u201cDesde el Gobierno del presidente Gabriel Boric, creemos firmemente que el emprendimiento es mucho m\u00e1s que una opci\u00f3n para obtener nuevos recursos. Es una oportunidad para crecer y desafiarse d\u00eda a d\u00eda, para so\u00f1ar en grande e impulsar cambios significativos en nuestras vidas y para la sociedad en general. Es por eso que esta \u201cExpo Mujer\u201d posee un significado tan importante, no s\u00f3lo por el aumento en ventas, sino que, dentro del marco del mes de la mujer, nos parece muy propicio destacar y celebrar a mujeres que transforman su entorno mediante la creatividad y el emprendimiento.\u201d<\/p>\n<p style=\"text-align: justify;\">La Expo Mujer, se desarroll\u00f3 el viernes 1 de marzo y s\u00e1bado 2 de marzo 2024, en pleno centro de la ciudad de Puerto Ays\u00e9n, donde los y las visitantes fueron testigos de una diversidad de productos, servicios y proyectos de las empresas que hoy forman parte de la red de Centros de Negocios y con especial acento en emprendimientos liderados por mujeres, donde cada stand entreg\u00f3 la posibilidad de conocer y explorar un mundo talento y creatividad.<\/p>\n<p style=\"text-align: justify;\">Para Nelly Vargas Mansilla; directora regional de Sercotec, esta Expo Mujer signific\u00f3 muchas cosas, pero relev\u00f3 fuertemente el hecho de que las protagonistas hayan sido mujeres de diversos puntos de la Regi\u00f3n de Ays\u00e9n. \u201cPara nuestro servicio es fundamental impulsar el emprendimiento femenino. Sabemos que es un pilar fundamental para el crecimiento de la econom\u00eda y en el caso de las mujeres, es un camino relevante para la lograr la autonom\u00eda econ\u00f3mica. Buscamos a trav\u00e9s de estas instancias apoyarlas en su crecimiento y eso queda de manifiesto con la presencia de mujeres expositoras desde Ays\u00e9n, Coyhaique, Melinka y Cisnes. As\u00ed seguimos apoyando el emprendimiento a nivel regional y sobre todo a las mujeres, quienes d\u00eda a d\u00eda se esfuerzan por levantar sus negocios para disminuir las brechas de g\u00e9nero, a trav\u00e9s de la instalaci\u00f3n de capacidades.\u201d<\/p>\n<p style=\"text-align: justify;\">Carmen Guti\u00e9rrez, de \u201cHumoss Patagonia\u201d emprendimiento dedicado a la elaboraci\u00f3n de salmones ahumados, valor\u00f3 la iniciativa y coment\u00f3 que: \u201cEstamos muy contentas, porque fuimos invitados a esta Feria Expo Mujer, donde se nos entreg\u00f3 la posibilidad de darnos a conocer y mostrar nuestros productos. La organizaci\u00f3n por parte de Sercotec y Centro de Negocios de Ays\u00e9n estuvo espectacular, todos muy preocupados de hasta el m\u00e1s m\u00ednimo detalle. Tambi\u00e9n me gustar\u00eda agradecer el compromiso y presencia de las autoridades, tanto comunales, como regionales. Esperamos que este tipo de actividades contin\u00faen ya que son un gran apoyo para nosotras las emprendedoras.\u201d<\/p>\n<p style=\"text-align: justify;\">Por su parte, el delegado Presidencial Provincial de Ays\u00e9n, Jorge D\u00edaz Guzm\u00e1n, expres\u00f3 al respecto que \u201cEsta actividad es muy relevante para nosotros como Gobierno, debido a que las expositoras de distintos rubros productivos de nuestra Provincia de Ays\u00e9n pudieron comercializar sus productos, con un sentido, adem\u00e1s, muy simb\u00f3lico, porque se inicia el mes de la mujer en nuestro pa\u00eds. \u00a0El Centro de Negocios de SERCOTEC entrega la asesor\u00eda necesaria para que estos emprendimientos formalizados puedan consolidarse y as\u00ed lo han reconocido las propias expositoras con este importante apoyo que brindan las instituciones del Estado\u00a0a sus negocios e ideas de proyectos\u201d, concluy\u00f3.<\/p>\n<p style=\"text-align: justify;\">Esta \u201cExpo Mujer\u201d se convirti\u00f3 en un testimonio vivo del poder transformador del trabajo arduo, como as\u00ed tambi\u00e9n la determinaci\u00f3n de mujeres que cumplen diversos roles en la sociedad y que dentro de ese contexto, han decidido impulsar sus ideas, para materializarlas en un emprendimiento, el que hoy les abre un abanico de posibilidades de crecimiento y desarrollo empresarial, el que a su vez inspira a otras mujeres para seguir construyendo un futuro donde el emprendimiento femenino y familiar sea reconocido y valorado como una pieza fundamental del desarrollo econ\u00f3mico regional.<\/p>\n<\/div><\/section><\/div><div  style='height:50px' class='hr hr-invisible   avia-builder-el-6  el_after_av_one_full  el_before_av_social_share '><span class='hr-inner ' ><span class='hr-inner-style'><\/span><\/span><\/div><\/p>\n<div  class='av-social-sharing-box  avia-builder-el-7  el_after_av_hr  el_before_av_hr  '><div class='av-share-box'><h5 class='av-share-link-description av-no-toc '>Compartir esta noticia<\/h5><ul class='av-share-box-list noLightbox'><li class='av-share-link av-social-link-facebook' ><a target=\"_blank\" aria-label=\"Compartir en Facebook\" href='https:\/\/www.facebook.com\/sharer.php?u=https:\/\/radiorevelacionfm.cl\/?p=40004&#038;t=Exitosa%20Expo%20Mes%20de%20la%20Mujer%20realizada%20en%20Puerto%20Ays%C3%A9n%20reuni%C3%B3%20a%2025%20emprendedores' aria-hidden='false' data-av_icon='\ue8f3' data-av_iconfont='entypo-fontello' title='' data-avia-related-tooltip='Compartir en Facebook' rel=\"noopener\"><span class='avia_hidden_link_text'>Compartir en Facebook<\/span><\/a><\/li><li class='av-share-link av-social-link-twitter' ><a target=\"_blank\" aria-label=\"Compartir en Twitter\" href='https:\/\/twitter.com\/share?text=Exitosa%20Expo%20Mes%20de%20la%20Mujer%20realizada%20en%20Puerto%20Ays%C3%A9n%20reuni%C3%B3%20a%2025%20emprendedores&#038;url=https:\/\/radiorevelacionfm.cl\/?p=40004' aria-hidden='false' data-av_icon='\ue8f1' data-av_iconfont='entypo-fontello' title='' data-avia-related-tooltip='Compartir en Twitter' rel=\"noopener\"><span class='avia_hidden_link_text'>Compartir en Twitter<\/span><\/a><\/li><li class='av-share-link av-social-link-whatsapp' ><a target=\"_blank\" aria-label=\"Compartir en Whatsapp\" href='https:\/\/api.whatsapp.com\/send?text=https:\/\/radiorevelacionfm.cl\/?p=40004' aria-hidden='false' data-av_icon='\uf232' data-av_iconfont='entypo-fontello' title='' data-avia-related-tooltip='Compartir en Whatsapp' rel=\"noopener\"><span class='avia_hidden_link_text'>Compartir en Whatsapp<\/span><\/a><\/li><li class='av-share-link av-social-link-linkedin' ><a target=\"_blank\" aria-label=\"Compartir en LinkedIn\" href='https:\/\/linkedin.com\/shareArticle?mini=true&#038;title=Exitosa%20Expo%20Mes%20de%20la%20Mujer%20realizada%20en%20Puerto%20Ays%C3%A9n%20reuni%C3%B3%20a%2025%20emprendedores&#038;url=https:\/\/radiorevelacionfm.cl\/?p=40004' aria-hidden='false' data-av_icon='\ue8fc' data-av_iconfont='entypo-fontello' title='' data-avia-related-tooltip='Compartir en LinkedIn' rel=\"noopener\"><span class='avia_hidden_link_text'>Compartir en LinkedIn<\/span><\/a><\/li><li class='av-share-link av-social-link-mail' ><a  aria-label=\"Compartir por correo\" href='mailto:?subject=Exitosa%20Expo%20Mes%20de%20la%20Mujer%20realizada%20en%20Puerto%20Ays%C3%A9n%20reuni%C3%B3%20a%2025%20emprendedores&#038;body=https:\/\/radiorevelacionfm.cl\/?p=40004' aria-hidden='false' data-av_icon='\ue805' data-av_iconfont='entypo-fontello' title='' data-avia-related-tooltip='Compartir por correo'><span class='avia_hidden_link_text'>Compartir por correo<\/span><\/a><\/li><\/ul><\/div><\/div>\n<div  style='height:50px' class='hr hr-invisible   avia-builder-el-8  el_after_av_social_share  el_before_av_comments_list '><span class='hr-inner ' ><span class='hr-inner-style'><\/span><\/span><\/div>\n<div  class='av-buildercomment  av-blog-meta-html-info-disabled av-blog-meta-tag-disabled  '><\/div>\n","protected":false},"excerpt":{"rendered":"","protected":false},"author":1,"featured_media":40005,"comment_status":"open","ping_status":"open","sticky":false,"template":"","format":"standard","meta":{"footnotes":""},"categories":[38],"tags":[],"class_list":["post-40004","post","type-post","status-publish","format-standard","has-post-thumbnail","hentry","category-regional"],"jetpack_featured_media_url":"https:\/\/radiorevelacionfm.cl\/wp-content\/uploads\/2024\/03\/g1-1_optimized.jpg","_links":{"self":[{"href":"https:\/\/radiorevelacionfm.cl\/index.php?rest_route=\/wp\/v2\/posts\/40004","targetHints":{"allow":["GET"]}}],"collection":[{"href":"https:\/\/radiorevelacionfm.cl\/index.php?rest_route=\/wp\/v2\/posts"}],"about":[{"href":"https:\/\/radiorevelacionfm.cl\/index.php?rest_route=\/wp\/v2\/types\/post"}],"author":[{"embeddable":true,"href":"https:\/\/radiorevelacionfm.cl\/index.php?rest_route=\/wp\/v2\/users\/1"}],"replies":[{"embeddable":true,"href":"https:\/\/radiorevelacionfm.cl\/index.php?rest_route=%2Fwp%2Fv2%2Fcomments&post=40004"}],"version-history":[{"count":1,"href":"https:\/\/radiorevelacionfm.cl\/index.php?rest_route=\/wp\/v2\/posts\/40004\/revisions"}],"predecessor-version":[{"id":40006,"href":"https:\/\/radiorevelacionfm.cl\/index.php?rest_route=\/wp\/v2\/posts\/40004\/revisions\/40006"}],"wp:featuredmedia":[{"embeddable":true,"href":"https:\/\/radiorevelacionfm.cl\/index.php?rest_route=\/wp\/v2\/media\/40005"}],"wp:attachment":[{"href":"https:\/\/radiorevelacionfm.cl\/index.php?rest_route=%2Fwp%2Fv2%2Fmedia&parent=40004"}],"wp:term":[{"taxonomy":"category","embeddable":true,"href":"https:\/\/radiorevelacionfm.cl\/index.php?rest_route=%2Fwp%2Fv2%2Fcategories&post=40004"},{"taxonomy":"post_tag","embeddable":true,"href":"https:\/\/radiorevelacionfm.cl\/index.php?rest_route=%2Fwp%2Fv2%2Ftags&post=40004"}],"curies":[{"name":"wp","href":"https:\/\/api.w.org\/{rel}","templated":true}]}}