{"id":40001,"date":"2024-03-04T19:04:20","date_gmt":"2024-03-04T22:04:20","guid":{"rendered":"https:\/\/radiorevelacionfm.cl\/?p=40001"},"modified":"2024-03-04T19:04:20","modified_gmt":"2024-03-04T22:04:20","slug":"preparan-a-familias-y-comunidades-para-emergencias-catastrofes-y-desastres","status":"publish","type":"post","link":"https:\/\/radiorevelacionfm.cl\/?p=40001","title":{"rendered":"Preparan a familias y comunidades para emergencias, cat\u00e1strofes y desastres"},"content":{"rendered":"<div class=\"flex_column av_one_full  flex_column_div av-zero-column-padding first  avia-builder-el-0  el_before_av_one_full  avia-builder-el-first  \" style='border-radius:0px; '><div  class='avia-image-container  av-styling-    avia-builder-el-1  avia-builder-el-no-sibling  avia-align-center '  itemprop=\"image\" itemscope=\"itemscope\" itemtype=\"https:\/\/schema.org\/ImageObject\"  ><div class='avia-image-container-inner'><div class='avia-image-overlay-wrap'><img decoding=\"async\" class='wp-image-40002 avia-img-lazy-loading-not-40002 avia_image' src=\"https:\/\/radiorevelacionfm.cl\/wp-content\/uploads\/2024\/03\/foto-1-39-1-1.jpeg\" alt='' title='foto 1 (39) (1) (1)' height=\"600\" width=\"1067\"  itemprop=\"thumbnailUrl\" srcset=\"https:\/\/radiorevelacionfm.cl\/wp-content\/uploads\/2024\/03\/foto-1-39-1-1.jpeg 1067w, https:\/\/radiorevelacionfm.cl\/wp-content\/uploads\/2024\/03\/foto-1-39-1-1-300x169.jpeg 300w, https:\/\/radiorevelacionfm.cl\/wp-content\/uploads\/2024\/03\/foto-1-39-1-1-1030x579.jpeg 1030w, https:\/\/radiorevelacionfm.cl\/wp-content\/uploads\/2024\/03\/foto-1-39-1-1-768x432.jpeg 768w, https:\/\/radiorevelacionfm.cl\/wp-content\/uploads\/2024\/03\/foto-1-39-1-1-705x396.jpeg 705w, https:\/\/radiorevelacionfm.cl\/wp-content\/uploads\/2024\/03\/foto-1-39-1-1-450x253.jpeg 450w, https:\/\/radiorevelacionfm.cl\/wp-content\/uploads\/2024\/03\/foto-1-39-1-1-600x337.jpeg 600w\" sizes=\"(max-width: 1067px) 100vw, 1067px\" \/><\/div><\/div><\/div><\/div><div class=\"flex_column av_one_full  flex_column_div av-zero-column-padding first  avia-builder-el-2  el_after_av_one_full  el_before_av_one_full  column-top-margin\" style='border-radius:0px; '><section class=\"av_textblock_section \"  itemscope=\"itemscope\" itemtype=\"https:\/\/schema.org\/BlogPosting\" itemprop=\"blogPost\" ><div class='avia_textblock  '   itemprop=\"text\" ><p style=\"text-align: center;\"><strong><span style=\"font-size: 18pt;\">Preparan a familias y comunidades para emergencias, cat\u00e1strofes y desastres<\/span><\/strong><\/p>\n<div id=\"gtx-trans\" style=\"position: absolute; left: -50px; top: 4.31534px;\">\n<div class=\"gtx-trans-icon\"><\/div>\n<\/div>\n<\/div><\/section><\/div><div class=\"flex_column av_one_full  flex_column_div av-zero-column-padding first  avia-builder-el-4  el_after_av_one_full  el_before_av_hr  column-top-margin\" style='border-radius:0px; '><section class=\"av_textblock_section \"  itemscope=\"itemscope\" itemtype=\"https:\/\/schema.org\/BlogPosting\" itemprop=\"blogPost\" ><div class='avia_textblock  '   itemprop=\"text\" ><p style=\"text-align: justify;\">Con una gran convocatoria, donde participaron representantes de la sociedad civil y de juntas de vecinos de Coyhaique, la seremi de Gobierno, Tatiana Pl\u00e1 y el director regional de Senapred, Sidi Bravo, se realiz\u00f3, en el auditorio de la Mutual de Seguridad, la primera escuela de este a\u00f1o 2024, denominada \u201cFamilias Preparadas\u201d, instancia organizada por la Divisi\u00f3n de Organizaciones Sociales de nuestro ministerio, mientras que la capacitaci\u00f3n estuvo a cargo del Servicio Nacional de Prevenci\u00f3n y Respuesta ante Desastres, Senapred, de la regi\u00f3n de Ays\u00e9n.<\/p>\n<p style=\"text-align: justify;\">La tem\u00e1tica de esta escuela de formaci\u00f3n estuvo centrada en la prevenci\u00f3n y seguridad ante desastres y cat\u00e1strofes en nuestra regi\u00f3n, y c\u00f3mo estar prevenidos y poder anticiparnos ante una emergencia, tanto dentro de nuestras familias como al interior de nuestras comunidades, edificios y poblaciones.<\/p>\n<p style=\"text-align: justify;\">\u201cEstuvimos en la escuela de formaci\u00f3n Familias Preparadas, un m\u00f3dulo de la Divisi\u00f3n de Organizaciones Sociales que, junto con Senapred, realiza esta formaci\u00f3n, capacitaci\u00f3n, entrega de herramientas, para que los dirigentes, en este caso, puedan tener m\u00e1s herramientas en caso de emergencia, dentro de sus casas, para prepararse como familia, como comunidad. Tuvimos un gran inter\u00e9s de parte de la comunidad, tanto as\u00ed que no pudimos terminarlo y vamos a continuar la pr\u00f3xima semana, seguramente. Y despu\u00e9s, vamos a seguir coordinando para hacerlo en diferentes organizaciones de manera presencial, que es como la gente quiere que se hagan este tipo de actividades\u201d, afirm\u00f3 la seremi de Gobierno, Tatiana Pl\u00e1.<\/p>\n<p style=\"text-align: justify;\">La Secretaria Regional Ministerial de Gobierno se\u00f1al\u00f3 que es un compromiso de gobierno seguir haciendo escuelas de formaci\u00f3n para las organizaciones sociales, y que se contar\u00e1 con una agenda que contempla la realizaci\u00f3n semestral de escuelas de formaci\u00f3n, no solamente en la capital regional, sino que tambi\u00e9n en las cuatro capitales provinciales de nuestra regi\u00f3n.<\/p>\n<p style=\"text-align: justify;\">\u201cEn esta alianza estrat\u00e9gica entre la Secretar\u00eda General de Gobierno y Senapred, para las organizaciones sociales, hemos trabajado en conjunto en lo que dice relaci\u00f3n con familia preparada, que es un producto que tiene Senapred para poder ayudar a las comunidades a prepararse, a prevenir, en situaciones de urgencia o emergencia, desde lo m\u00e1s b\u00e1sico que son nuestros hogares. Es sumamente importante para Senapred poder tener esta convocatoria que hemos tenido en el d\u00eda de hoy y poder entregar estos productos, no solamente indicarles el autocuidado que deben tener, sino que tener comunidades proactivas frente a la prevenci\u00f3n como tambi\u00e9n a la respuesta ante situaciones de emergencia, desastres o cat\u00e1strofes\u201d, asever\u00f3 el director regional de Senapred, Sidi Bravo.<\/p>\n<p style=\"text-align: justify;\">En la escuela de formaci\u00f3n \u201cFamilias Preparadas\u201d participaron alrededor de 35 personas, en su mayor\u00eda dirigentes sociales y representantes de diversas juntas de vecinos de Coyhaique. \u201cFue un evento maravilloso y, m\u00e1s encima, que fue con una participaci\u00f3n de todos los dirigentes que vinimos, haciendo consultas, entregando cada uno sus experiencias en los desastres en que han tenido que estar. Nosotros siempre estamos esperando que sea el gobierno o las instituciones p\u00fablicas las que den respuestas, pero tambi\u00e9n nosotros nos tenemos que anticipar, como comunidad, a ciertos desastres que existen\u201d, destac\u00f3 Jos\u00e9 Manuel Vivallo, presidente de la Uni\u00f3n Comunal de Adultos Mayores de Coyhaique.<\/p>\n<p style=\"text-align: justify;\">\u201cComo iniciativa, fue excelente, porque la mayor\u00eda de los que est\u00e1bamos somos dirigentes, de alguna u otra forma, y as\u00ed podemos replicar esto a nuestras comunidades. Ojal\u00e1 que se repita con m\u00e1s frecuencia, porque es excelente. Fueron tambi\u00e9n excelentes los expositores y muy c\u00f3moda la sala. As\u00ed que se agradece a todas las instancias gubernamentales que participaron en este tema\u201d, expres\u00f3 Ver\u00f3nica Contreras, presidenta del taller del adulto mayor \u201cSonrisas de Primavera\u201d, quien tambi\u00e9n particip\u00f3 de la escuela de formaci\u00f3n.<\/p>\n<\/div><\/section><\/div><div  style='height:50px' class='hr hr-invisible   avia-builder-el-6  el_after_av_one_full  el_before_av_social_share '><span class='hr-inner ' ><span class='hr-inner-style'><\/span><\/span><\/div><\/p>\n<div  class='av-social-sharing-box  avia-builder-el-7  el_after_av_hr  el_before_av_hr  '><div class='av-share-box'><h5 class='av-share-link-description av-no-toc '>Compartir esta noticia<\/h5><ul class='av-share-box-list noLightbox'><li class='av-share-link av-social-link-facebook' ><a target=\"_blank\" aria-label=\"Compartir en Facebook\" href='https:\/\/www.facebook.com\/sharer.php?u=https:\/\/radiorevelacionfm.cl\/?p=40001&#038;t=Preparan%20a%20familias%20y%20comunidades%20para%20emergencias%2C%20cat%C3%A1strofes%20y%20desastres' aria-hidden='false' data-av_icon='\ue8f3' data-av_iconfont='entypo-fontello' title='' data-avia-related-tooltip='Compartir en Facebook' rel=\"noopener\"><span class='avia_hidden_link_text'>Compartir en Facebook<\/span><\/a><\/li><li class='av-share-link av-social-link-twitter' ><a target=\"_blank\" aria-label=\"Compartir en Twitter\" href='https:\/\/twitter.com\/share?text=Preparan%20a%20familias%20y%20comunidades%20para%20emergencias%2C%20cat%C3%A1strofes%20y%20desastres&#038;url=https:\/\/radiorevelacionfm.cl\/?p=40001' aria-hidden='false' data-av_icon='\ue8f1' data-av_iconfont='entypo-fontello' title='' data-avia-related-tooltip='Compartir en Twitter' rel=\"noopener\"><span class='avia_hidden_link_text'>Compartir en Twitter<\/span><\/a><\/li><li class='av-share-link av-social-link-whatsapp' ><a target=\"_blank\" aria-label=\"Compartir en Whatsapp\" href='https:\/\/api.whatsapp.com\/send?text=https:\/\/radiorevelacionfm.cl\/?p=40001' aria-hidden='false' data-av_icon='\uf232' data-av_iconfont='entypo-fontello' title='' data-avia-related-tooltip='Compartir en Whatsapp' rel=\"noopener\"><span class='avia_hidden_link_text'>Compartir en Whatsapp<\/span><\/a><\/li><li class='av-share-link av-social-link-linkedin' ><a target=\"_blank\" aria-label=\"Compartir en LinkedIn\" href='https:\/\/linkedin.com\/shareArticle?mini=true&#038;title=Preparan%20a%20familias%20y%20comunidades%20para%20emergencias%2C%20cat%C3%A1strofes%20y%20desastres&#038;url=https:\/\/radiorevelacionfm.cl\/?p=40001' aria-hidden='false' data-av_icon='\ue8fc' data-av_iconfont='entypo-fontello' title='' data-avia-related-tooltip='Compartir en LinkedIn' rel=\"noopener\"><span class='avia_hidden_link_text'>Compartir en LinkedIn<\/span><\/a><\/li><li class='av-share-link av-social-link-mail' ><a  aria-label=\"Compartir por correo\" href='mailto:?subject=Preparan%20a%20familias%20y%20comunidades%20para%20emergencias%2C%20cat%C3%A1strofes%20y%20desastres&#038;body=https:\/\/radiorevelacionfm.cl\/?p=40001' aria-hidden='false' data-av_icon='\ue805' data-av_iconfont='entypo-fontello' title='' data-avia-related-tooltip='Compartir por correo'><span class='avia_hidden_link_text'>Compartir por correo<\/span><\/a><\/li><\/ul><\/div><\/div>\n<div  style='height:50px' class='hr hr-invisible   avia-builder-el-8  el_after_av_social_share  el_before_av_comments_list '><span class='hr-inner ' ><span class='hr-inner-style'><\/span><\/span><\/div>\n<div  class='av-buildercomment  av-blog-meta-html-info-disabled av-blog-meta-tag-disabled  '><\/div>\n","protected":false},"excerpt":{"rendered":"","protected":false},"author":1,"featured_media":40002,"comment_status":"open","ping_status":"open","sticky":false,"template":"","format":"standard","meta":{"footnotes":""},"categories":[38],"tags":[],"class_list":["post-40001","post","type-post","status-publish","format-standard","has-post-thumbnail","hentry","category-regional"],"jetpack_featured_media_url":"https:\/\/radiorevelacionfm.cl\/wp-content\/uploads\/2024\/03\/foto-1-39-1-1.jpeg","_links":{"self":[{"href":"https:\/\/radiorevelacionfm.cl\/index.php?rest_route=\/wp\/v2\/posts\/40001","targetHints":{"allow":["GET"]}}],"collection":[{"href":"https:\/\/radiorevelacionfm.cl\/index.php?rest_route=\/wp\/v2\/posts"}],"about":[{"href":"https:\/\/radiorevelacionfm.cl\/index.php?rest_route=\/wp\/v2\/types\/post"}],"author":[{"embeddable":true,"href":"https:\/\/radiorevelacionfm.cl\/index.php?rest_route=\/wp\/v2\/users\/1"}],"replies":[{"embeddable":true,"href":"https:\/\/radiorevelacionfm.cl\/index.php?rest_route=%2Fwp%2Fv2%2Fcomments&post=40001"}],"version-history":[{"count":1,"href":"https:\/\/radiorevelacionfm.cl\/index.php?rest_route=\/wp\/v2\/posts\/40001\/revisions"}],"predecessor-version":[{"id":40003,"href":"https:\/\/radiorevelacionfm.cl\/index.php?rest_route=\/wp\/v2\/posts\/40001\/revisions\/40003"}],"wp:featuredmedia":[{"embeddable":true,"href":"https:\/\/radiorevelacionfm.cl\/index.php?rest_route=\/wp\/v2\/media\/40002"}],"wp:attachment":[{"href":"https:\/\/radiorevelacionfm.cl\/index.php?rest_route=%2Fwp%2Fv2%2Fmedia&parent=40001"}],"wp:term":[{"taxonomy":"category","embeddable":true,"href":"https:\/\/radiorevelacionfm.cl\/index.php?rest_route=%2Fwp%2Fv2%2Fcategories&post=40001"},{"taxonomy":"post_tag","embeddable":true,"href":"https:\/\/radiorevelacionfm.cl\/index.php?rest_route=%2Fwp%2Fv2%2Ftags&post=40001"}],"curies":[{"name":"wp","href":"https:\/\/api.w.org\/{rel}","templated":true}]}}