{"id":39998,"date":"2024-03-04T15:39:06","date_gmt":"2024-03-04T18:39:06","guid":{"rendered":"https:\/\/radiorevelacionfm.cl\/?p=39998"},"modified":"2024-03-04T15:39:06","modified_gmt":"2024-03-04T18:39:06","slug":"senadis-abre-postulacion-al-programa-de-ayudas-tecnicas-con-nuevas-incorporaciones","status":"publish","type":"post","link":"https:\/\/radiorevelacionfm.cl\/?p=39998","title":{"rendered":"Senadis abre postulaci\u00f3n al Programa de Ayudas T\u00e9cnicas con nuevas incorporaciones"},"content":{"rendered":"<div class=\"flex_column av_one_full  flex_column_div av-zero-column-padding first  avia-builder-el-0  el_before_av_one_full  avia-builder-el-first  \" style='border-radius:0px; '><div  class='avia-image-container  av-styling-    avia-builder-el-1  avia-builder-el-no-sibling  avia-align-center '  itemprop=\"image\" itemscope=\"itemscope\" itemtype=\"https:\/\/schema.org\/ImageObject\"  ><div class='avia-image-container-inner'><div class='avia-image-overlay-wrap'><img decoding=\"async\" class='wp-image-39999 avia-img-lazy-loading-not-39999 avia_image' src=\"https:\/\/radiorevelacionfm.cl\/wp-content\/uploads\/2024\/03\/ayudastecnicas-1-1_optimized-1.jpeg\" alt='' title='ayudast\u00e9cnicas-1-(1)_optimized (1)' height=\"600\" width=\"1067\"  itemprop=\"thumbnailUrl\" srcset=\"https:\/\/radiorevelacionfm.cl\/wp-content\/uploads\/2024\/03\/ayudastecnicas-1-1_optimized-1.jpeg 1067w, https:\/\/radiorevelacionfm.cl\/wp-content\/uploads\/2024\/03\/ayudastecnicas-1-1_optimized-1-300x169.jpeg 300w, https:\/\/radiorevelacionfm.cl\/wp-content\/uploads\/2024\/03\/ayudastecnicas-1-1_optimized-1-1030x579.jpeg 1030w, https:\/\/radiorevelacionfm.cl\/wp-content\/uploads\/2024\/03\/ayudastecnicas-1-1_optimized-1-768x432.jpeg 768w, https:\/\/radiorevelacionfm.cl\/wp-content\/uploads\/2024\/03\/ayudastecnicas-1-1_optimized-1-705x396.jpeg 705w, https:\/\/radiorevelacionfm.cl\/wp-content\/uploads\/2024\/03\/ayudastecnicas-1-1_optimized-1-450x253.jpeg 450w, https:\/\/radiorevelacionfm.cl\/wp-content\/uploads\/2024\/03\/ayudastecnicas-1-1_optimized-1-600x337.jpeg 600w\" sizes=\"(max-width: 1067px) 100vw, 1067px\" \/><\/div><\/div><\/div><\/div><div class=\"flex_column av_one_full  flex_column_div av-zero-column-padding first  avia-builder-el-2  el_after_av_one_full  el_before_av_one_full  column-top-margin\" style='border-radius:0px; '><section class=\"av_textblock_section \"  itemscope=\"itemscope\" itemtype=\"https:\/\/schema.org\/BlogPosting\" itemprop=\"blogPost\" ><div class='avia_textblock  '   itemprop=\"text\" ><p style=\"text-align: center;\"><strong><span style=\"font-size: 18pt;\">Senadis abre postulaci\u00f3n al Programa de Ayudas T\u00e9cnicas con nuevas incorporaciones<\/span><\/strong><\/p>\n<div id=\"gtx-trans\" style=\"position: absolute; left: -50px; top: 4.31534px;\">\n<div class=\"gtx-trans-icon\"><\/div>\n<\/div>\n<\/div><\/section><\/div><div class=\"flex_column av_one_full  flex_column_div av-zero-column-padding first  avia-builder-el-4  el_after_av_one_full  el_before_av_hr  column-top-margin\" style='border-radius:0px; '><section class=\"av_textblock_section \"  itemscope=\"itemscope\" itemtype=\"https:\/\/schema.org\/BlogPosting\" itemprop=\"blogPost\" ><div class='avia_textblock  '   itemprop=\"text\" ><p style=\"text-align: justify;\">Este lunes 4 de marzo se abre la convocatoria 2024 del Programa de Ayudas T\u00e9cnicas del Servicio Nacional de la Discapacidad a partir de las 15:00 horas, a trav\u00e9s de la plataforma\u00a0<a id=\"v1OWA10895b54-ff5c-51dc-1c4d-e27144f422f6\" class=\"v1OWAAutoLink\" href=\"https:\/\/portal.senadis.cl\/\" target=\"_blank\" rel=\"noopener noreferrer\">https:\/\/portal.senadis.cl<\/a>. Las personas con discapacidad y gestores podr\u00e1n postular a un m\u00e1ximo de dos ayudas t\u00e9cnicas, de acuerdo a la oferta de elementos disponibles del Senadis.<\/p>\n<p style=\"text-align: justify;\">Tras realizar distintas charlas informativas de la convocatoria en la regi\u00f3n, autoridades y equipo t\u00e9cnico dieron a conocer que a partir de este a\u00f1o el Programa Regular de Ayudas T\u00e9cnicas se hace parte del Sistema Nacional de Apoyos y Cuidados, Chile Cuida que tiene como finalidad financiar elementos como sillas de rueda, aud\u00edfonos, bastones, entre otros, que propicien la participaci\u00f3n plena de las personas con discapacidad en los distintos \u00e1mbitos la vida.<\/p>\n<p style=\"text-align: justify;\">As\u00ed lo\u00a0relev\u00f3 la Seremi de Desarrollo Social y Familia Karina Acevedo \u00abEl nuevo programa ayudas t\u00e9cnicas para esta convocatoria 2024 viene con grandes novedades, se enmarca a partir de este a\u00f1o en el Chile Cuida, que es\u00a0el gran desaf\u00edo\u00a0que tenemos como Ministerio y que el presidente\u00a0Boric nos ha encomendado. Adem\u00e1s de eso tenemos en la regi\u00f3n de Ays\u00e9n un aumento importante de m\u00e1s de 3 veces el presupuesto que antiguamente ten\u00edamos en este programa a $67 millones de pesos, para que puedan postular y tener esta ayuda t\u00e9cnica que le mejore su calidad de vida en el d\u00eda a d\u00eda.\u00a0Es s\u00faper importante que est\u00e9n informados, vean los antecedentes en la p\u00e1gina, revisar cu\u00e1les son los requisitos, as\u00ed que inf\u00f3rmense, est\u00e9n atentos, convoquen a quienes puedan\u00a0sumarse\u00a0a esta convocatoria y si hay dudas, acuda al Senadis\u00bb.<\/p>\n<p style=\"text-align: justify;\">Dentro de las Ayudas T\u00e9cnicas y Tecnolog\u00edas de Apoyo que est\u00e1n en 9 categor\u00edas, se pueden encontrar diferentes productos, tales como: Lupa digital, bast\u00f3n gu\u00eda, catre cl\u00ednico, silla de ducha con respaldo y apoya brazos, notebook, Software lector de pantalla, sillas de ruedas, entre otras.<\/p>\n<p class=\"v1elementToProof\" style=\"text-align: justify;\">Por su lado, la directora regional del Senadis Viviana Mu\u00f1oz agreg\u00f3 que es muy importante reunir los antecedentes con anticipaci\u00f3n al cierre de postulaciones que es el mi\u00e9rcoles 3 de abril a las 18:00 horas y que para esta versi\u00f3n se ha incorporado una nueva ayuda t\u00e9cnica dirigida a personas del espectro autismo \u00a0\u00abLa postulaci\u00f3n se hace a trav\u00e9s de instituciones intermediarias o la propia persona con discapacidad, si prefiere hacerla directamente teniendo toda la documentaci\u00f3n, tambi\u00e9n puede hacer la postulaci\u00f3n a trav\u00e9s del enlace que est\u00e1 disponible en la p\u00e1gina de nuestro servicio.\u00a0Y este a\u00f1o tenemos, una nueva ayuda t\u00e9cnica incorporada en la oferta de nuestro servicio, que son los aud\u00edfonos con supresi\u00f3n de ruido, que es un elemento esencial para las personas con trastorno del espectro autista. Por lo tanto, tambi\u00e9n hacemos la invitaci\u00f3n a que las familias tanto de ni\u00f1os de 10 a\u00f1os hacia arriba como de personas adultas que requieran de este elemento, puedan realizar la postulaci\u00f3n y una ventaja es que no se requiere un formulario de indicaciones, es m\u00e1s simple la postulaci\u00f3n, por lo tanto, solo contar con credencial de discapacidad y con los requisitos de pertenecer al 70% m\u00e1s vulnerable de la poblaci\u00f3n y no haber tenido una ayuda t\u00e9cnica en el per\u00edodo 2022\u00bb.<\/p>\n<p style=\"text-align: justify;\">Hasta las 18:00 horas del 3 de abril van a estar abiertas las postulaciones para el programa en donde se ingresa al portal a trav\u00e9s de la clave \u00fanica. Por \u00faltimo,\u00a0para resolver dudas, pueden acudir a las oficinas del Senadis en la direcci\u00f3n 12 de octubre N# 467, tambi\u00e9n a los tel\u00e9fonos 672-252508 o 672-252509 y al correo\u00a0aysen@senadis.cl.<\/p>\n<\/div><\/section><\/div><div  style='height:50px' class='hr hr-invisible   avia-builder-el-6  el_after_av_one_full  el_before_av_social_share '><span class='hr-inner ' ><span class='hr-inner-style'><\/span><\/span><\/div><\/p>\n<div  class='av-social-sharing-box  avia-builder-el-7  el_after_av_hr  el_before_av_hr  '><div class='av-share-box'><h5 class='av-share-link-description av-no-toc '>Compartir esta noticia<\/h5><ul class='av-share-box-list noLightbox'><li class='av-share-link av-social-link-facebook' ><a target=\"_blank\" aria-label=\"Compartir en Facebook\" href='https:\/\/www.facebook.com\/sharer.php?u=https:\/\/radiorevelacionfm.cl\/?p=39998&#038;t=Senadis%20abre%20postulaci%C3%B3n%20al%20Programa%20de%20Ayudas%20T%C3%A9cnicas%20con%20nuevas%20incorporaciones' aria-hidden='false' data-av_icon='\ue8f3' data-av_iconfont='entypo-fontello' title='' data-avia-related-tooltip='Compartir en Facebook' rel=\"noopener\"><span class='avia_hidden_link_text'>Compartir en Facebook<\/span><\/a><\/li><li class='av-share-link av-social-link-twitter' ><a target=\"_blank\" aria-label=\"Compartir en Twitter\" href='https:\/\/twitter.com\/share?text=Senadis%20abre%20postulaci%C3%B3n%20al%20Programa%20de%20Ayudas%20T%C3%A9cnicas%20con%20nuevas%20incorporaciones&#038;url=https:\/\/radiorevelacionfm.cl\/?p=39998' aria-hidden='false' data-av_icon='\ue8f1' data-av_iconfont='entypo-fontello' title='' data-avia-related-tooltip='Compartir en Twitter' rel=\"noopener\"><span class='avia_hidden_link_text'>Compartir en Twitter<\/span><\/a><\/li><li class='av-share-link av-social-link-whatsapp' ><a target=\"_blank\" aria-label=\"Compartir en Whatsapp\" href='https:\/\/api.whatsapp.com\/send?text=https:\/\/radiorevelacionfm.cl\/?p=39998' aria-hidden='false' data-av_icon='\uf232' data-av_iconfont='entypo-fontello' title='' data-avia-related-tooltip='Compartir en Whatsapp' rel=\"noopener\"><span class='avia_hidden_link_text'>Compartir en Whatsapp<\/span><\/a><\/li><li class='av-share-link av-social-link-linkedin' ><a target=\"_blank\" aria-label=\"Compartir en LinkedIn\" href='https:\/\/linkedin.com\/shareArticle?mini=true&#038;title=Senadis%20abre%20postulaci%C3%B3n%20al%20Programa%20de%20Ayudas%20T%C3%A9cnicas%20con%20nuevas%20incorporaciones&#038;url=https:\/\/radiorevelacionfm.cl\/?p=39998' aria-hidden='false' data-av_icon='\ue8fc' data-av_iconfont='entypo-fontello' title='' data-avia-related-tooltip='Compartir en LinkedIn' rel=\"noopener\"><span class='avia_hidden_link_text'>Compartir en LinkedIn<\/span><\/a><\/li><li class='av-share-link av-social-link-mail' ><a  aria-label=\"Compartir por correo\" href='mailto:?subject=Senadis%20abre%20postulaci%C3%B3n%20al%20Programa%20de%20Ayudas%20T%C3%A9cnicas%20con%20nuevas%20incorporaciones&#038;body=https:\/\/radiorevelacionfm.cl\/?p=39998' aria-hidden='false' data-av_icon='\ue805' data-av_iconfont='entypo-fontello' title='' data-avia-related-tooltip='Compartir por correo'><span class='avia_hidden_link_text'>Compartir por correo<\/span><\/a><\/li><\/ul><\/div><\/div>\n<div  style='height:50px' class='hr hr-invisible   avia-builder-el-8  el_after_av_social_share  el_before_av_comments_list '><span class='hr-inner ' ><span class='hr-inner-style'><\/span><\/span><\/div>\n<div  class='av-buildercomment  av-blog-meta-html-info-disabled av-blog-meta-tag-disabled  '><\/div>\n","protected":false},"excerpt":{"rendered":"","protected":false},"author":1,"featured_media":39999,"comment_status":"open","ping_status":"open","sticky":false,"template":"","format":"standard","meta":{"footnotes":""},"categories":[38],"tags":[],"class_list":["post-39998","post","type-post","status-publish","format-standard","has-post-thumbnail","hentry","category-regional"],"jetpack_featured_media_url":"https:\/\/radiorevelacionfm.cl\/wp-content\/uploads\/2024\/03\/ayudastecnicas-1-1_optimized-1.jpeg","_links":{"self":[{"href":"https:\/\/radiorevelacionfm.cl\/index.php?rest_route=\/wp\/v2\/posts\/39998","targetHints":{"allow":["GET"]}}],"collection":[{"href":"https:\/\/radiorevelacionfm.cl\/index.php?rest_route=\/wp\/v2\/posts"}],"about":[{"href":"https:\/\/radiorevelacionfm.cl\/index.php?rest_route=\/wp\/v2\/types\/post"}],"author":[{"embeddable":true,"href":"https:\/\/radiorevelacionfm.cl\/index.php?rest_route=\/wp\/v2\/users\/1"}],"replies":[{"embeddable":true,"href":"https:\/\/radiorevelacionfm.cl\/index.php?rest_route=%2Fwp%2Fv2%2Fcomments&post=39998"}],"version-history":[{"count":1,"href":"https:\/\/radiorevelacionfm.cl\/index.php?rest_route=\/wp\/v2\/posts\/39998\/revisions"}],"predecessor-version":[{"id":40000,"href":"https:\/\/radiorevelacionfm.cl\/index.php?rest_route=\/wp\/v2\/posts\/39998\/revisions\/40000"}],"wp:featuredmedia":[{"embeddable":true,"href":"https:\/\/radiorevelacionfm.cl\/index.php?rest_route=\/wp\/v2\/media\/39999"}],"wp:attachment":[{"href":"https:\/\/radiorevelacionfm.cl\/index.php?rest_route=%2Fwp%2Fv2%2Fmedia&parent=39998"}],"wp:term":[{"taxonomy":"category","embeddable":true,"href":"https:\/\/radiorevelacionfm.cl\/index.php?rest_route=%2Fwp%2Fv2%2Fcategories&post=39998"},{"taxonomy":"post_tag","embeddable":true,"href":"https:\/\/radiorevelacionfm.cl\/index.php?rest_route=%2Fwp%2Fv2%2Ftags&post=39998"}],"curies":[{"name":"wp","href":"https:\/\/api.w.org\/{rel}","templated":true}]}}