{"id":39995,"date":"2024-03-04T14:35:42","date_gmt":"2024-03-04T17:35:42","guid":{"rendered":"https:\/\/radiorevelacionfm.cl\/?p=39995"},"modified":"2024-03-04T14:35:42","modified_gmt":"2024-03-04T17:35:42","slug":"proyecto-por-mas-de-230-millones-permitira-ampliar-el-sistema-de-captacion-de-agua-en-huichas","status":"publish","type":"post","link":"https:\/\/radiorevelacionfm.cl\/?p=39995","title":{"rendered":"Proyecto por m\u00e1s de 230 millones permitir\u00e1 ampliar el sistema de captaci\u00f3n de Agua en Huichas"},"content":{"rendered":"<div class=\"flex_column av_one_full  flex_column_div av-zero-column-padding first  avia-builder-el-0  el_before_av_one_full  avia-builder-el-first  \" style='border-radius:0px; '><div  class='avia-image-container  av-styling-    avia-builder-el-1  avia-builder-el-no-sibling  avia-align-center '  itemprop=\"image\" itemscope=\"itemscope\" itemtype=\"https:\/\/schema.org\/ImageObject\"  ><div class='avia-image-container-inner'><div class='avia-image-overlay-wrap'><img decoding=\"async\" class='wp-image-39996 avia-img-lazy-loading-not-39996 avia_image' src=\"https:\/\/radiorevelacionfm.cl\/wp-content\/uploads\/2024\/03\/Huichas-agua-3-1-1.jpg\" alt='' title='Huichas agua 3 (1) (1)' height=\"600\" width=\"1067\"  itemprop=\"thumbnailUrl\" srcset=\"https:\/\/radiorevelacionfm.cl\/wp-content\/uploads\/2024\/03\/Huichas-agua-3-1-1.jpg 1067w, https:\/\/radiorevelacionfm.cl\/wp-content\/uploads\/2024\/03\/Huichas-agua-3-1-1-300x169.jpg 300w, https:\/\/radiorevelacionfm.cl\/wp-content\/uploads\/2024\/03\/Huichas-agua-3-1-1-1030x579.jpg 1030w, https:\/\/radiorevelacionfm.cl\/wp-content\/uploads\/2024\/03\/Huichas-agua-3-1-1-768x432.jpg 768w, https:\/\/radiorevelacionfm.cl\/wp-content\/uploads\/2024\/03\/Huichas-agua-3-1-1-705x396.jpg 705w, https:\/\/radiorevelacionfm.cl\/wp-content\/uploads\/2024\/03\/Huichas-agua-3-1-1-450x253.jpg 450w, https:\/\/radiorevelacionfm.cl\/wp-content\/uploads\/2024\/03\/Huichas-agua-3-1-1-600x337.jpg 600w\" sizes=\"(max-width: 1067px) 100vw, 1067px\" \/><\/div><\/div><\/div><\/div><div class=\"flex_column av_one_full  flex_column_div av-zero-column-padding first  avia-builder-el-2  el_after_av_one_full  el_before_av_one_full  column-top-margin\" style='border-radius:0px; '><section class=\"av_textblock_section \"  itemscope=\"itemscope\" itemtype=\"https:\/\/schema.org\/BlogPosting\" itemprop=\"blogPost\" ><div class='avia_textblock  '   itemprop=\"text\" ><p style=\"text-align: center;\"><strong><span style=\"font-size: 18pt;\">Proyecto por m\u00e1s de 230 millones permitir\u00e1 ampliar el sistema de captaci\u00f3n de Agua en Huichas<\/span><\/strong><\/p>\n<div id=\"gtx-trans\" style=\"position: absolute; left: -50px; top: 4.31534px;\">\n<div class=\"gtx-trans-icon\"><\/div>\n<\/div>\n<\/div><\/section><\/div><div class=\"flex_column av_one_full  flex_column_div av-zero-column-padding first  avia-builder-el-4  el_after_av_one_full  el_before_av_hr  column-top-margin\" style='border-radius:0px; '><section class=\"av_textblock_section \"  itemscope=\"itemscope\" itemtype=\"https:\/\/schema.org\/BlogPosting\" itemprop=\"blogPost\" ><div class='avia_textblock  '   itemprop=\"text\" ><p style=\"text-align: justify;\"><em>La iniciativa contempla una inversi\u00f3n que supera los 230 millones de pesos y entregar\u00e1 m\u00e1s d\u00edas de abastecimiento en periodo de escases del vital elemento.<\/em><\/p>\n<p style=\"text-align: justify;\">Tras el importante aporte del proyecto t\u00e9cnico por parte de la Direcci\u00f3n de Obras Hidr\u00e1ulicas del MOP, el \u00e1rea de SECPLAN de la Municipalidad de Ays\u00e9n elabor\u00f3, logro la aprobaci\u00f3n, encontr\u00f3 el financiamiento a trav\u00e9s de la SUBDERE y pudo iniciar la licitaci\u00f3n del proyecto denominado \u201cConservaci\u00f3n Servicio Sanitario Rural Islas Huichas\u201d, que en concreto significar\u00e1 la construcci\u00f3n de un nuevo espacio de almacenamiento de agua, la que tras el debido tratamiento es distribuida a la poblaci\u00f3n, gracias a la gesti\u00f3n y el trabajo del Comit\u00e9 de Agua Potable Rural del sector.<\/p>\n<p style=\"text-align: justify;\">Esta ha sido una iniciativa prioritaria en la administraci\u00f3n del Alcalde Julio Uribe, considerando que es una necesidad que se deja ver todos los a\u00f1os, principalmente en los meses de verano.<\/p>\n<p style=\"text-align: justify;\">\u201cUn mes que no llueve comienzan los problemas de abastecimiento, por lo cual, tienen que poner en funcionamiento la planta de osmosis, que es la planta desalinizadora, lo que conlleva el gasto de combustible, que es gigante. Hoy se est\u00e1 trabajando en un proyecto fotovoltaico para la isla y por primera vez el Municipio se ha involucrado tanto en poner maquinaria, para que ellos puedan avanzar en esta materia y eso a nosotros tiene bien contentos por la cercan\u00eda que tenemos con la gente del APR de Islas Huichas\u201d.<\/p>\n<p style=\"text-align: justify;\">Con el objetivo tener una mejor preparaci\u00f3n ante la contingencia de sequ\u00eda, que ocurre particularmente durante los meses de verano, es que, se levant\u00f3 el proyecto que significar\u00e1 aumentar el espacio y cantidad de almacenamiento, proyecto que ya ha iniciado el proceso de licitaci\u00f3n.<\/p>\n<p style=\"text-align: justify;\">\u201cLa construcci\u00f3n de un nuevo captador, que es un estanque, que va a dar una soluci\u00f3n de poder contar con m\u00e1s d\u00edas, en caso de que exista este d\u00e9ficit h\u00eddrico, van a poder contar con un estanque que les permita resguardar agua para mantener el suministro en la poblaci\u00f3n. As\u00ed es que, son 235 millones de pesos que costar\u00eda esta infraestructura y que a nosotros como Municipio nos tiene muy motivados, de haber cumplido con los vecinos de Islas Huichas, en preocuparnos de proyectos realmente importantes para la comunidad\u201d.<\/p>\n<p style=\"text-align: justify;\">Es importante relevar el trabajo, gesti\u00f3n y preocupaci\u00f3n en torno a esta iniciativa, por parte de quienes integran el Comit\u00e9 de Agua Potable Rural de Islas Huichas. Como as\u00ed mismo, enfatizar que el proyecto t\u00e9cnico nace en la Direcci\u00f3n de Obras Hidr\u00e1ulicas del MOP, que de manera colaborativa tom\u00f3 el \u00e1rea de SECPLAN de la Municipalidad de Ays\u00e9n se elabor\u00f3 el proyecto, logr\u00f3 su aprobaci\u00f3n, encontr\u00f3 el financiamiento gracias a la SUBDERE y en la actualidad est\u00e1 en desarrollo el proceso de licitaci\u00f3n por m\u00e1s de 230 millones de pesos.<\/p>\n<\/div><\/section><\/div><div  style='height:50px' class='hr hr-invisible   avia-builder-el-6  el_after_av_one_full  el_before_av_social_share '><span class='hr-inner ' ><span class='hr-inner-style'><\/span><\/span><\/div><\/p>\n<div  class='av-social-sharing-box  avia-builder-el-7  el_after_av_hr  el_before_av_hr  '><div class='av-share-box'><h5 class='av-share-link-description av-no-toc '>Compartir esta noticia<\/h5><ul class='av-share-box-list noLightbox'><li class='av-share-link av-social-link-facebook' ><a target=\"_blank\" aria-label=\"Compartir en Facebook\" href='https:\/\/www.facebook.com\/sharer.php?u=https:\/\/radiorevelacionfm.cl\/?p=39995&#038;t=Proyecto%20por%20m%C3%A1s%20de%20230%20millones%20permitir%C3%A1%20ampliar%20el%20sistema%20de%20captaci%C3%B3n%20de%20Agua%20en%20Huichas' aria-hidden='false' data-av_icon='\ue8f3' data-av_iconfont='entypo-fontello' title='' data-avia-related-tooltip='Compartir en Facebook' rel=\"noopener\"><span class='avia_hidden_link_text'>Compartir en Facebook<\/span><\/a><\/li><li class='av-share-link av-social-link-twitter' ><a target=\"_blank\" aria-label=\"Compartir en Twitter\" href='https:\/\/twitter.com\/share?text=Proyecto%20por%20m%C3%A1s%20de%20230%20millones%20permitir%C3%A1%20ampliar%20el%20sistema%20de%20captaci%C3%B3n%20de%20Agua%20en%20Huichas&#038;url=https:\/\/radiorevelacionfm.cl\/?p=39995' aria-hidden='false' data-av_icon='\ue8f1' data-av_iconfont='entypo-fontello' title='' data-avia-related-tooltip='Compartir en Twitter' rel=\"noopener\"><span class='avia_hidden_link_text'>Compartir en Twitter<\/span><\/a><\/li><li class='av-share-link av-social-link-whatsapp' ><a target=\"_blank\" aria-label=\"Compartir en Whatsapp\" href='https:\/\/api.whatsapp.com\/send?text=https:\/\/radiorevelacionfm.cl\/?p=39995' aria-hidden='false' data-av_icon='\uf232' data-av_iconfont='entypo-fontello' title='' data-avia-related-tooltip='Compartir en Whatsapp' rel=\"noopener\"><span class='avia_hidden_link_text'>Compartir en Whatsapp<\/span><\/a><\/li><li class='av-share-link av-social-link-linkedin' ><a target=\"_blank\" aria-label=\"Compartir en LinkedIn\" href='https:\/\/linkedin.com\/shareArticle?mini=true&#038;title=Proyecto%20por%20m%C3%A1s%20de%20230%20millones%20permitir%C3%A1%20ampliar%20el%20sistema%20de%20captaci%C3%B3n%20de%20Agua%20en%20Huichas&#038;url=https:\/\/radiorevelacionfm.cl\/?p=39995' aria-hidden='false' data-av_icon='\ue8fc' data-av_iconfont='entypo-fontello' title='' data-avia-related-tooltip='Compartir en LinkedIn' rel=\"noopener\"><span class='avia_hidden_link_text'>Compartir en LinkedIn<\/span><\/a><\/li><li class='av-share-link av-social-link-mail' ><a  aria-label=\"Compartir por correo\" href='mailto:?subject=Proyecto%20por%20m%C3%A1s%20de%20230%20millones%20permitir%C3%A1%20ampliar%20el%20sistema%20de%20captaci%C3%B3n%20de%20Agua%20en%20Huichas&#038;body=https:\/\/radiorevelacionfm.cl\/?p=39995' aria-hidden='false' data-av_icon='\ue805' data-av_iconfont='entypo-fontello' title='' data-avia-related-tooltip='Compartir por correo'><span class='avia_hidden_link_text'>Compartir por correo<\/span><\/a><\/li><\/ul><\/div><\/div>\n<div  style='height:50px' class='hr hr-invisible   avia-builder-el-8  el_after_av_social_share  el_before_av_comments_list '><span class='hr-inner ' ><span class='hr-inner-style'><\/span><\/span><\/div>\n<div  class='av-buildercomment  av-blog-meta-html-info-disabled av-blog-meta-tag-disabled  '><\/div>\n","protected":false},"excerpt":{"rendered":"","protected":false},"author":1,"featured_media":39996,"comment_status":"open","ping_status":"open","sticky":false,"template":"","format":"standard","meta":{"footnotes":""},"categories":[38],"tags":[],"class_list":["post-39995","post","type-post","status-publish","format-standard","has-post-thumbnail","hentry","category-regional"],"jetpack_featured_media_url":"https:\/\/radiorevelacionfm.cl\/wp-content\/uploads\/2024\/03\/Huichas-agua-3-1-1.jpg","_links":{"self":[{"href":"https:\/\/radiorevelacionfm.cl\/index.php?rest_route=\/wp\/v2\/posts\/39995","targetHints":{"allow":["GET"]}}],"collection":[{"href":"https:\/\/radiorevelacionfm.cl\/index.php?rest_route=\/wp\/v2\/posts"}],"about":[{"href":"https:\/\/radiorevelacionfm.cl\/index.php?rest_route=\/wp\/v2\/types\/post"}],"author":[{"embeddable":true,"href":"https:\/\/radiorevelacionfm.cl\/index.php?rest_route=\/wp\/v2\/users\/1"}],"replies":[{"embeddable":true,"href":"https:\/\/radiorevelacionfm.cl\/index.php?rest_route=%2Fwp%2Fv2%2Fcomments&post=39995"}],"version-history":[{"count":1,"href":"https:\/\/radiorevelacionfm.cl\/index.php?rest_route=\/wp\/v2\/posts\/39995\/revisions"}],"predecessor-version":[{"id":39997,"href":"https:\/\/radiorevelacionfm.cl\/index.php?rest_route=\/wp\/v2\/posts\/39995\/revisions\/39997"}],"wp:featuredmedia":[{"embeddable":true,"href":"https:\/\/radiorevelacionfm.cl\/index.php?rest_route=\/wp\/v2\/media\/39996"}],"wp:attachment":[{"href":"https:\/\/radiorevelacionfm.cl\/index.php?rest_route=%2Fwp%2Fv2%2Fmedia&parent=39995"}],"wp:term":[{"taxonomy":"category","embeddable":true,"href":"https:\/\/radiorevelacionfm.cl\/index.php?rest_route=%2Fwp%2Fv2%2Fcategories&post=39995"},{"taxonomy":"post_tag","embeddable":true,"href":"https:\/\/radiorevelacionfm.cl\/index.php?rest_route=%2Fwp%2Fv2%2Ftags&post=39995"}],"curies":[{"name":"wp","href":"https:\/\/api.w.org\/{rel}","templated":true}]}}