{"id":39992,"date":"2024-03-04T13:09:32","date_gmt":"2024-03-04T16:09:32","guid":{"rendered":"https:\/\/radiorevelacionfm.cl\/?p=39992"},"modified":"2024-03-04T13:09:32","modified_gmt":"2024-03-04T16:09:32","slug":"dialogo-ciudadano-reunio-a-mujeres-emprendedoras-de-la-provincia-de-aysen","status":"publish","type":"post","link":"https:\/\/radiorevelacionfm.cl\/?p=39992","title":{"rendered":"Di\u00e1logo ciudadano reuni\u00f3 a mujeres emprendedoras de la provincia de Ays\u00e9n"},"content":{"rendered":"<div class=\"flex_column av_one_full  flex_column_div av-zero-column-padding first  avia-builder-el-0  el_before_av_one_full  avia-builder-el-first  \" style='border-radius:0px; '><div  class='avia-image-container  av-styling-    avia-builder-el-1  avia-builder-el-no-sibling  avia-align-center '  itemprop=\"image\" itemscope=\"itemscope\" itemtype=\"https:\/\/schema.org\/ImageObject\"  ><div class='avia-image-container-inner'><div class='avia-image-overlay-wrap'><img decoding=\"async\" class='wp-image-39993 avia-img-lazy-loading-not-39993 avia_image' src=\"https:\/\/radiorevelacionfm.cl\/wp-content\/uploads\/2024\/03\/IMG_20240301_120133707-1-1.jpg\" alt='' title='IMG_20240301_120133707 (1) (1)' height=\"600\" width=\"800\"  itemprop=\"thumbnailUrl\" srcset=\"https:\/\/radiorevelacionfm.cl\/wp-content\/uploads\/2024\/03\/IMG_20240301_120133707-1-1.jpg 800w, https:\/\/radiorevelacionfm.cl\/wp-content\/uploads\/2024\/03\/IMG_20240301_120133707-1-1-300x225.jpg 300w, https:\/\/radiorevelacionfm.cl\/wp-content\/uploads\/2024\/03\/IMG_20240301_120133707-1-1-768x576.jpg 768w, https:\/\/radiorevelacionfm.cl\/wp-content\/uploads\/2024\/03\/IMG_20240301_120133707-1-1-705x529.jpg 705w, https:\/\/radiorevelacionfm.cl\/wp-content\/uploads\/2024\/03\/IMG_20240301_120133707-1-1-450x338.jpg 450w, https:\/\/radiorevelacionfm.cl\/wp-content\/uploads\/2024\/03\/IMG_20240301_120133707-1-1-600x450.jpg 600w\" sizes=\"(max-width: 800px) 100vw, 800px\" \/><\/div><\/div><\/div><\/div><div class=\"flex_column av_one_full  flex_column_div av-zero-column-padding first  avia-builder-el-2  el_after_av_one_full  el_before_av_one_full  column-top-margin\" style='border-radius:0px; '><section class=\"av_textblock_section \"  itemscope=\"itemscope\" itemtype=\"https:\/\/schema.org\/BlogPosting\" itemprop=\"blogPost\" ><div class='avia_textblock  '   itemprop=\"text\" ><p style=\"text-align: center;\"><strong><span style=\"font-size: 18pt;\">Di\u00e1logo ciudadano reuni\u00f3 a mujeres emprendedoras de la provincia de Ays\u00e9n<\/span><\/strong><\/p>\n<div id=\"gtx-trans\" style=\"position: absolute; left: -50px; top: 4.31534px;\">\n<div class=\"gtx-trans-icon\"><\/div>\n<\/div>\n<\/div><\/section><\/div><div class=\"flex_column av_one_full  flex_column_div av-zero-column-padding first  avia-builder-el-4  el_after_av_one_full  el_before_av_hr  column-top-margin\" style='border-radius:0px; '><section class=\"av_textblock_section \"  itemscope=\"itemscope\" itemtype=\"https:\/\/schema.org\/BlogPosting\" itemprop=\"blogPost\" ><div class='avia_textblock  '   itemprop=\"text\" ><p style=\"text-align: justify;\">En el marco del Programa Gobierno en Terreno, un grupo de mujeres y dirigentes \u00a0de diversas localidades de la Provincia de Ays\u00e9n, participaron de una instancia de conversaci\u00f3n, orientaci\u00f3n y asesor\u00eda por parte de instituciones de Gobierno, con el fin de fortalecer sus emprendimientos.<\/p>\n<p style=\"text-align: justify;\">Elsa Ancamil, de la Agrupaci\u00f3n de Mujeres \u00abFlor del Litoral\u00bb, de Puerto Cisnes, calific\u00f3 la jornada como \u00abmuy interesante, porque fue posible plantear nuestras principales inquietudes y peticiones a los personeros p\u00fablicos, como por ejemplo los pasos a seguir para obtener la resoluci\u00f3n sanitaria de las emprendedoras que trabajan en gastronom\u00eda y turismo rural\u00bb, subray\u00f3.<\/p>\n<p style=\"text-align: justify;\">Por su parte, Roc\u00edo Ortega, integrante de la Mesa de la Mujer Rural y emprendedora de agricultura campesina, manifest\u00f3 que \u00abfue muy grata la oportunidad de poder reunirnos con diversos actores p\u00fablicos y dirigentes campesinas de la Provincia de Ays\u00e9n, donde pudimos compartir ideas para impulsar nuestros agro emprendimientos\u00bb, a\u00f1adi\u00f3.<\/p>\n<p style=\"text-align: justify;\">Durante el di\u00e1logo surgieron propuestas como la aplicaci\u00f3n de nuevas estrategias productivas, de comercializaci\u00f3n y utilizaci\u00f3n de herramientas disponibles en la oferta p\u00fablica para la postulaci\u00f3n y desarrollo de futuros proyectos, de manera asociativa y con enfoque de g\u00e9nero. Tambi\u00e9n superar las brechas de comercializaci\u00f3n, que permitan a las emprendedoras locales abrirse hacia nuevos mercados de car\u00e1cter regional, nacional e internacional.<\/p>\n<p style=\"text-align: justify;\">Desde INDAP, su Directora Regional, Jessica Lagos, valor\u00f3 y agradeci\u00f3 la instancia que gener\u00f3 la Delegaci\u00f3n Presidencial Provincial de Ays\u00e9n, \u00abporque nos permiti\u00f3 dialogar con las productoras agr\u00edcolas acerca de sus necesidades m\u00e1s importantes, para lo cual nuestra instituci\u00f3n est\u00e1 a su disposici\u00f3n para poder apoyarles, permitiendo con ello que generen mayores ingresos y productos en sus emprendimientos\u00bb, acot\u00f3.<\/p>\n<p style=\"text-align: justify;\">El Delegado Presidencial Provincial de Ays\u00e9n, Jorge D\u00edaz Guzm\u00e1n, expres\u00f3 al respecto que \u00abcon este di\u00e1logo ciudadano estamos dando inicio a nuestro programa anual de Gobierno en Terreno, con perspectiva de g\u00e9nero en el mes de la mujer. Para nosotros es muy importante apoyar a este segmento de personas que est\u00e1n trabajando con mucho esfuerzo para formalizar sus actividades de emprendimiento, tal como nos ha encargado el Presidente de la Rep\u00fablica Gabriel Boric, con el fin de \u00a0fortalecer la econom\u00eda local y generar un desarrollo end\u00f3geno. Esto \u00a0coincide \u00a0adem\u00e1s con un positivo resultado del \u00faltimo \u00a0IMACEC, lo que nos indica un buen a\u00f1o en materia econ\u00f3mica, lo cual nos abre una perspectiva para seguir apoyando a las emprendedoras de la Provincia de Ays\u00e9n\u00bb, concluy\u00f3.<\/p>\n<\/div><\/section><\/div><div  style='height:50px' class='hr hr-invisible   avia-builder-el-6  el_after_av_one_full  el_before_av_social_share '><span class='hr-inner ' ><span class='hr-inner-style'><\/span><\/span><\/div><\/p>\n<div  class='av-social-sharing-box  avia-builder-el-7  el_after_av_hr  el_before_av_hr  '><div class='av-share-box'><h5 class='av-share-link-description av-no-toc '>Compartir esta noticia<\/h5><ul class='av-share-box-list noLightbox'><li class='av-share-link av-social-link-facebook' ><a target=\"_blank\" aria-label=\"Compartir en Facebook\" href='https:\/\/www.facebook.com\/sharer.php?u=https:\/\/radiorevelacionfm.cl\/?p=39992&#038;t=Di%C3%A1logo%20ciudadano%20reuni%C3%B3%20a%20mujeres%20emprendedoras%20de%20la%20provincia%20de%20Ays%C3%A9n' aria-hidden='false' data-av_icon='\ue8f3' data-av_iconfont='entypo-fontello' title='' data-avia-related-tooltip='Compartir en Facebook' rel=\"noopener\"><span class='avia_hidden_link_text'>Compartir en Facebook<\/span><\/a><\/li><li class='av-share-link av-social-link-twitter' ><a target=\"_blank\" aria-label=\"Compartir en Twitter\" href='https:\/\/twitter.com\/share?text=Di%C3%A1logo%20ciudadano%20reuni%C3%B3%20a%20mujeres%20emprendedoras%20de%20la%20provincia%20de%20Ays%C3%A9n&#038;url=https:\/\/radiorevelacionfm.cl\/?p=39992' aria-hidden='false' data-av_icon='\ue8f1' data-av_iconfont='entypo-fontello' title='' data-avia-related-tooltip='Compartir en Twitter' rel=\"noopener\"><span class='avia_hidden_link_text'>Compartir en Twitter<\/span><\/a><\/li><li class='av-share-link av-social-link-whatsapp' ><a target=\"_blank\" aria-label=\"Compartir en Whatsapp\" href='https:\/\/api.whatsapp.com\/send?text=https:\/\/radiorevelacionfm.cl\/?p=39992' aria-hidden='false' data-av_icon='\uf232' data-av_iconfont='entypo-fontello' title='' data-avia-related-tooltip='Compartir en Whatsapp' rel=\"noopener\"><span class='avia_hidden_link_text'>Compartir en Whatsapp<\/span><\/a><\/li><li class='av-share-link av-social-link-linkedin' ><a target=\"_blank\" aria-label=\"Compartir en LinkedIn\" href='https:\/\/linkedin.com\/shareArticle?mini=true&#038;title=Di%C3%A1logo%20ciudadano%20reuni%C3%B3%20a%20mujeres%20emprendedoras%20de%20la%20provincia%20de%20Ays%C3%A9n&#038;url=https:\/\/radiorevelacionfm.cl\/?p=39992' aria-hidden='false' data-av_icon='\ue8fc' data-av_iconfont='entypo-fontello' title='' data-avia-related-tooltip='Compartir en LinkedIn' rel=\"noopener\"><span class='avia_hidden_link_text'>Compartir en LinkedIn<\/span><\/a><\/li><li class='av-share-link av-social-link-mail' ><a  aria-label=\"Compartir por correo\" href='mailto:?subject=Di%C3%A1logo%20ciudadano%20reuni%C3%B3%20a%20mujeres%20emprendedoras%20de%20la%20provincia%20de%20Ays%C3%A9n&#038;body=https:\/\/radiorevelacionfm.cl\/?p=39992' aria-hidden='false' data-av_icon='\ue805' data-av_iconfont='entypo-fontello' title='' data-avia-related-tooltip='Compartir por correo'><span class='avia_hidden_link_text'>Compartir por correo<\/span><\/a><\/li><\/ul><\/div><\/div>\n<div  style='height:50px' class='hr hr-invisible   avia-builder-el-8  el_after_av_social_share  el_before_av_comments_list '><span class='hr-inner ' ><span class='hr-inner-style'><\/span><\/span><\/div>\n<div  class='av-buildercomment  av-blog-meta-html-info-disabled av-blog-meta-tag-disabled  '><\/div>\n","protected":false},"excerpt":{"rendered":"","protected":false},"author":1,"featured_media":39993,"comment_status":"open","ping_status":"open","sticky":false,"template":"","format":"standard","meta":{"footnotes":""},"categories":[38],"tags":[],"class_list":["post-39992","post","type-post","status-publish","format-standard","has-post-thumbnail","hentry","category-regional"],"jetpack_featured_media_url":"https:\/\/radiorevelacionfm.cl\/wp-content\/uploads\/2024\/03\/IMG_20240301_120133707-1-1.jpg","_links":{"self":[{"href":"https:\/\/radiorevelacionfm.cl\/index.php?rest_route=\/wp\/v2\/posts\/39992","targetHints":{"allow":["GET"]}}],"collection":[{"href":"https:\/\/radiorevelacionfm.cl\/index.php?rest_route=\/wp\/v2\/posts"}],"about":[{"href":"https:\/\/radiorevelacionfm.cl\/index.php?rest_route=\/wp\/v2\/types\/post"}],"author":[{"embeddable":true,"href":"https:\/\/radiorevelacionfm.cl\/index.php?rest_route=\/wp\/v2\/users\/1"}],"replies":[{"embeddable":true,"href":"https:\/\/radiorevelacionfm.cl\/index.php?rest_route=%2Fwp%2Fv2%2Fcomments&post=39992"}],"version-history":[{"count":1,"href":"https:\/\/radiorevelacionfm.cl\/index.php?rest_route=\/wp\/v2\/posts\/39992\/revisions"}],"predecessor-version":[{"id":39994,"href":"https:\/\/radiorevelacionfm.cl\/index.php?rest_route=\/wp\/v2\/posts\/39992\/revisions\/39994"}],"wp:featuredmedia":[{"embeddable":true,"href":"https:\/\/radiorevelacionfm.cl\/index.php?rest_route=\/wp\/v2\/media\/39993"}],"wp:attachment":[{"href":"https:\/\/radiorevelacionfm.cl\/index.php?rest_route=%2Fwp%2Fv2%2Fmedia&parent=39992"}],"wp:term":[{"taxonomy":"category","embeddable":true,"href":"https:\/\/radiorevelacionfm.cl\/index.php?rest_route=%2Fwp%2Fv2%2Fcategories&post=39992"},{"taxonomy":"post_tag","embeddable":true,"href":"https:\/\/radiorevelacionfm.cl\/index.php?rest_route=%2Fwp%2Fv2%2Ftags&post=39992"}],"curies":[{"name":"wp","href":"https:\/\/api.w.org\/{rel}","templated":true}]}}