{"id":39976,"date":"2024-03-03T14:54:12","date_gmt":"2024-03-03T17:54:12","guid":{"rendered":"https:\/\/radiorevelacionfm.cl\/?p=39976"},"modified":"2024-03-03T14:54:12","modified_gmt":"2024-03-03T17:54:12","slug":"ministro-luis-aedo-mora-asume-presidencia-de-la-corte-de-apelaciones-de-coyhaique-para-el-ano-judicial-2024","status":"publish","type":"post","link":"https:\/\/radiorevelacionfm.cl\/?p=39976","title":{"rendered":"Ministro Luis Aedo Mora asume presidencia de la Corte de Apelaciones de Coyhaique para el a\u00f1o judicial 2024"},"content":{"rendered":"<div class=\"flex_column av_one_full  flex_column_div av-zero-column-padding first  avia-builder-el-0  el_before_av_one_full  avia-builder-el-first  \" style='border-radius:0px; '><div  class='avia-image-container  av-styling-    avia-builder-el-1  avia-builder-el-no-sibling  avia-align-center '  itemprop=\"image\" itemscope=\"itemscope\" itemtype=\"https:\/\/schema.org\/ImageObject\"  ><div class='avia-image-container-inner'><div class='avia-image-overlay-wrap'><img decoding=\"async\" class='wp-image-39977 avia-img-lazy-loading-not-39977 avia_image' src=\"https:\/\/radiorevelacionfm.cl\/wp-content\/uploads\/2024\/03\/ministro-luis-aedo-mora-2-1_optimized.jpg\" alt='' title='ministro-luis-aedo-mora-2-(1)_optimized' height=\"600\" width=\"900\"  itemprop=\"thumbnailUrl\" srcset=\"https:\/\/radiorevelacionfm.cl\/wp-content\/uploads\/2024\/03\/ministro-luis-aedo-mora-2-1_optimized.jpg 900w, https:\/\/radiorevelacionfm.cl\/wp-content\/uploads\/2024\/03\/ministro-luis-aedo-mora-2-1_optimized-300x200.jpg 300w, https:\/\/radiorevelacionfm.cl\/wp-content\/uploads\/2024\/03\/ministro-luis-aedo-mora-2-1_optimized-768x512.jpg 768w, https:\/\/radiorevelacionfm.cl\/wp-content\/uploads\/2024\/03\/ministro-luis-aedo-mora-2-1_optimized-705x470.jpg 705w, https:\/\/radiorevelacionfm.cl\/wp-content\/uploads\/2024\/03\/ministro-luis-aedo-mora-2-1_optimized-450x300.jpg 450w, https:\/\/radiorevelacionfm.cl\/wp-content\/uploads\/2024\/03\/ministro-luis-aedo-mora-2-1_optimized-600x400.jpg 600w\" sizes=\"(max-width: 900px) 100vw, 900px\" \/><\/div><\/div><\/div><\/div><div class=\"flex_column av_one_full  flex_column_div av-zero-column-padding first  avia-builder-el-2  el_after_av_one_full  el_before_av_one_full  column-top-margin\" style='border-radius:0px; '><section class=\"av_textblock_section \"  itemscope=\"itemscope\" itemtype=\"https:\/\/schema.org\/BlogPosting\" itemprop=\"blogPost\" ><div class='avia_textblock  '   itemprop=\"text\" ><p style=\"text-align: center;\"><span style=\"font-size: 18pt;\"><b>Ministro Luis Aedo Mora asume presidencia de la Corte de Apelaciones de Coyhaique para el a\u00f1o judicial 2024<\/b><\/span><\/p>\n<div id=\"gtx-trans\" style=\"position: absolute; left: -50px; top: 4.31534px;\">\n<div class=\"gtx-trans-icon\"><\/div>\n<\/div>\n<\/div><\/section><\/div><div class=\"flex_column av_one_full  flex_column_div av-zero-column-padding first  avia-builder-el-4  el_after_av_one_full  el_before_av_hr  column-top-margin\" style='border-radius:0px; '><section class=\"av_textblock_section \"  itemscope=\"itemscope\" itemtype=\"https:\/\/schema.org\/BlogPosting\" itemprop=\"blogPost\" ><div class='avia_textblock  '   itemprop=\"text\" ><p class=\"v1MsoNormal\" style=\"text-align: justify;\">El ministro Luis Aedo Mora asumi\u00f3, este viernes 1 de marzo, la presidencia de la Corte de Apelaciones de Coyhaique para el a\u00f1o judicial 2024. Instancia donde el presidente saliente, Jos\u00e9 Ignacio Mora, hizo entrega simb\u00f3lica de la campanilla que da inicio a las audiencias en el tribunal de alzada.<\/p>\n<p class=\"v1MsoNormal\" style=\"text-align: justify;\">Esta es la primera presidencia del ministro Aedo Mora, desde su ingreso al pleno del tribunal de alzada de Coyhaique en junio de 2023.<\/p>\n<p class=\"v1MsoNormal\" style=\"text-align: justify;\">\u00abHay desaf\u00edos que se pretenden abordar en esta presidencia, orientados esencialmente por el prop\u00f3sito de acercar la justicia a la gente. La idea precisamente, es generar actividades que permitan ese acercamiento no solo a trav\u00e9s de la continuidad de aquellas actividades que se han desarrollado a trav\u00e9s de visitas guiadas, a trav\u00e9s de actos de extensi\u00f3n cultural, que son los que permiten abrir nuestra nuestras puertas hacia la comunidad, sino tambi\u00e9n nosotros ir al encuentro de la comunidad, especialmente de aquella que est\u00e1 representada en a niveles vecinales, educacionales, de manera que puedan recibir tambi\u00e9n instrucci\u00f3n acerca de sus derechos y de los mecanismos que existen para poder acudir en demanda de justicia cuando tienen alg\u00fan conflicto que no son capaces de resolver por s\u00ed mismos\u00bb, sostuvo el presidente.<\/p>\n<p class=\"v1MsoNormal\" style=\"text-align: justify;\"><b>Trabajo judicial 2023<\/b><\/p>\n<p class=\"v1MsoNormal\" style=\"text-align: justify;\">En tanto, el presidente saliente, ministro Jos\u00e9 Ignacio Mora, valor\u00f3 el trabajo y compromiso de los funcionarios, jueces de la jurisdicci\u00f3n y de la Corporaci\u00f3n Administrativa del Poder Judicial, durante su a\u00f1o de gesti\u00f3n.<\/p>\n<p class=\"v1MsoNormal\" style=\"text-align: justify;\">\u00abAl asumir la presidencia nos planteamos, como Corte, el desaf\u00edo de tener una justicia cercana a la gente y tambi\u00e9n eficiente desde lo jurisdiccional, por ejemplo, al poder mantener un equilibrio entre los ingresos y los \u00edndices de t\u00e9rmino y los \u00edndices de puesta de casas en tabla\u00bb, sostuvo el ministro Mora.<\/p>\n<p class=\"v1MsoNormal\" style=\"text-align: justify;\">Agreg\u00f3 que: \u00abtambi\u00e9n tuvimos un 99,6% de efectividad en la ejecuci\u00f3n de recursos destinados para el 2023 y eso implic\u00f3 mejoras en los tribunales y en la Corte. Tambi\u00e9n regular adecuadamente en la asignaci\u00f3n de contratas, a fin de que en cada tribunal siempre est\u00e9 presente un juez y funcionarios que colaboren para resolver adecuadamente las controversias\u00bb.<\/p>\n<p class=\"v1MsoNormal\" style=\"text-align: justify;\">\u00abHemos cumplido tambi\u00e9n en los asuntos de familia. Y en ese sentido quiero destacar la implementaci\u00f3n de la unidad de liquidaci\u00f3n, que tiene como objetivo mejorar el cumplimiento de la obligaciones alimentarias, espec\u00edficamente el sistema de pago de pensiones\u00bb.<\/p>\n<p class=\"v1MsoNormal\" style=\"text-align: justify;\"><b>Principales cifras<\/b><\/p>\n<p class=\"v1MsoNormal\" style=\"text-align: justify;\">En relaci\u00f3n con las cifras que dan cuenta del trabajo en el a\u00f1o judicial 2023, el tribunal de alzada registr\u00f3 un ingreso de 2.221 recursos, de los cuales el 39,94% corresponden a Asuntos Administrativos, el 16,57% a recursos en materia Penal y el 16,43% a recursos de Protecci\u00f3n.<\/p>\n<p class=\"v1MsoNormal\" style=\"text-align: justify;\">Asimismo, el tribunal de alzada dio t\u00e9rmino, durante el 2023, a 2.961 recursos desglos\u00e1ndose de la siguiente manera: 1.158 recursos de protecci\u00f3n; 890 en materia de pleno y asuntos administrativos, 365 del \u00e1mbito penal; 235 recursos en civil, 98 en laboral y cobranza; 77 en materia de familia y 77 recursos de amparo, 44 en polic\u00eda local; 10 tributarios y aduanero, y 5 contencioso administrativo y 2 exhortos.<\/p>\n<p class=\"v1MsoNormal\" style=\"text-align: justify;\"><b>Trabajo interinstitucional y vinculaci\u00f3n con la comunidad<\/b><\/p>\n<p class=\"v1MsoNormal\" style=\"text-align: justify;\">El Poder Judicial en la regi\u00f3n de Ays\u00e9n realiz\u00f3 un potente trabajo de difusi\u00f3n tanto de las materias jurisdiccionales (resoluciones y fallos), como de las iniciativas de vinculaci\u00f3n con el medio y el trabajo interinstitucional. En este sentido la Corte de Apelaciones y tribunales de la jurisdicci\u00f3n, adem\u00e1s de instituciones relacionadas participaron de 10 iniciativas de coordinaci\u00f3n y capacitaci\u00f3n en tem\u00e1ticas de infancia, igualdad de g\u00e9nero, violencia intrafamiliar, entre otros.<\/p>\n<p class=\"v1MsoNormal\" style=\"text-align: justify;\">En este sentido, se desarrollaron instancias como: \u00abPoder Judicial participa de jornada informativa sobre Ley de Responsabilidad Parental y pago efectivo de la pensi\u00f3n de alimentos\u00bb; \u00abCoyhaique: realizan conversatorio sobre pr\u00f3xima entrada en vigencia de la Ley de Monitoreo Telem\u00e1tico en la regi\u00f3n\u00bb, \u00abCorte de Coyhaique realiza conversatorio para profundizar conocimientos sobre nueva normativa del trastorno del espectro autista\u00bb; \u00abCorte de Coyhaique realiza jornada de reflexi\u00f3n sobre uso de lenguaje sencillo y su rol en el acceso de la justicia del ciudadano\u00bb, entre otras.<\/p>\n<p class=\"v1MsoNormal\" style=\"text-align: justify;\">Asimismo, la Corte de Apelaciones fue nuevamente un espacio para que agentes culturales puedan aprovechar la infraestructura judicial para dar a conocer sus obras. En este sentido durante el 2023 se realizaron tres iniciativas que atrajeron a estudiantes y comunidad: Corte de Apelaciones de Coyhaique invita a visitar exposici\u00f3n \u00abMiradas de pandemia, historias de migrantes en Patagonia\u00bb; Corte de Apelaciones de Coyhaique invita a visitar exposici\u00f3n \u00abGentileza Art\u00edstica III\u00bb y la presentaci\u00f3n de la \u00abOrquesta del Colegio Mater Dei en la Corte de Apelaciones de Coyhaique\u00bb.<\/p>\n<p class=\"v1MsoNormal\" style=\"text-align: justify;\">De igual manera, en la jurisdicci\u00f3n se desarrollaron durante el a\u00f1o pasado siete visitas guiadas tanto en el tribunal de alzada como los juzgados, destacando la visita de estudiantes de establecimientos educacionales, clubes deportivos y asociaciones de voluntarias del \u00e1mbito de la salud.<\/p>\n<p class=\"v1MsoNormal\" style=\"text-align: justify;\"><b>Pensiones de alimentos y responsabilidad parental<\/b><\/p>\n<p class=\"v1MsoNormal\" style=\"text-align: justify;\">En el contexto de la entrada en vigencia de la Ley 21.389, que crea el Registro Nacional de Deudores de Pensiones de Alimentos es que el Poder Judicial dispuso la creaci\u00f3n de 17 unidades de liquidaciones (una por Corte de Apelaciones) con los siguientes objetivos; mejorar el r\u00e9gimen de cumplimiento de las obligaciones de alimentos, promover el principio de corresponsabilidad parental (reparto equitativo de los derechos y deberes entre los padres, respecto de sus hijos, en atenci\u00f3n a su inter\u00e9s superior, tanto en el plano personal como en el patrimonial), y mejorar el sistema de pago de las pensiones de alimentos.<\/p>\n<p class=\"v1MsoNormal\" style=\"text-align: justify;\">Al 31 de diciembre de 2023, esta unidad ha realizado un total de 9.525 liquidaciones, conforme a la siguiente distribuci\u00f3n: Juzgado de Familia de Coyhaique: 5.852 liquidaciones; Juzgado de Letras, Garant\u00eda y Familia de Puerto Ays\u00e9n: 2.348 liquidaciones, Juzgado de Letras, Garant\u00eda y Familia de Puerto Cisne: 294 liquidaciones; Juzgado de Letras, Garant\u00eda y Familia de Chile Chico: 740 liquidaciones, y Juzgado de Letras, Garant\u00eda y Familia de Cochrane: 291 liquidaciones.<\/p>\n<p class=\"v1MsoNormal\" style=\"text-align: justify;\">En tanto, durante el periodo comprendido entre enero y febrero de 2024, se han realizado un total de 3.822 liquidaciones.<\/p>\n<p class=\"v1MsoNormal\" style=\"text-align: justify;\"><b>Centro de Observaci\u00f3n y Control del Cumplimiento de Medidas de Protecci\u00f3n<\/b><\/p>\n<p class=\"v1MsoNormal\" style=\"text-align: justify;\">El Centro de Observaci\u00f3n y Control de Cumplimiento de Medidas de Protecci\u00f3n (COCCMP), dependiente de esta Corte de Apelaciones, ha relevado el trabajo de la mesa t\u00e9cnica interinstitucional como instancia de coordinaci\u00f3n oficial, reuniones celebradas bimestralmente, para el desarrollo de tem\u00e1ticas\u00a0 tales como: Prestaciones y flujos de atenci\u00f3n en salud general y salud mental\u00a0 en el contexto del acuerdo operativo vigente con el sector Salud; Instauraci\u00f3n de Oficinas Locales de la Ni\u00f1ez (OLN) a nivel regional; implementaci\u00f3n de Diagn\u00f3stico Cl\u00ednico en el territorio, entre otros temas y modificaciones en la oferta Program\u00e1tica de la regi\u00f3n de Ays\u00e9n.<\/p>\n<p class=\"v1MsoNormal\" style=\"text-align: justify;\">Al 31 de diciembre de 2023, la estad\u00edstica oficial contenida en informe trimestral de gesti\u00f3n de la jurisdicci\u00f3n Corte Apelaciones Coyhaique, desglosa un total de 1267 medidas de protecci\u00f3n decretadas por los tribunales de familia. Estas a su vez se desglosan en 205 medidas de protecci\u00f3n (causas P) y 1062 causas de cumplimiento de medidas de protecci\u00f3n (causas X). De dicho total, un 95,9% corresponde a derivaciones a intervenci\u00f3n ambulatoria, mientras que un 4.1% corresponde a registros en la modalidad de intervenci\u00f3n \u00abcuidado alternativo\u00bb tales como familias de acogida y residencia.<\/p>\n<p class=\"v1MsoNormal\" style=\"text-align: justify;\"><b>Consejo de Coordinaci\u00f3n zonal de Coyhaique<\/b><\/p>\n<p class=\"v1MsoNormal\" style=\"text-align: justify;\">Otra de las aristas del trabajo judicial fue lo realizado por el Consejo de Coordinaci\u00f3n Zonal de Coyhaique, instancia encargada de velar por la administraci\u00f3n de los recursos asignados y por el buen funcionamiento de los 10 tribunales de la jurisdicci\u00f3n. En este contexto la Corporaci\u00f3n administrativa del Poder Judicial ejecut\u00f3 un 99,6 % de los recursos asignados para el a\u00f1o 2023, realizando obras de conservaci\u00f3n en la Corte de Apelaciones, en los juzgados de Chile Chico y Cochrane, reparaci\u00f3n de infraestructura fiscal existente en la jurisdicci\u00f3n, reposici\u00f3n de equipos, y recursos para contratas transitorias, todo con el objetivo de brindar las condiciones necesarias para generar una justicia mucho m\u00e1s eficaz y cercana.<\/p>\n<p class=\"v1MsoNormal\" style=\"text-align: justify;\"><b><span lang=\"ES\">PLENO CORTE DE APELACIONES DE COYHAIQUE A\u00d1O 2024<\/span><\/b><\/p>\n<p class=\"v1gmail-MsoListParagraphCxSpFirst\" style=\"text-align: justify;\"><span lang=\"ES\">\u00b7\u00a0\u00a0\u00a0\u00a0\u00a0\u00a0<\/span><span lang=\"ES\">Presidente, Luis Mois\u00e9s Aedo Mora<\/span><\/p>\n<p class=\"v1gmail-MsoListParagraphCxSpMiddle\" style=\"text-align: justify;\"><span lang=\"ES\">\u00b7\u00a0\u00a0\u00a0\u00a0\u00a0\u00a0<\/span><span lang=\"ES\">Ministro Pedro Alejandro Castro Espinoza<\/span><\/p>\n<p class=\"v1gmail-MsoListParagraphCxSpMiddle\" style=\"text-align: justify;\"><span lang=\"ES\">\u00b7\u00a0\u00a0\u00a0\u00a0\u00a0\u00a0<\/span><span lang=\"ES\">Ministro Jos\u00e9 Ignacio Mora Trujillo<\/span><\/p>\n<p class=\"v1gmail-MsoListParagraphCxSpLast\" style=\"text-align: justify;\"><span lang=\"ES\">\u00b7\u00a0\u00a0\u00a0\u00a0\u00a0\u00a0<\/span><span lang=\"ES\">Ministro Ministra Natalia Marcela Rencoret Oliva\u00a0<\/span><\/p>\n<\/div><\/section><\/div><div  style='height:50px' class='hr hr-invisible   avia-builder-el-6  el_after_av_one_full  el_before_av_social_share '><span class='hr-inner ' ><span class='hr-inner-style'><\/span><\/span><\/div><\/p>\n<div  class='av-social-sharing-box  avia-builder-el-7  el_after_av_hr  el_before_av_hr  '><div class='av-share-box'><h5 class='av-share-link-description av-no-toc '>Compartir esta noticia<\/h5><ul class='av-share-box-list noLightbox'><li class='av-share-link av-social-link-facebook' ><a target=\"_blank\" aria-label=\"Compartir en Facebook\" href='https:\/\/www.facebook.com\/sharer.php?u=https:\/\/radiorevelacionfm.cl\/?p=39976&#038;t=Ministro%20Luis%20Aedo%20Mora%20asume%20presidencia%20de%20la%20Corte%20de%20Apelaciones%20de%20Coyhaique%20para%20el%20a%C3%B1o%20judicial%202024' aria-hidden='false' data-av_icon='\ue8f3' data-av_iconfont='entypo-fontello' title='' data-avia-related-tooltip='Compartir en Facebook' rel=\"noopener\"><span class='avia_hidden_link_text'>Compartir en Facebook<\/span><\/a><\/li><li class='av-share-link av-social-link-twitter' ><a target=\"_blank\" aria-label=\"Compartir en Twitter\" href='https:\/\/twitter.com\/share?text=Ministro%20Luis%20Aedo%20Mora%20asume%20presidencia%20de%20la%20Corte%20de%20Apelaciones%20de%20Coyhaique%20para%20el%20a%C3%B1o%20judicial%202024&#038;url=https:\/\/radiorevelacionfm.cl\/?p=39976' aria-hidden='false' data-av_icon='\ue8f1' data-av_iconfont='entypo-fontello' title='' data-avia-related-tooltip='Compartir en Twitter' rel=\"noopener\"><span class='avia_hidden_link_text'>Compartir en Twitter<\/span><\/a><\/li><li class='av-share-link av-social-link-whatsapp' ><a target=\"_blank\" aria-label=\"Compartir en Whatsapp\" href='https:\/\/api.whatsapp.com\/send?text=https:\/\/radiorevelacionfm.cl\/?p=39976' aria-hidden='false' data-av_icon='\uf232' data-av_iconfont='entypo-fontello' title='' data-avia-related-tooltip='Compartir en Whatsapp' rel=\"noopener\"><span class='avia_hidden_link_text'>Compartir en Whatsapp<\/span><\/a><\/li><li class='av-share-link av-social-link-linkedin' ><a target=\"_blank\" aria-label=\"Compartir en LinkedIn\" href='https:\/\/linkedin.com\/shareArticle?mini=true&#038;title=Ministro%20Luis%20Aedo%20Mora%20asume%20presidencia%20de%20la%20Corte%20de%20Apelaciones%20de%20Coyhaique%20para%20el%20a%C3%B1o%20judicial%202024&#038;url=https:\/\/radiorevelacionfm.cl\/?p=39976' aria-hidden='false' data-av_icon='\ue8fc' data-av_iconfont='entypo-fontello' title='' data-avia-related-tooltip='Compartir en LinkedIn' rel=\"noopener\"><span class='avia_hidden_link_text'>Compartir en LinkedIn<\/span><\/a><\/li><li class='av-share-link av-social-link-mail' ><a  aria-label=\"Compartir por correo\" href='mailto:?subject=Ministro%20Luis%20Aedo%20Mora%20asume%20presidencia%20de%20la%20Corte%20de%20Apelaciones%20de%20Coyhaique%20para%20el%20a%C3%B1o%20judicial%202024&#038;body=https:\/\/radiorevelacionfm.cl\/?p=39976' aria-hidden='false' data-av_icon='\ue805' data-av_iconfont='entypo-fontello' title='' data-avia-related-tooltip='Compartir por correo'><span class='avia_hidden_link_text'>Compartir por correo<\/span><\/a><\/li><\/ul><\/div><\/div>\n<div  style='height:50px' class='hr hr-invisible   avia-builder-el-8  el_after_av_social_share  el_before_av_comments_list '><span class='hr-inner ' ><span class='hr-inner-style'><\/span><\/span><\/div>\n<div  class='av-buildercomment  av-blog-meta-html-info-disabled av-blog-meta-tag-disabled  '><\/div>\n","protected":false},"excerpt":{"rendered":"","protected":false},"author":1,"featured_media":39977,"comment_status":"open","ping_status":"open","sticky":false,"template":"","format":"standard","meta":{"footnotes":""},"categories":[55],"tags":[],"class_list":["post-39976","post","type-post","status-publish","format-standard","has-post-thumbnail","hentry","category-justicia"],"jetpack_featured_media_url":"https:\/\/radiorevelacionfm.cl\/wp-content\/uploads\/2024\/03\/ministro-luis-aedo-mora-2-1_optimized.jpg","_links":{"self":[{"href":"https:\/\/radiorevelacionfm.cl\/index.php?rest_route=\/wp\/v2\/posts\/39976","targetHints":{"allow":["GET"]}}],"collection":[{"href":"https:\/\/radiorevelacionfm.cl\/index.php?rest_route=\/wp\/v2\/posts"}],"about":[{"href":"https:\/\/radiorevelacionfm.cl\/index.php?rest_route=\/wp\/v2\/types\/post"}],"author":[{"embeddable":true,"href":"https:\/\/radiorevelacionfm.cl\/index.php?rest_route=\/wp\/v2\/users\/1"}],"replies":[{"embeddable":true,"href":"https:\/\/radiorevelacionfm.cl\/index.php?rest_route=%2Fwp%2Fv2%2Fcomments&post=39976"}],"version-history":[{"count":1,"href":"https:\/\/radiorevelacionfm.cl\/index.php?rest_route=\/wp\/v2\/posts\/39976\/revisions"}],"predecessor-version":[{"id":39978,"href":"https:\/\/radiorevelacionfm.cl\/index.php?rest_route=\/wp\/v2\/posts\/39976\/revisions\/39978"}],"wp:featuredmedia":[{"embeddable":true,"href":"https:\/\/radiorevelacionfm.cl\/index.php?rest_route=\/wp\/v2\/media\/39977"}],"wp:attachment":[{"href":"https:\/\/radiorevelacionfm.cl\/index.php?rest_route=%2Fwp%2Fv2%2Fmedia&parent=39976"}],"wp:term":[{"taxonomy":"category","embeddable":true,"href":"https:\/\/radiorevelacionfm.cl\/index.php?rest_route=%2Fwp%2Fv2%2Fcategories&post=39976"},{"taxonomy":"post_tag","embeddable":true,"href":"https:\/\/radiorevelacionfm.cl\/index.php?rest_route=%2Fwp%2Fv2%2Ftags&post=39976"}],"curies":[{"name":"wp","href":"https:\/\/api.w.org\/{rel}","templated":true}]}}