{"id":39973,"date":"2024-03-03T14:41:25","date_gmt":"2024-03-03T17:41:25","guid":{"rendered":"https:\/\/radiorevelacionfm.cl\/?p=39973"},"modified":"2024-03-03T14:41:25","modified_gmt":"2024-03-03T17:41:25","slug":"conaf-celebra-el-dia-mundial-de-la-naturaleza-con-llamado-a-cuidar-nuestras-areas-protegidas","status":"publish","type":"post","link":"https:\/\/radiorevelacionfm.cl\/?p=39973","title":{"rendered":"Conaf celebra el D\u00eda Mundial de la Naturaleza con llamado a cuidar nuestras \u00e1reas protegidas"},"content":{"rendered":"<div class=\"flex_column av_one_full  flex_column_div av-zero-column-padding first  avia-builder-el-0  el_before_av_one_full  avia-builder-el-first  \" style='border-radius:0px; '><div  class='avia-image-container  av-styling-    avia-builder-el-1  avia-builder-el-no-sibling  avia-align-center '  itemprop=\"image\" itemscope=\"itemscope\" itemtype=\"https:\/\/schema.org\/ImageObject\"  ><div class='avia-image-container-inner'><div class='avia-image-overlay-wrap'><img decoding=\"async\" class='wp-image-39974 avia-img-lazy-loading-not-39974 avia_image' src=\"https:\/\/radiorevelacionfm.cl\/wp-content\/uploads\/2024\/03\/ppatagonia-mcb-1_optimized-1.jpeg\" alt='' title='ppatagonia-mcb-(1)_optimized (1)' height=\"600\" width=\"1067\"  itemprop=\"thumbnailUrl\" srcset=\"https:\/\/radiorevelacionfm.cl\/wp-content\/uploads\/2024\/03\/ppatagonia-mcb-1_optimized-1.jpeg 1067w, https:\/\/radiorevelacionfm.cl\/wp-content\/uploads\/2024\/03\/ppatagonia-mcb-1_optimized-1-300x169.jpeg 300w, https:\/\/radiorevelacionfm.cl\/wp-content\/uploads\/2024\/03\/ppatagonia-mcb-1_optimized-1-1030x579.jpeg 1030w, https:\/\/radiorevelacionfm.cl\/wp-content\/uploads\/2024\/03\/ppatagonia-mcb-1_optimized-1-768x432.jpeg 768w, https:\/\/radiorevelacionfm.cl\/wp-content\/uploads\/2024\/03\/ppatagonia-mcb-1_optimized-1-705x396.jpeg 705w, https:\/\/radiorevelacionfm.cl\/wp-content\/uploads\/2024\/03\/ppatagonia-mcb-1_optimized-1-450x253.jpeg 450w, https:\/\/radiorevelacionfm.cl\/wp-content\/uploads\/2024\/03\/ppatagonia-mcb-1_optimized-1-600x337.jpeg 600w\" sizes=\"(max-width: 1067px) 100vw, 1067px\" \/><\/div><\/div><\/div><\/div><div class=\"flex_column av_one_full  flex_column_div av-zero-column-padding first  avia-builder-el-2  el_after_av_one_full  el_before_av_one_full  column-top-margin\" style='border-radius:0px; '><section class=\"av_textblock_section \"  itemscope=\"itemscope\" itemtype=\"https:\/\/schema.org\/BlogPosting\" itemprop=\"blogPost\" ><div class='avia_textblock  '   itemprop=\"text\" ><p style=\"text-align: center;\"><strong><span style=\"font-size: 18pt;\">Conaf celebra el D\u00eda Mundial de la Naturaleza con llamado a cuidar nuestras \u00e1reas protegidas <\/span><\/strong><\/p>\n<div id=\"gtx-trans\" style=\"position: absolute; left: -50px; top: 4.31534px;\">\n<div class=\"gtx-trans-icon\"><\/div>\n<\/div>\n<\/div><\/section><\/div><div class=\"flex_column av_one_full  flex_column_div av-zero-column-padding first  avia-builder-el-4  el_after_av_one_full  el_before_av_hr  column-top-margin\" style='border-radius:0px; '><section class=\"av_textblock_section \"  itemscope=\"itemscope\" itemtype=\"https:\/\/schema.org\/BlogPosting\" itemprop=\"blogPost\" ><div class='avia_textblock  '   itemprop=\"text\" ><p style=\"text-align: justify;\">El 03 de marzo de 1973, la Asamblea General de las Naciones Unidas aprob\u00f3 la Convenci\u00f3n sobre el Comercio Internacional de Especies Amenazadas de Fauna y Flora Silvestres (CITES), que regula la exportaci\u00f3n, reexportaci\u00f3n e importaci\u00f3n de especies vegetales y animales nativas o propias de un sector. En consideraci\u00f3n a ello, desde hace poco m\u00e1s de 50 a\u00f1os podemos celebrar este \u201cD\u00eda Mundial de la Naturaleza\u201d.<\/p>\n<p style=\"text-align: justify;\">Para los habitantes de Ays\u00e9n, este d\u00eda cobra un sentido especial porque el 51% de nuestro territorio (casi 5.5 millones de hect\u00e1reas) y el 42% de nuestro maritorio (1.9 millones de hect\u00e1reas) lo constituyen \u00c1reas Protegidas entre las que se encuentran los Parques Nacionales (PN) Laguna San Rafael, Isla Magdalena, Queulat, Isla Guamblin, Corcovado, Bernardo O\u2019Higgins, Cerro Castillo, Melimoyu y Patagonia; las Reservas Nacionales (RN) R\u00edo Simpson, Lago Carlota, Coyhaique, Lago Las Torres, Katalalixar, Lago Rosselot, Las Guaitecas y Trapananda; y los Monumentos Naturales (MN); Dos Lagunas y Cinco Hermanas.<\/p>\n<p style=\"text-align: justify;\">Al respecto, el Director Regional (I) de CONAF, Ronald Valenzuela explica relevancia de este d\u00eda no solo por lo que significa la conservaci\u00f3n del medio ambiente, \u201csino que tambi\u00e9n por la relaci\u00f3n entre el ser humano y su entorno, considerando que estamos viviendo un proceso de cambio clim\u00e1tico\u201d, dice.<\/p>\n<p style=\"text-align: justify;\">\u201cEn el caso de la regi\u00f3n de Ays\u00e9n, tenemos m\u00e1s de 4 millones de hect\u00e1reas de bosque nativo que cuidar y proteger pensando en las generaciones futuras. Por lo mismo, la conservaci\u00f3n y la valoraci\u00f3n de la naturaleza debe ser algo que nos involucre a todos y a todas; y en tal sentido, todos podemos realizar diariamente peque\u00f1as acciones, actos cotidianos, que tienen buenos resultados, como por ejemplo reducir, reciclar y reutilizar\u201d, agrega.<\/p>\n<p style=\"text-align: justify;\">Para la Jefa (I) del Departamento de \u00c1reas Silvestre Protegidas (DASP) de CONAF Ays\u00e9n, Andrea Bahamonde, \u201ccada una de estas \u00c1reas Protegidas por el Estado se destaca por resguardar diversos ecosistemas que son moldeados por elementos f\u00edsicos (abi\u00f3ticos) como el clima, suelo y el relieve, entre otros, adem\u00e1s de elementos bi\u00f3ticos (seres vivos). Todo ello determina la presencia de una gran variedad de especies silvestres, tanto animales como vegetales, que son protegidos por nuestras y nuestros guardaparques, quienes se han transformado en verdaderos guardianes la naturaleza regional\u201d.<\/p>\n<p style=\"text-align: justify;\"><strong>VARIEDAD ECOSIST\u00c9MICA<\/strong><\/p>\n<p style=\"text-align: justify;\">Bahamonde a\u00f1ade que entre la gran variedad de ecosistemas de nuestra regi\u00f3n es posible de encontrar, de este a oeste, paisajes como la Estepa Patag\u00f3nica presente en el PN Patagonia, la RN Lago Carlota,\u00a0 PN Cerro Castillo y MN Dos Lagunas, destac\u00e1ndose aqu\u00ed la vegetaci\u00f3n de Coironales (<em>Festuca sp<\/em>) y\u00a0 Neneo (<em>Mulinum spinosum<\/em>).<\/p>\n<p style=\"text-align: justify;\">\u201cTambi\u00e9n podemos encontrar bosques y matorrales Caducifolios en la RN Coyhaique y Trapananda, el MN Dos Lagunas, y el\u00a0 PN Patagonia y Cerro Castillo, donde predominan los bosques de lenga (<em>Nothofagus pumilio<\/em>) y siempreverde, adem\u00e1s de las turberas, el coig\u00fce (<em>Nothofagus dombeyi<\/em>), canelo (<em>Drimys winteri<\/em>), \u00a0ma\u00f1io (<em>Podocarpus nubigenus<\/em>) y la tepa \u00a0(<em>Laureliopsis philippiana<\/em>) que est\u00e1n presentes en Pel N Queulat, PN Melimoyu, PN Isla Magdalena, RN R\u00edo Simpson, y PN Laguna San Rafael, donde en \u00e9ste \u00faltimo destacan las turberas de <em>Sphagnum<\/em>\u201d, agrega la profesional, precisando que \u201cNo podemos dejar de mencionar el Bosque de Cipr\u00e9s de la Guaitecas presente en la reserva del mismo nombre, tambi\u00e9n al sur del PN Laguna San Rafael y en la RN Katalalixar\u201d.<\/p>\n<p style=\"text-align: justify;\">En cuanto a la fauna local, Bahamonde explica que en las \u00c1reas Protegidas ya descritas se pueden encontrar huemules (<em>Hippocamelus bisulcus<\/em>) y pud\u00faes (<em>Pudu pudu<\/em>), zorro gris y colorado (<em>Lycalopex griseus<\/em><em>\u00a0 y L. <\/em><em>culpaeus<\/em>), chingue (<em>Conepatus chinga<\/em>), dos especies de armadillos, (peludo, Chaetophractus vellerosus y piche, <em>Zaedyus pichiy<\/em>), pumas (Puma concolor), el gato gui\u00f1a (<em>Leopardus guigna)<\/em> y gato geoffroy (<em>Leopardus geoffroyi<\/em>),\u00a0 \u201cadem\u00e1s del roedor m\u00e1s grande Chile, que es el Coipo (<em>Myocastor coypus<\/em>), nuestro Forestin\u201d, dice.<\/p>\n<p style=\"text-align: justify;\">Respecto de los mam\u00edferos marinos, en nuestras costas y cursos de agua se observan grandes y peque\u00f1os cet\u00e1ceos que van desde la colosal ballena azul (<em>Balaenoptera musculus<\/em>) hasta el delf\u00edn chileno (<em>Cephalorhynchus eutropia<\/em>), adem\u00e1s de una gran variedad de especies de avifauna terrestre,\u00a0 marina y acu\u00e1tica, entre ellas hay que destacar al c\u00f3ndor (<em>Vultur gryphus<\/em>) y el \u00e1guila mora (<em>Geranoaetus melanoleucus<\/em>), el tuc\u00faquere (<em>Bubo magellanicus<\/em>), que es el b\u00faho m\u00e1s grande de Chile, y gran diversidad de anfibios como la rana jaspeada (<em>Batrachyla antartandica<\/em>) y la de antifaz (<em>Batrachyla taeniata<\/em>) y lagartijas como la espinosa<em> (Liolaemus kolengh), la <\/em>de Scolaro<em> (Liolaemus scolaroi) y\u00a0 de tres l\u00edneas (Liolaemus lineaomaculatus).<\/em><\/p>\n<p style=\"text-align: justify;\">Por todo lo anterior, es que en este d\u00eda invitamos a nuestra comunidad, y tambi\u00e9n a quienes visitan nuestra regi\u00f3n, a cuidar y valorar estos espacios naturales de conservaci\u00f3n de la naturaleza, ya que poseen un valor intr\u00ednseco, pero adem\u00e1s contribuyen en aspectos ecol\u00f3gicos, gen\u00e9ticos, cient\u00edficos, culturales, educativos,\u00a0 sociales, econ\u00f3micos, recreativos en desarrollo sostenible y del bienestar de los seres humanos.<\/p>\n<p style=\"text-align: justify;\">\u00a1Conoce, observa, valora y cuida nuestra naturaleza y las \u00c1reas Protegidas!<\/p>\n<\/div><\/section><\/div><div  style='height:50px' class='hr hr-invisible   avia-builder-el-6  el_after_av_one_full  el_before_av_social_share '><span class='hr-inner ' ><span class='hr-inner-style'><\/span><\/span><\/div><\/p>\n<div  class='av-social-sharing-box  avia-builder-el-7  el_after_av_hr  el_before_av_hr  '><div class='av-share-box'><h5 class='av-share-link-description av-no-toc '>Compartir esta noticia<\/h5><ul class='av-share-box-list noLightbox'><li class='av-share-link av-social-link-facebook' ><a target=\"_blank\" aria-label=\"Compartir en Facebook\" href='https:\/\/www.facebook.com\/sharer.php?u=https:\/\/radiorevelacionfm.cl\/?p=39973&#038;t=Conaf%20celebra%20el%20D%C3%ADa%20Mundial%20de%20la%20Naturaleza%20con%20llamado%20a%20cuidar%20nuestras%20%C3%A1reas%20protegidas' aria-hidden='false' data-av_icon='\ue8f3' data-av_iconfont='entypo-fontello' title='' data-avia-related-tooltip='Compartir en Facebook' rel=\"noopener\"><span class='avia_hidden_link_text'>Compartir en Facebook<\/span><\/a><\/li><li class='av-share-link av-social-link-twitter' ><a target=\"_blank\" aria-label=\"Compartir en Twitter\" href='https:\/\/twitter.com\/share?text=Conaf%20celebra%20el%20D%C3%ADa%20Mundial%20de%20la%20Naturaleza%20con%20llamado%20a%20cuidar%20nuestras%20%C3%A1reas%20protegidas&#038;url=https:\/\/radiorevelacionfm.cl\/?p=39973' aria-hidden='false' data-av_icon='\ue8f1' data-av_iconfont='entypo-fontello' title='' data-avia-related-tooltip='Compartir en Twitter' rel=\"noopener\"><span class='avia_hidden_link_text'>Compartir en Twitter<\/span><\/a><\/li><li class='av-share-link av-social-link-whatsapp' ><a target=\"_blank\" aria-label=\"Compartir en Whatsapp\" href='https:\/\/api.whatsapp.com\/send?text=https:\/\/radiorevelacionfm.cl\/?p=39973' aria-hidden='false' data-av_icon='\uf232' data-av_iconfont='entypo-fontello' title='' data-avia-related-tooltip='Compartir en Whatsapp' rel=\"noopener\"><span class='avia_hidden_link_text'>Compartir en Whatsapp<\/span><\/a><\/li><li class='av-share-link av-social-link-linkedin' ><a target=\"_blank\" aria-label=\"Compartir en LinkedIn\" href='https:\/\/linkedin.com\/shareArticle?mini=true&#038;title=Conaf%20celebra%20el%20D%C3%ADa%20Mundial%20de%20la%20Naturaleza%20con%20llamado%20a%20cuidar%20nuestras%20%C3%A1reas%20protegidas&#038;url=https:\/\/radiorevelacionfm.cl\/?p=39973' aria-hidden='false' data-av_icon='\ue8fc' data-av_iconfont='entypo-fontello' title='' data-avia-related-tooltip='Compartir en LinkedIn' rel=\"noopener\"><span class='avia_hidden_link_text'>Compartir en LinkedIn<\/span><\/a><\/li><li class='av-share-link av-social-link-mail' ><a  aria-label=\"Compartir por correo\" href='mailto:?subject=Conaf%20celebra%20el%20D%C3%ADa%20Mundial%20de%20la%20Naturaleza%20con%20llamado%20a%20cuidar%20nuestras%20%C3%A1reas%20protegidas&#038;body=https:\/\/radiorevelacionfm.cl\/?p=39973' aria-hidden='false' data-av_icon='\ue805' data-av_iconfont='entypo-fontello' title='' data-avia-related-tooltip='Compartir por correo'><span class='avia_hidden_link_text'>Compartir por correo<\/span><\/a><\/li><\/ul><\/div><\/div>\n<div  style='height:50px' class='hr hr-invisible   avia-builder-el-8  el_after_av_social_share  el_before_av_comments_list '><span class='hr-inner ' ><span class='hr-inner-style'><\/span><\/span><\/div>\n<div  class='av-buildercomment  av-blog-meta-html-info-disabled av-blog-meta-tag-disabled  '><\/div>\n","protected":false},"excerpt":{"rendered":"","protected":false},"author":1,"featured_media":39974,"comment_status":"open","ping_status":"open","sticky":false,"template":"","format":"standard","meta":{"footnotes":""},"categories":[38],"tags":[],"class_list":["post-39973","post","type-post","status-publish","format-standard","has-post-thumbnail","hentry","category-regional"],"jetpack_featured_media_url":"https:\/\/radiorevelacionfm.cl\/wp-content\/uploads\/2024\/03\/ppatagonia-mcb-1_optimized-1.jpeg","_links":{"self":[{"href":"https:\/\/radiorevelacionfm.cl\/index.php?rest_route=\/wp\/v2\/posts\/39973","targetHints":{"allow":["GET"]}}],"collection":[{"href":"https:\/\/radiorevelacionfm.cl\/index.php?rest_route=\/wp\/v2\/posts"}],"about":[{"href":"https:\/\/radiorevelacionfm.cl\/index.php?rest_route=\/wp\/v2\/types\/post"}],"author":[{"embeddable":true,"href":"https:\/\/radiorevelacionfm.cl\/index.php?rest_route=\/wp\/v2\/users\/1"}],"replies":[{"embeddable":true,"href":"https:\/\/radiorevelacionfm.cl\/index.php?rest_route=%2Fwp%2Fv2%2Fcomments&post=39973"}],"version-history":[{"count":1,"href":"https:\/\/radiorevelacionfm.cl\/index.php?rest_route=\/wp\/v2\/posts\/39973\/revisions"}],"predecessor-version":[{"id":39975,"href":"https:\/\/radiorevelacionfm.cl\/index.php?rest_route=\/wp\/v2\/posts\/39973\/revisions\/39975"}],"wp:featuredmedia":[{"embeddable":true,"href":"https:\/\/radiorevelacionfm.cl\/index.php?rest_route=\/wp\/v2\/media\/39974"}],"wp:attachment":[{"href":"https:\/\/radiorevelacionfm.cl\/index.php?rest_route=%2Fwp%2Fv2%2Fmedia&parent=39973"}],"wp:term":[{"taxonomy":"category","embeddable":true,"href":"https:\/\/radiorevelacionfm.cl\/index.php?rest_route=%2Fwp%2Fv2%2Fcategories&post=39973"},{"taxonomy":"post_tag","embeddable":true,"href":"https:\/\/radiorevelacionfm.cl\/index.php?rest_route=%2Fwp%2Fv2%2Ftags&post=39973"}],"curies":[{"name":"wp","href":"https:\/\/api.w.org\/{rel}","templated":true}]}}