{"id":3997,"date":"2021-05-11T10:17:57","date_gmt":"2021-05-11T13:17:57","guid":{"rendered":"https:\/\/radiorevelacionfm.cl\/?p=3997"},"modified":"2021-05-11T10:17:57","modified_gmt":"2021-05-11T13:17:57","slug":"mas-de-2-500-trabajos-se-han-recuperado-en-la-region-de-aysen-a-traves-de-las-lineas-contrata-y-regresa-del-subsidio-al-empleo","status":"publish","type":"post","link":"https:\/\/radiorevelacionfm.cl\/?p=3997","title":{"rendered":"M\u00e1s de 2.500 trabajos se han recuperado en la regi\u00f3n de Ays\u00e9n a trav\u00e9s de las L\u00edneas Contrata y Regresa del Subsidio al Empleo"},"content":{"rendered":"<div class=\"flex_column av_one_full  flex_column_div av-zero-column-padding first  avia-builder-el-0  el_before_av_one_full  avia-builder-el-first  \" style='border-radius:0px; '><div  class='avia-image-container  av-styling-    avia-builder-el-1  avia-builder-el-no-sibling  avia-align-center '  itemprop=\"image\" itemscope=\"itemscope\" itemtype=\"https:\/\/schema.org\/ImageObject\"  ><div class='avia-image-container-inner'><div class='avia-image-overlay-wrap'><img decoding=\"async\" class='wp-image-0 avia-img-lazy-loading-not-0 avia_image' src=\"https:\/\/radiorevelacionfm.cl\/wp-content\/uploads\/2021\/05\/balancesubsidioalempleo_aysen-1_optimized.jpeg\" alt='' title=''   itemprop=\"thumbnailUrl\"  \/><\/div><\/div><\/div><\/div><div class=\"flex_column av_one_full  flex_column_div av-zero-column-padding first  avia-builder-el-2  el_after_av_one_full  el_before_av_one_full  column-top-margin\" style='border-radius:0px; '><section class=\"av_textblock_section \"  itemscope=\"itemscope\" itemtype=\"https:\/\/schema.org\/BlogPosting\" itemprop=\"blogPost\" ><div class='avia_textblock  '   itemprop=\"text\" ><p style=\"text-align: center;\"><strong><span style=\"font-size: 18pt;\">M\u00e1s de 2.500 trabajos se han recuperado en la regi\u00f3n de Ays\u00e9n a trav\u00e9s de las L\u00edneas Contrata y Regresa del Subsidio al Empleo<\/span><\/strong><\/p>\n<div id=\"gtx-trans\" style=\"position: absolute; left: -50px; top: 4.31534px;\">\n<div class=\"gtx-trans-icon\"><\/div>\n<\/div>\n<\/div><\/section><\/div><div class=\"flex_column av_one_full  flex_column_div av-zero-column-padding first  avia-builder-el-4  el_after_av_one_full  el_before_av_hr  column-top-margin\" style='border-radius:0px; '><section class=\"av_textblock_section \"  itemscope=\"itemscope\" itemtype=\"https:\/\/schema.org\/BlogPosting\" itemprop=\"blogPost\" ><div class='avia_textblock  '   itemprop=\"text\" ><p class=\"v1MsoNormal\" style=\"text-align: justify;\">En dependencias del Servicio Nacional de Capacitaci\u00f3n y Empleo, Sence, el Gobernador de Coyhaique, V\u00edctor Oyarz\u00fan junto a la Seremi del Trabajo y Previsi\u00f3n Social, Andrea Ponce y a la Directora Regional de Sence, Katherine Kingma, entregaron un balance positivo sobre el Subsidio al Empleo en la Regi\u00f3n de Ays\u00e9n, reforzando la nueva y cuarta l\u00ednea, Subsidio al Nuevo Empleo, cuyas postulaciones abrieron el 1 de mayo y ya han postulado 157 trabajadores\/as a nivel regional.<\/p>\n<p class=\"v1MsoNormal\" style=\"text-align: justify;\">El Gobernador de Coyhaique, V\u00edctor Oyarz\u00fan, destac\u00f3 la Red de Protecci\u00f3n que se ha entregado en el contexto de la crisis sanitaria debido al coronavirus, \u00abEs importante que los ayseninos sepan que este nuevo subsidio que el Gobierno del Presidente Sebasti\u00e1n Pi\u00f1era ha anunciado, viene a complementar toda la ayuda social que hemos estado entregando desde el inicio de esta pandemia. Sabemos que han sido tiempos muy dif\u00edciles para todos, pero esta ayuda viene a complementar, a ayudar en parte a todas las familias de nuestra regi\u00f3n, y esperamos que muchos puedan postular. Recordamos que esta semana comenz\u00f3 el pago del Ingreso Familia de Emergencia, IFE, recordar que todav\u00eda est\u00e1 vigente las postulaciones al Bono a la Clase Media, es importante que los ayseninos tengan la informaci\u00f3n, postulen a estos beneficios porque de alguna manera con cada uno de ellos llegamos a los hogares en Ays\u00e9n\u00bb, afirm\u00f3.<\/p>\n<p class=\"v1MsoNormal\" style=\"text-align: justify;\">En tanto, la Seremi Andrea Ponce entreg\u00f3 las cifras al 3 de mayo de 2021, de esta medida del Ministerio de Trabajo y Previsi\u00f3n Social, que ejecuta Sence,<\/p>\n<p class=\"v1MsoNormal\" style=\"text-align: justify;\">\u00abQueremos dar a conocer un nuevo Subsidio Al Empleo, y tiene que ver con el Subsidio al Nuevo Empleo, se suma como cuarto subsidio, con la idea de activar la econom\u00eda y poder recuperar los puestos de trabajo que se han perdido con la pandemia. Los primeros subsidios, con los cuales partimos, fueron el Contrata y el Regresa: Subsidio Contrata que apoya con parte de las remuneraciones para los trabajadores que est\u00e1n sin trabajo y que ya son 2.353 trabajadores nuevos contratados en la Regi\u00f3n de Ays\u00e9n, tambi\u00e9n tenemos el Subsidio Regresa, que es subsidio para quienes estaban acogidos a la Ley de Protecci\u00f3n del Empleo, recibiendo parte de sus remuneraciones con el Seguro de Cesant\u00eda y que cumpliendo con todos los plazos, deb\u00edan regresar a sus puestos de trabajo, y de ellos, tenemos 233 trabajadores han regresado\u00bb, afirm\u00f3 la autoridad de trabajo.<\/p>\n<p class=\"v1MsoNormal\" style=\"text-align: justify;\">Ponce adem\u00e1s a\u00f1adi\u00f3, \u00abEl tercer subsidio es el Subsidio Protege, para padres -mam\u00e1s en su mayor\u00eda, que tienen hijos menores de 2 a\u00f1os para que puedan trabajar tranquilos, entreg\u00e1ndoles un aporte de $200.000 para el cuidado de sus hijos, para una sala cuna particular o bien, para que paguen a una persona que pueda cuidarlos en su casa. \u00bfCu\u00e1les son los requisitos? Estar trabajando, puede ser de manera presencial, en teletrabajo o trabajo a distancia, de ellas, ya tenemos 132 personas que ya han solicitado este subsidio. A ellos, se suma el cuarto Subsidio al Nuevo Empleo, dirigido especialmente a los trabajadores\u00bb, finaliz\u00f3 la Seremi del Trabajo y Previsi\u00f3n Social.<\/p>\n<p class=\"v1MsoNormal\" style=\"text-align: justify;\">Sobre la nueva l\u00ednea, la Directora Regional de Sence, Katherine Kingma, mencion\u00f3. \u00abTodos los subsidios al empleo se postula mediante la p\u00e1gina\u00a0<a href=\"http:\/\/www.subsidioalempleo.cl\/\" target=\"_blank\" rel=\"noopener noreferrer\">www.subsidioalempleo.cl<\/a>\u00a0o a trav\u00e9s de\u00a0<a href=\"http:\/\/www.sence.cl\/\" target=\"_blank\" rel=\"noopener noreferrer\">www.sence.cl<\/a>, todo es en l\u00ednea. Con respecto al Subsidio Al Nuevo Empleo, es un subsidio que llega directamente al trabajador, \u00e9l es quien debe ingresar con su Rut y Clave \u00fanica al portal, solamente le va a pedir cargar su contrato de trabajo. El contrato de trabajo, no debe tener una antig\u00fcedad mayor al 1 de abril, todos los contratados a partir del 1 de abril pueden acceder a este beneficio, con un tope de renta de $979 mil pesos, equivalentes a 3 ingresos m\u00ednimos\u00bb.<\/p>\n<p class=\"v1MsoNormal\" style=\"text-align: justify;\">En el caso de trabajadores mayores de 24 a\u00f1os, recibir\u00e1n $50.000 mensuales por 6 meses. En el caso de trabajadoras, j\u00f3venes menores de 24 a\u00f1os y personas en situaci\u00f3n de discapacidad, este monto aumenta a $70.000.\u00a0 Para postular adem\u00e1s<span class=\"v1gmail_default\">,<\/span>\u00a0el trabajador debe agregar un n\u00famero de cuenta bancaria y el Rut del empleador. La primera ventana de postulaci\u00f3n cierra el 30 de mayo y el pago del subsidio se realizar\u00e1 desde el 30 de junio.<\/p>\n<p class=\"v1MsoNormal\" style=\"text-align: justify;\">Cabe destacar que los Subsidios al Empleo son complementarios. Por ejemplo, una trabajadora que comenz\u00f3 a trabajar el 10 de abril y tiene un hijo menor de 2 a\u00f1os, puede postular al Subsidio Protege y al Subsidio al Nuevo Empleo, al mismo tiempo que su empleador la puede postular al Subsidio l\u00ednea Contrata.<\/p>\n<div style=\"text-align: justify;\">El jueves 6 de mayo pasado, se realiz\u00f3 un facebook live con la participaci\u00f3n de la Seremi Andrea Ponce, la Directora Katherine Kingma y el encargado de Empleo de Sence Ays\u00e9n, Samuel Santana, donde se aclararon diversos temas relacionados al Subsidio al Empleo, adem\u00e1s de recordar la existencia de cursos de capacitaci\u00f3n e-learning de Sence, enfocados en la b\u00fasqueda de empleo y en el mejoramiento de competencias laborales, todos sin costo y en l\u00ednea. Inf\u00f3rmate en este link\u00a0<a href=\"https:\/\/fb.watch\/5p5U-WutjP\/\" target=\"_blank\" rel=\"noopener noreferrer\">https:\/\/fb.watch\/5p5U-WutjP\/<\/a><\/div>\n<\/div><\/section><\/div><div  style='height:50px' class='hr hr-invisible   avia-builder-el-6  el_after_av_one_full  el_before_av_social_share '><span class='hr-inner ' ><span class='hr-inner-style'><\/span><\/span><\/div><\/p>\n<div  class='av-social-sharing-box  avia-builder-el-7  el_after_av_hr  el_before_av_hr  '><div class='av-share-box'><h5 class='av-share-link-description av-no-toc '>Compartir esta noticia<\/h5><ul class='av-share-box-list noLightbox'><li class='av-share-link av-social-link-facebook' ><a target=\"_blank\" aria-label=\"Compartir en Facebook\" href='https:\/\/www.facebook.com\/sharer.php?u=https:\/\/radiorevelacionfm.cl\/?p=3997&#038;t=M%C3%A1s%20de%202.500%20trabajos%20se%20han%20recuperado%20en%20la%20regi%C3%B3n%20de%20Ays%C3%A9n%20a%20trav%C3%A9s%20de%20las%20L%C3%ADneas%20Contrata%20y%20Regresa%20del%20Subsidio%20al%20Empleo' aria-hidden='false' data-av_icon='\ue8f3' data-av_iconfont='entypo-fontello' title='' data-avia-related-tooltip='Compartir en Facebook' rel=\"noopener\"><span class='avia_hidden_link_text'>Compartir en Facebook<\/span><\/a><\/li><li class='av-share-link av-social-link-twitter' ><a target=\"_blank\" aria-label=\"Compartir en Twitter\" href='https:\/\/twitter.com\/share?text=M%C3%A1s%20de%202.500%20trabajos%20se%20han%20recuperado%20en%20la%20regi%C3%B3n%20de%20Ays%C3%A9n%20a%20trav%C3%A9s%20de%20las%20L%C3%ADneas%20Contrata%20y%20Regresa%20del%20Subsidio%20al%20Empleo&#038;url=https:\/\/radiorevelacionfm.cl\/?p=3997' aria-hidden='false' data-av_icon='\ue8f1' data-av_iconfont='entypo-fontello' title='' data-avia-related-tooltip='Compartir en Twitter' rel=\"noopener\"><span class='avia_hidden_link_text'>Compartir en Twitter<\/span><\/a><\/li><li class='av-share-link av-social-link-whatsapp' ><a target=\"_blank\" aria-label=\"Compartir en Whatsapp\" href='https:\/\/api.whatsapp.com\/send?text=https:\/\/radiorevelacionfm.cl\/?p=3997' aria-hidden='false' data-av_icon='\uf232' data-av_iconfont='entypo-fontello' title='' data-avia-related-tooltip='Compartir en Whatsapp' rel=\"noopener\"><span class='avia_hidden_link_text'>Compartir en Whatsapp<\/span><\/a><\/li><li class='av-share-link av-social-link-linkedin' ><a target=\"_blank\" aria-label=\"Compartir en LinkedIn\" href='https:\/\/linkedin.com\/shareArticle?mini=true&#038;title=M%C3%A1s%20de%202.500%20trabajos%20se%20han%20recuperado%20en%20la%20regi%C3%B3n%20de%20Ays%C3%A9n%20a%20trav%C3%A9s%20de%20las%20L%C3%ADneas%20Contrata%20y%20Regresa%20del%20Subsidio%20al%20Empleo&#038;url=https:\/\/radiorevelacionfm.cl\/?p=3997' aria-hidden='false' data-av_icon='\ue8fc' data-av_iconfont='entypo-fontello' title='' data-avia-related-tooltip='Compartir en LinkedIn' rel=\"noopener\"><span class='avia_hidden_link_text'>Compartir en LinkedIn<\/span><\/a><\/li><li class='av-share-link av-social-link-mail' ><a  aria-label=\"Compartir por correo\" href='mailto:?subject=M%C3%A1s%20de%202.500%20trabajos%20se%20han%20recuperado%20en%20la%20regi%C3%B3n%20de%20Ays%C3%A9n%20a%20trav%C3%A9s%20de%20las%20L%C3%ADneas%20Contrata%20y%20Regresa%20del%20Subsidio%20al%20Empleo&#038;body=https:\/\/radiorevelacionfm.cl\/?p=3997' aria-hidden='false' data-av_icon='\ue805' data-av_iconfont='entypo-fontello' title='' data-avia-related-tooltip='Compartir por correo'><span class='avia_hidden_link_text'>Compartir por correo<\/span><\/a><\/li><\/ul><\/div><\/div>\n<div  style='height:50px' class='hr hr-invisible   avia-builder-el-8  el_after_av_social_share  el_before_av_comments_list '><span class='hr-inner ' ><span class='hr-inner-style'><\/span><\/span><\/div>\n<div  class='av-buildercomment  av-blog-meta-html-info-disabled av-blog-meta-tag-disabled  '><\/div>\n","protected":false},"excerpt":{"rendered":"","protected":false},"author":1,"featured_media":0,"comment_status":"open","ping_status":"open","sticky":false,"template":"","format":"standard","meta":{"footnotes":""},"categories":[56],"tags":[],"class_list":["post-3997","post","type-post","status-publish","format-standard","hentry","category-trabajo"],"jetpack_featured_media_url":"","_links":{"self":[{"href":"https:\/\/radiorevelacionfm.cl\/index.php?rest_route=\/wp\/v2\/posts\/3997","targetHints":{"allow":["GET"]}}],"collection":[{"href":"https:\/\/radiorevelacionfm.cl\/index.php?rest_route=\/wp\/v2\/posts"}],"about":[{"href":"https:\/\/radiorevelacionfm.cl\/index.php?rest_route=\/wp\/v2\/types\/post"}],"author":[{"embeddable":true,"href":"https:\/\/radiorevelacionfm.cl\/index.php?rest_route=\/wp\/v2\/users\/1"}],"replies":[{"embeddable":true,"href":"https:\/\/radiorevelacionfm.cl\/index.php?rest_route=%2Fwp%2Fv2%2Fcomments&post=3997"}],"version-history":[{"count":1,"href":"https:\/\/radiorevelacionfm.cl\/index.php?rest_route=\/wp\/v2\/posts\/3997\/revisions"}],"predecessor-version":[{"id":3999,"href":"https:\/\/radiorevelacionfm.cl\/index.php?rest_route=\/wp\/v2\/posts\/3997\/revisions\/3999"}],"wp:attachment":[{"href":"https:\/\/radiorevelacionfm.cl\/index.php?rest_route=%2Fwp%2Fv2%2Fmedia&parent=3997"}],"wp:term":[{"taxonomy":"category","embeddable":true,"href":"https:\/\/radiorevelacionfm.cl\/index.php?rest_route=%2Fwp%2Fv2%2Fcategories&post=3997"},{"taxonomy":"post_tag","embeddable":true,"href":"https:\/\/radiorevelacionfm.cl\/index.php?rest_route=%2Fwp%2Fv2%2Ftags&post=3997"}],"curies":[{"name":"wp","href":"https:\/\/api.w.org\/{rel}","templated":true}]}}