{"id":39962,"date":"2024-03-01T19:37:06","date_gmt":"2024-03-01T22:37:06","guid":{"rendered":"https:\/\/radiorevelacionfm.cl\/?p=39962"},"modified":"2024-03-01T20:53:31","modified_gmt":"2024-03-01T23:53:31","slug":"firma-de-convenio-entre-educacion-y-cft-estatal-aysen-beneficiara-a-estudiantes-de-ip-y-cft-los-lagos-de-la-region","status":"publish","type":"post","link":"https:\/\/radiorevelacionfm.cl\/?p=39962","title":{"rendered":"Firma de convenio entre Educaci\u00f3n y CFT Estatal Ays\u00e9n beneficiar\u00e1 a unos 400 estudiantes de IP y CFT Los Lagos de la regi\u00f3n"},"content":{"rendered":"<div class=\"flex_column av_one_full  flex_column_div av-zero-column-padding first  avia-builder-el-0  el_before_av_one_full  avia-builder-el-first  \" style='border-radius:0px; '><div  class='avia-image-container  av-styling-    avia-builder-el-1  avia-builder-el-no-sibling  avia-align-center '  itemprop=\"image\" itemscope=\"itemscope\" itemtype=\"https:\/\/schema.org\/ImageObject\"  ><div class='avia-image-container-inner'><div class='avia-image-overlay-wrap'><img decoding=\"async\" class='wp-image-39963 avia-img-lazy-loading-not-39963 avia_image' src=\"https:\/\/radiorevelacionfm.cl\/wp-content\/uploads\/2024\/03\/429985481_421951747009229_4637944607257109089_n-1-1.jpg\" alt='' title='429985481_421951747009229_4637944607257109089_n (1) (1)' height=\"600\" width=\"800\"  itemprop=\"thumbnailUrl\" srcset=\"https:\/\/radiorevelacionfm.cl\/wp-content\/uploads\/2024\/03\/429985481_421951747009229_4637944607257109089_n-1-1.jpg 800w, https:\/\/radiorevelacionfm.cl\/wp-content\/uploads\/2024\/03\/429985481_421951747009229_4637944607257109089_n-1-1-300x225.jpg 300w, https:\/\/radiorevelacionfm.cl\/wp-content\/uploads\/2024\/03\/429985481_421951747009229_4637944607257109089_n-1-1-768x576.jpg 768w, https:\/\/radiorevelacionfm.cl\/wp-content\/uploads\/2024\/03\/429985481_421951747009229_4637944607257109089_n-1-1-705x529.jpg 705w, https:\/\/radiorevelacionfm.cl\/wp-content\/uploads\/2024\/03\/429985481_421951747009229_4637944607257109089_n-1-1-450x338.jpg 450w, https:\/\/radiorevelacionfm.cl\/wp-content\/uploads\/2024\/03\/429985481_421951747009229_4637944607257109089_n-1-1-600x450.jpg 600w\" sizes=\"(max-width: 800px) 100vw, 800px\" \/><\/div><\/div><\/div><\/div>\n<div class=\"flex_column av_one_full  flex_column_div av-zero-column-padding first  avia-builder-el-2  el_after_av_one_full  el_before_av_one_full  column-top-margin\" style='border-radius:0px; '><section class=\"av_textblock_section \"  itemscope=\"itemscope\" itemtype=\"https:\/\/schema.org\/BlogPosting\" itemprop=\"blogPost\" ><div class='avia_textblock  '   itemprop=\"text\" ><p style=\"text-align: center;\"><strong><span style=\"font-size: 18pt;\">Firma de convenio entre Educaci\u00f3n y CFT Estatal Ays\u00e9n beneficiar\u00e1 a unos 400 estudiantes de IP y CFT Los Lagos de la regi\u00f3n<\/span><\/strong><\/p>\n<div id=\"gtx-trans\" style=\"position: absolute; left: -50px; top: 4.31534px;\">\n<div class=\"gtx-trans-icon\"><\/div>\n<\/div>\n<\/div><\/section><\/div><div class=\"flex_column av_one_full  flex_column_div av-zero-column-padding first  avia-builder-el-4  el_after_av_one_full  el_before_av_hr  column-top-margin\" style='border-radius:0px; '><section class=\"av_textblock_section \"  itemscope=\"itemscope\" itemtype=\"https:\/\/schema.org\/BlogPosting\" itemprop=\"blogPost\" ><div class='avia_textblock  '   itemprop=\"text\" ><p class=\"v1MsoNormal\" style=\"text-align: justify;\"><span lang=\"ES\">Este viernes el subsecretario de Educaci\u00f3n Superior, V\u00edctor Orellana, se traslad\u00f3 a la regi\u00f3n de Ays\u00e9n, donde particip\u00f3 de importantes actividades en el despliegue territorial del Gobierno para fortalecer la educaci\u00f3n p\u00fablica en zonas extremas del pa\u00eds.<\/span><\/p>\n<p class=\"v1MsoNormal\" style=\"text-align: justify;\"><span lang=\"ES\">En Coyhaique, el titular de la Subsecretar\u00eda de Educaci\u00f3n Superior firm\u00f3 un convenio de colaboraci\u00f3n entre el Ministerio de Educaci\u00f3n, el Centro de Formaci\u00f3n T\u00e9cnica Estatal de Ays\u00e9n y los administradores de cierre del IP y del CFT Los Lagos. Estas \u00faltimas instituciones enfrentan un proceso de cierre debido a una serie de conflictos econ\u00f3micos que se constataron tras una investigaci\u00f3n de la Superintendencia de Educaci\u00f3n Superior.\u00a0<\/span><\/p>\n<p class=\"v1MsoNormal\" style=\"text-align: justify;\"><span lang=\"ES\">El acuerdo busca, a trav\u00e9s del CFT Estatal de Ays\u00e9n, garantizar la continuidad de los ciclos formativos de los estudiantes del IP y CFT Los Lagos, instituciones que en la zona abarcan a alrededor de 400 estudiantes.<\/span><\/p>\n<p class=\"v1MsoNormal\" style=\"text-align: justify;\"><span lang=\"ES\">Dicho convenio posibilita, junto con el despliegue de acciones que permitan a las y los alumnos dar continuidad a sus estudios, que el CFT Estatal de Ays\u00e9n disponga espacios f\u00edsicos suficientes y adecuados, y poner a disposici\u00f3n personal acad\u00e9mico id\u00f3neo para el ejercicio de las funciones acordadas. El acuerdo permitir\u00e1 que se respete el valor por matr\u00edcula, aranceles, derechos de titulaci\u00f3n y de cualquier otro cobro relacionado con el servicio educacional que las y los estudiantes reciban.<\/span><\/p>\n<p class=\"v1MsoNormal\" style=\"text-align: justify;\">El documento compromiso fue firmado por el Subsecretario de Educaci\u00f3n Superior V\u00edctor Orellana y el Rector del CFT Estatal de Ays\u00e9n V\u00edctor \u00c1lvarez y acompa\u00f1aron el Delegado Presidencial Regional Rodrigo Araya, la Senadora Ximena \u00d3rdenes, la Seremi de Educaci\u00f3n Isabel Garrido y estudiantes del plantel.<\/p>\n<p class=\"v1MsoNormal\" style=\"text-align: justify;\"><span lang=\"ES\">El subsecretario de Educaci\u00f3n Superior, V\u00edctor Orellana, explic\u00f3 que la celebraci\u00f3n de este acuerdo \u201cdemuestra que la institucionalidad ha respondido. Hemos hecho convenios con distintas instituciones de educaci\u00f3n superior para las nueve sedes del IP\/CFT Los Lagos, y ac\u00e1, en Coyhaique, lo que hemos hecho con el CFT Estatal de Ays\u00e9n es cumplir tambi\u00e9n con el objetivo de tener m\u00e1s educaci\u00f3n p\u00fablica en la regi\u00f3n. Sabemos que hay desaf\u00edos pendientes en la educaci\u00f3n p\u00fablica en Ays\u00e9n, pero esta firma demuestra que estamos presentes y que vamos a enfrentar estos desaf\u00edos: primero, en el \u00e1mbito estructural. Vamos a presentar este 2024 una serie de cambios estructurales que van a facilitar la correcci\u00f3n de los instrumentos de administraci\u00f3n y financiamiento para que la educaci\u00f3n p\u00fablica en zonas extremas no solo pueda funcionar, sino que pueda proyectarse, crecer, y dar m\u00e1s oportunidades y conectarse con los desaf\u00edos del desarrollo socioproductivo de la regi\u00f3n. Les dijimos a las y los estudiantes del IP\/CFT Los Lagos que no los \u00edbamos a dejar solos y estamos cumpliendo con ellos\u201d.<\/span><\/p>\n<p class=\"v1MsoNormal\" style=\"text-align: justify;\"><span lang=\"ES\">En tanto, el rector del CFT Estatal de Ays\u00e9n, V\u00edctor Hugo \u00c1lvarez recalc\u00f3 que \u201cen regiones como las nuestras, extremas, aisladas, la educaci\u00f3n estatal es muy importante, y tiene que ser un pilar fundamental para el desarrollo de la zona, por lo tanto, el CFT Estatal de Ays\u00e9n toma este desaf\u00edo y le va a dar continuidad de estudios a estos estudiantes. Eso se va a asegurar\u201d.<\/span><\/p>\n<p class=\"v1MsoNormal\" style=\"text-align: justify;\"><span lang=\"ES\">Karen Ayanc\u00e1n, por su parte, representante de las y los estudiantes del IP\/CFT Los Lagos en Coyhaique, expres\u00f3 que la firma del convenio no solo \u201ces importante, sino que tranquilizadora. Es algo que est\u00e1bamos esperando (\u2026) y estamos muy contentos con que el CFT Estatal de Ays\u00e9n haya tomado el desaf\u00edo de tomarnos a nosotros, por lo que espero que todos podamos terminar nuestras carreras como corresponde, sabiendo que es importante para esta regi\u00f3n porque se necesitan profesionales, y que no exista esa continuidad de estudios dentro de estos alumnos significa una p\u00e9rdida de casi 400 profesionales para nuestra regi\u00f3n\u201d.<\/span><\/p>\n<p class=\"v1MsoNormal\" style=\"text-align: justify;\"><span lang=\"ES\">En tanto, el delegado presidencial Rodrigo Araya manifest\u00f3: \u201cNuestro gobierno est\u00e1 velando para que se cumpla con la normativa legal, que se cumpla con los derechos a la educaci\u00f3n y, por supuesto, que hay desaf\u00edos por delante en relaci\u00f3n a perfeccionar, a mejorar el sistema de financiamiento de la educaci\u00f3n p\u00fablica, pero la obligaci\u00f3n de nuestro gobierno con respecto a los estudiantes se manifiesta de esta manera para que puedan concluir sus estudios de manera efectiva aqu\u00ed en la Regi\u00f3n de Ays\u00e9n\u201d.<\/span><\/p>\n<p class=\"v1MsoNormal\" style=\"text-align: justify;\"><span lang=\"ES\">La Senadora Ximena \u00d3rdenes destac\u00f3: \u201cSon m\u00e1s de 5 mil estudiantes en el pa\u00eds y 400 en la regi\u00f3n los que fueron afectados con el cierre de estas instituciones. Yo destaco que este convenio es un primer paso que permite dar certezas a las y los estudiantes de Ays\u00e9n. Estos estudiantes vieron vulnerados su derecho a la educaci\u00f3n y hoy con la colaboraci\u00f3n de distintos actores se abre un nuevo espacio a trav\u00e9s del CFT Estatal de Ays\u00e9n que da garant\u00eda de continuidad de estudios y yo espero que se una se\u00f1al para superar la crisis que afecta a toda la educaci\u00f3n superior en nuestra regi\u00f3n\u201d:<\/span><\/p>\n<p class=\"v1MsoNormal\" style=\"text-align: justify;\"><span lang=\"ES\">La Seremi de Educaci\u00f3n Isabel Garrido manifest\u00f3 el compromiso de la SECREDUC Ays\u00e9n con el derecho a la educaci\u00f3n de los estudiantes afectados por el cierre de estos centros de formaci\u00f3n t\u00e9cnica superior. \u201cDesde que se present\u00f3 esta situaci\u00f3n que es un drama para los estudiantes, hemos estado acompa\u00f1ando y realizando las gestiones junto a la Subsecretar\u00eda para apoyarlos y generar las condiciones para que puedan concluir sus procesos acad\u00e9micos. Destacamos la vocaci\u00f3n p\u00fablica del CFT Estatal para hacerse cargo de esta tarea de apoyo. Esto es un hito para la educaci\u00f3n p\u00fablica regional. Hemos actuado dando cumplimiento a la normativa y dentro de la institucionalidad y estamos ampliando los espacios territoriales de educaci\u00f3n p\u00fablica superior y eso es una muy buena noticia\u201d.<\/span><\/p>\n<p class=\"v1MsoNormal\" style=\"text-align: justify;\"><b><span lang=\"ES\">Universidad de Ays\u00e9n<\/span><\/b><\/p>\n<p class=\"v1MsoNormal\" style=\"text-align: justify;\"><span lang=\"ES\">Adem\u00e1s de la firma del convenio de colaboraci\u00f3n antes mencionado, el subsecretario Orellana particip\u00f3 m\u00e1s temprano en la ma\u00f1ana en la ceremonia de bienvenida de las y los estudiantes de la Universidad de Ays\u00e9n, quienes comenzaron el proceso acad\u00e9mico de este a\u00f1o 2024.<\/span><\/p>\n<\/div><\/section><\/div><\/p>\n<div  style='height:50px' class='hr hr-invisible   avia-builder-el-6  el_after_av_one_full  el_before_av_social_share '><span class='hr-inner ' ><span class='hr-inner-style'><\/span><\/span><\/div>\n<div  class='av-social-sharing-box  avia-builder-el-7  el_after_av_hr  el_before_av_hr  '><div class='av-share-box'><h5 class='av-share-link-description av-no-toc '>Compartir esta noticia<\/h5><ul class='av-share-box-list noLightbox'><li class='av-share-link av-social-link-facebook' ><a target=\"_blank\" aria-label=\"Compartir en Facebook\" href='https:\/\/www.facebook.com\/sharer.php?u=https:\/\/radiorevelacionfm.cl\/?p=39962&#038;t=Firma%20de%20convenio%20entre%20Educaci%C3%B3n%20y%20CFT%20Estatal%20Ays%C3%A9n%20beneficiar%C3%A1%20a%20unos%20400%20estudiantes%20de%20IP%20y%20CFT%20Los%20Lagos%20de%20la%20regi%C3%B3n' aria-hidden='false' data-av_icon='\ue8f3' data-av_iconfont='entypo-fontello' title='' data-avia-related-tooltip='Compartir en Facebook' rel=\"noopener\"><span class='avia_hidden_link_text'>Compartir en Facebook<\/span><\/a><\/li><li class='av-share-link av-social-link-twitter' ><a target=\"_blank\" aria-label=\"Compartir en Twitter\" href='https:\/\/twitter.com\/share?text=Firma%20de%20convenio%20entre%20Educaci%C3%B3n%20y%20CFT%20Estatal%20Ays%C3%A9n%20beneficiar%C3%A1%20a%20unos%20400%20estudiantes%20de%20IP%20y%20CFT%20Los%20Lagos%20de%20la%20regi%C3%B3n&#038;url=https:\/\/radiorevelacionfm.cl\/?p=39962' aria-hidden='false' data-av_icon='\ue8f1' data-av_iconfont='entypo-fontello' title='' data-avia-related-tooltip='Compartir en Twitter' rel=\"noopener\"><span class='avia_hidden_link_text'>Compartir en Twitter<\/span><\/a><\/li><li class='av-share-link av-social-link-whatsapp' ><a target=\"_blank\" aria-label=\"Compartir en Whatsapp\" href='https:\/\/api.whatsapp.com\/send?text=https:\/\/radiorevelacionfm.cl\/?p=39962' aria-hidden='false' data-av_icon='\uf232' data-av_iconfont='entypo-fontello' title='' data-avia-related-tooltip='Compartir en Whatsapp' rel=\"noopener\"><span class='avia_hidden_link_text'>Compartir en Whatsapp<\/span><\/a><\/li><li class='av-share-link av-social-link-linkedin' ><a target=\"_blank\" aria-label=\"Compartir en LinkedIn\" href='https:\/\/linkedin.com\/shareArticle?mini=true&#038;title=Firma%20de%20convenio%20entre%20Educaci%C3%B3n%20y%20CFT%20Estatal%20Ays%C3%A9n%20beneficiar%C3%A1%20a%20unos%20400%20estudiantes%20de%20IP%20y%20CFT%20Los%20Lagos%20de%20la%20regi%C3%B3n&#038;url=https:\/\/radiorevelacionfm.cl\/?p=39962' aria-hidden='false' data-av_icon='\ue8fc' data-av_iconfont='entypo-fontello' title='' data-avia-related-tooltip='Compartir en LinkedIn' rel=\"noopener\"><span class='avia_hidden_link_text'>Compartir en LinkedIn<\/span><\/a><\/li><li class='av-share-link av-social-link-mail' ><a  aria-label=\"Compartir por correo\" href='mailto:?subject=Firma%20de%20convenio%20entre%20Educaci%C3%B3n%20y%20CFT%20Estatal%20Ays%C3%A9n%20beneficiar%C3%A1%20a%20unos%20400%20estudiantes%20de%20IP%20y%20CFT%20Los%20Lagos%20de%20la%20regi%C3%B3n&#038;body=https:\/\/radiorevelacionfm.cl\/?p=39962' aria-hidden='false' data-av_icon='\ue805' data-av_iconfont='entypo-fontello' title='' data-avia-related-tooltip='Compartir por correo'><span class='avia_hidden_link_text'>Compartir por correo<\/span><\/a><\/li><\/ul><\/div><\/div>\n<div  style='height:50px' class='hr hr-invisible   avia-builder-el-8  el_after_av_social_share  el_before_av_comments_list '><span class='hr-inner ' ><span class='hr-inner-style'><\/span><\/span><\/div>\n<div  class='av-buildercomment  av-blog-meta-html-info-disabled av-blog-meta-tag-disabled  '><\/div>\n","protected":false},"excerpt":{"rendered":"","protected":false},"author":1,"featured_media":39963,"comment_status":"open","ping_status":"open","sticky":false,"template":"","format":"standard","meta":{"footnotes":""},"categories":[49],"tags":[],"class_list":["post-39962","post","type-post","status-publish","format-standard","has-post-thumbnail","hentry","category-educacion"],"jetpack_featured_media_url":"https:\/\/radiorevelacionfm.cl\/wp-content\/uploads\/2024\/03\/429985481_421951747009229_4637944607257109089_n-1-1.jpg","_links":{"self":[{"href":"https:\/\/radiorevelacionfm.cl\/index.php?rest_route=\/wp\/v2\/posts\/39962","targetHints":{"allow":["GET"]}}],"collection":[{"href":"https:\/\/radiorevelacionfm.cl\/index.php?rest_route=\/wp\/v2\/posts"}],"about":[{"href":"https:\/\/radiorevelacionfm.cl\/index.php?rest_route=\/wp\/v2\/types\/post"}],"author":[{"embeddable":true,"href":"https:\/\/radiorevelacionfm.cl\/index.php?rest_route=\/wp\/v2\/users\/1"}],"replies":[{"embeddable":true,"href":"https:\/\/radiorevelacionfm.cl\/index.php?rest_route=%2Fwp%2Fv2%2Fcomments&post=39962"}],"version-history":[{"count":2,"href":"https:\/\/radiorevelacionfm.cl\/index.php?rest_route=\/wp\/v2\/posts\/39962\/revisions"}],"predecessor-version":[{"id":39969,"href":"https:\/\/radiorevelacionfm.cl\/index.php?rest_route=\/wp\/v2\/posts\/39962\/revisions\/39969"}],"wp:featuredmedia":[{"embeddable":true,"href":"https:\/\/radiorevelacionfm.cl\/index.php?rest_route=\/wp\/v2\/media\/39963"}],"wp:attachment":[{"href":"https:\/\/radiorevelacionfm.cl\/index.php?rest_route=%2Fwp%2Fv2%2Fmedia&parent=39962"}],"wp:term":[{"taxonomy":"category","embeddable":true,"href":"https:\/\/radiorevelacionfm.cl\/index.php?rest_route=%2Fwp%2Fv2%2Fcategories&post=39962"},{"taxonomy":"post_tag","embeddable":true,"href":"https:\/\/radiorevelacionfm.cl\/index.php?rest_route=%2Fwp%2Fv2%2Ftags&post=39962"}],"curies":[{"name":"wp","href":"https:\/\/api.w.org\/{rel}","templated":true}]}}