{"id":39956,"date":"2024-03-04T12:28:06","date_gmt":"2024-03-04T15:28:06","guid":{"rendered":"https:\/\/radiorevelacionfm.cl\/?p=39956"},"modified":"2024-03-04T12:28:06","modified_gmt":"2024-03-04T15:28:06","slug":"desafios-y-reflexiones-en-la-lucha-contra-la-obesidad","status":"publish","type":"post","link":"https:\/\/radiorevelacionfm.cl\/?p=39956","title":{"rendered":"Desaf\u00edos y reflexiones en la lucha contra la Obesidad"},"content":{"rendered":"<div class=\"flex_column av_one_full  flex_column_div av-zero-column-padding first  avia-builder-el-0  el_before_av_one_full  avia-builder-el-first  \" style='border-radius:0px; '><div  class='avia-image-container  av-styling-    avia-builder-el-1  avia-builder-el-no-sibling  avia-align-center '  itemprop=\"image\" itemscope=\"itemscope\" itemtype=\"https:\/\/schema.org\/ImageObject\"  ><div class='avia-image-container-inner'><div class='avia-image-overlay-wrap'><img decoding=\"async\" class='wp-image-39957 avia-img-lazy-loading-not-39957 avia_image' src=\"https:\/\/radiorevelacionfm.cl\/wp-content\/uploads\/2024\/03\/Obesidad_640-1-1.jpg\" alt='' title='Obesidad_640 (1) (1)' height=\"600\" width=\"995\"  itemprop=\"thumbnailUrl\" srcset=\"https:\/\/radiorevelacionfm.cl\/wp-content\/uploads\/2024\/03\/Obesidad_640-1-1.jpg 995w, https:\/\/radiorevelacionfm.cl\/wp-content\/uploads\/2024\/03\/Obesidad_640-1-1-300x181.jpg 300w, https:\/\/radiorevelacionfm.cl\/wp-content\/uploads\/2024\/03\/Obesidad_640-1-1-768x463.jpg 768w, https:\/\/radiorevelacionfm.cl\/wp-content\/uploads\/2024\/03\/Obesidad_640-1-1-705x425.jpg 705w, https:\/\/radiorevelacionfm.cl\/wp-content\/uploads\/2024\/03\/Obesidad_640-1-1-450x271.jpg 450w, https:\/\/radiorevelacionfm.cl\/wp-content\/uploads\/2024\/03\/Obesidad_640-1-1-600x362.jpg 600w\" sizes=\"(max-width: 995px) 100vw, 995px\" \/><\/div><\/div><\/div><\/div>\n<div class=\"flex_column av_one_full  flex_column_div av-zero-column-padding first  avia-builder-el-2  el_after_av_one_full  el_before_av_one_full  column-top-margin\" style='border-radius:0px; '><section class=\"av_textblock_section \"  itemscope=\"itemscope\" itemtype=\"https:\/\/schema.org\/BlogPosting\" itemprop=\"blogPost\" ><div class='avia_textblock  '   itemprop=\"text\" ><p style=\"text-align: center;\"><strong><span style=\"font-size: 18pt;\">Desaf\u00edos y reflexiones en la lucha contra la Obesidad<\/span><\/strong><\/p>\n<div id=\"gtx-trans\" style=\"position: absolute; left: -50px; top: 4.31534px;\">\n<div class=\"gtx-trans-icon\"><\/div>\n<\/div>\n<\/div><\/section><\/div>\n<div class=\"flex_column av_one_full  flex_column_div av-zero-column-padding first  avia-builder-el-4  el_after_av_one_full  el_before_av_hr  column-top-margin\" style='border-radius:0px; '><section class=\"av_textblock_section \"  itemscope=\"itemscope\" itemtype=\"https:\/\/schema.org\/BlogPosting\" itemprop=\"blogPost\" ><div class='avia_textblock  '   itemprop=\"text\" ><p style=\"text-align: justify;\">Este lunes 4 de marzo, conmemoramos el D\u00eda Mundial de la Obesidad, un momento crucial para reflexionar sobre los preocupantes \u00edndices de este trastorno metab\u00f3lico y, sobre todo, sus consecuencias asociadas. Organismos internacionales como nacionales nos informan constantemente sobre los niveles alarmantes en nuestra sociedad, cifras que han aumentado de manera significativa en los \u00faltimos 30 a\u00f1os. Sin embargo, hasta la fecha, carecemos de soluciones concretas para abordar esta problem\u00e1tica.<\/p>\n<p style=\"text-align: justify;\">Es fundamental reconocer la obesidad como una enfermedad, y no simplemente como un desequilibrio energ\u00e9tico. Actualmente, se comprende que este trastorno es precursor de otras enfermedades como la diabetes tipo 2, la hipertensi\u00f3n, las enfermedades cardiovasculares y algunos tipos de c\u00e1ncer.<\/p>\n<p style=\"text-align: justify;\">Por otra parte, resulta paradojal que la literatura cient\u00edfica lleva a\u00f1os resaltando la necesidad de modificar nuestros h\u00e1bitos hacia conductas m\u00e1s saludables. No nos referimos \u00fanicamente a la realizaci\u00f3n de 30 minutos de ejercicio aer\u00f3bico diario o la adopci\u00f3n de dietas extremadamente restrictivas. Las intervenciones deben enfocarse en el manejo del trastorno principal y sus comorbilidades a trav\u00e9s de estrategias interdisciplinarias que abarquen aspectos nutricionales, psicol\u00f3gicos, m\u00e9dicos y kinesiol\u00f3gicos. Incorporando siempre un abordaje cl\u00ednico que debe considerar el principio de individualidad, ya que no todos los pacientes responder\u00e1n de la misma manera a las intervenciones. \u00bfY aquellos que no responden? Quiz\u00e1s requieran explorar otras estrategias o ajustes en el tratamiento.<\/p>\n<p style=\"text-align: justify;\">Si bien hemos presenciado la aparici\u00f3n de algunos f\u00e1rmacos de moda, como las \u00abinyecciones para bajar de peso\u00bb, haciendo referencia a medicamentos como la semaglutida, debemos cuestionarnos si una simple inyecci\u00f3n es suficiente. \u00bfCu\u00e1l es su costo? \u00bfEst\u00e1 disponible para aquellos que realmente lo necesitan? Si bien la aparici\u00f3n de avances en el manejo farmacol\u00f3gico son aportes en el control de la obesidad, el mejor manejo del trastorno se encuentra en la prevenci\u00f3n de la obesidad, incorporando h\u00e1bitos saludables, una alimentaci\u00f3n sana y equilibrada.<\/p>\n<p style=\"text-align: justify;\">Nos enfrentamos a un importante y estimulante desaf\u00edo como profesionales de la actualidad: movilizar masas para promover h\u00e1bitos saludables perdurables en el tiempo. Esta tarea, tarde o temprano, requerir\u00e1 nuestro compromiso desde cualquier posici\u00f3n que ocupemos para contribuir al avance de nuestra sociedad, indic\u00f3 Alexis Espinoza, Director de Escuela Kinesiolog\u00eda UST.<\/p>\n<\/div><\/section><\/div><div  style='height:50px' class='hr hr-invisible   avia-builder-el-6  el_after_av_one_full  el_before_av_social_share '><span class='hr-inner ' ><span class='hr-inner-style'><\/span><\/span><\/div><\/p>\n<div  class='av-social-sharing-box  avia-builder-el-7  el_after_av_hr  el_before_av_hr  '><div class='av-share-box'><h5 class='av-share-link-description av-no-toc '>Compartir esta noticia<\/h5><ul class='av-share-box-list noLightbox'><li class='av-share-link av-social-link-facebook' ><a target=\"_blank\" aria-label=\"Compartir en Facebook\" href='https:\/\/www.facebook.com\/sharer.php?u=https:\/\/radiorevelacionfm.cl\/?p=39956&#038;t=Desaf%C3%ADos%20y%20reflexiones%20en%20la%20lucha%20contra%20la%20Obesidad' aria-hidden='false' data-av_icon='\ue8f3' data-av_iconfont='entypo-fontello' title='' data-avia-related-tooltip='Compartir en Facebook' rel=\"noopener\"><span class='avia_hidden_link_text'>Compartir en Facebook<\/span><\/a><\/li><li class='av-share-link av-social-link-twitter' ><a target=\"_blank\" aria-label=\"Compartir en Twitter\" href='https:\/\/twitter.com\/share?text=Desaf%C3%ADos%20y%20reflexiones%20en%20la%20lucha%20contra%20la%20Obesidad&#038;url=https:\/\/radiorevelacionfm.cl\/?p=39956' aria-hidden='false' data-av_icon='\ue8f1' data-av_iconfont='entypo-fontello' title='' data-avia-related-tooltip='Compartir en Twitter' rel=\"noopener\"><span class='avia_hidden_link_text'>Compartir en Twitter<\/span><\/a><\/li><li class='av-share-link av-social-link-whatsapp' ><a target=\"_blank\" aria-label=\"Compartir en Whatsapp\" href='https:\/\/api.whatsapp.com\/send?text=https:\/\/radiorevelacionfm.cl\/?p=39956' aria-hidden='false' data-av_icon='\uf232' data-av_iconfont='entypo-fontello' title='' data-avia-related-tooltip='Compartir en Whatsapp' rel=\"noopener\"><span class='avia_hidden_link_text'>Compartir en Whatsapp<\/span><\/a><\/li><li class='av-share-link av-social-link-linkedin' ><a target=\"_blank\" aria-label=\"Compartir en LinkedIn\" href='https:\/\/linkedin.com\/shareArticle?mini=true&#038;title=Desaf%C3%ADos%20y%20reflexiones%20en%20la%20lucha%20contra%20la%20Obesidad&#038;url=https:\/\/radiorevelacionfm.cl\/?p=39956' aria-hidden='false' data-av_icon='\ue8fc' data-av_iconfont='entypo-fontello' title='' data-avia-related-tooltip='Compartir en LinkedIn' rel=\"noopener\"><span class='avia_hidden_link_text'>Compartir en LinkedIn<\/span><\/a><\/li><li class='av-share-link av-social-link-mail' ><a  aria-label=\"Compartir por correo\" href='mailto:?subject=Desaf%C3%ADos%20y%20reflexiones%20en%20la%20lucha%20contra%20la%20Obesidad&#038;body=https:\/\/radiorevelacionfm.cl\/?p=39956' aria-hidden='false' data-av_icon='\ue805' data-av_iconfont='entypo-fontello' title='' data-avia-related-tooltip='Compartir por correo'><span class='avia_hidden_link_text'>Compartir por correo<\/span><\/a><\/li><\/ul><\/div><\/div>\n<div  style='height:50px' class='hr hr-invisible   avia-builder-el-8  el_after_av_social_share  el_before_av_comments_list '><span class='hr-inner ' ><span class='hr-inner-style'><\/span><\/span><\/div>\n<div  class='av-buildercomment  av-blog-meta-html-info-disabled av-blog-meta-tag-disabled  '><\/div>\n","protected":false},"excerpt":{"rendered":"","protected":false},"author":1,"featured_media":39957,"comment_status":"open","ping_status":"open","sticky":false,"template":"","format":"standard","meta":{"footnotes":""},"categories":[46],"tags":[],"class_list":["post-39956","post","type-post","status-publish","format-standard","has-post-thumbnail","hentry","category-salud"],"jetpack_featured_media_url":"https:\/\/radiorevelacionfm.cl\/wp-content\/uploads\/2024\/03\/Obesidad_640-1-1.jpg","_links":{"self":[{"href":"https:\/\/radiorevelacionfm.cl\/index.php?rest_route=\/wp\/v2\/posts\/39956","targetHints":{"allow":["GET"]}}],"collection":[{"href":"https:\/\/radiorevelacionfm.cl\/index.php?rest_route=\/wp\/v2\/posts"}],"about":[{"href":"https:\/\/radiorevelacionfm.cl\/index.php?rest_route=\/wp\/v2\/types\/post"}],"author":[{"embeddable":true,"href":"https:\/\/radiorevelacionfm.cl\/index.php?rest_route=\/wp\/v2\/users\/1"}],"replies":[{"embeddable":true,"href":"https:\/\/radiorevelacionfm.cl\/index.php?rest_route=%2Fwp%2Fv2%2Fcomments&post=39956"}],"version-history":[{"count":2,"href":"https:\/\/radiorevelacionfm.cl\/index.php?rest_route=\/wp\/v2\/posts\/39956\/revisions"}],"predecessor-version":[{"id":39991,"href":"https:\/\/radiorevelacionfm.cl\/index.php?rest_route=\/wp\/v2\/posts\/39956\/revisions\/39991"}],"wp:featuredmedia":[{"embeddable":true,"href":"https:\/\/radiorevelacionfm.cl\/index.php?rest_route=\/wp\/v2\/media\/39957"}],"wp:attachment":[{"href":"https:\/\/radiorevelacionfm.cl\/index.php?rest_route=%2Fwp%2Fv2%2Fmedia&parent=39956"}],"wp:term":[{"taxonomy":"category","embeddable":true,"href":"https:\/\/radiorevelacionfm.cl\/index.php?rest_route=%2Fwp%2Fv2%2Fcategories&post=39956"},{"taxonomy":"post_tag","embeddable":true,"href":"https:\/\/radiorevelacionfm.cl\/index.php?rest_route=%2Fwp%2Fv2%2Ftags&post=39956"}],"curies":[{"name":"wp","href":"https:\/\/api.w.org\/{rel}","templated":true}]}}