{"id":39954,"date":"2024-03-01T16:40:29","date_gmt":"2024-03-01T19:40:29","guid":{"rendered":"https:\/\/radiorevelacionfm.cl\/?p=39954"},"modified":"2024-03-01T16:40:29","modified_gmt":"2024-03-01T19:40:29","slug":"senador-sandoval-y-rechazo-de-ecmpo-una-decision-acertada","status":"publish","type":"post","link":"https:\/\/radiorevelacionfm.cl\/?p=39954","title":{"rendered":"Senador Sandoval y rechazo de ECMPO: \u201cUna decisi\u00f3n acertada\u201d"},"content":{"rendered":"<div class=\"flex_column av_one_full  flex_column_div av-zero-column-padding first  avia-builder-el-0  el_before_av_one_full  avia-builder-el-first  \" style='border-radius:0px; '><div  class='avia-image-container  av-styling-    avia-builder-el-1  avia-builder-el-no-sibling  avia-align-center '  itemprop=\"image\" itemscope=\"itemscope\" itemtype=\"https:\/\/schema.org\/ImageObject\"  ><div class='avia-image-container-inner'><div class='avia-image-overlay-wrap'><img decoding=\"async\" class='wp-image-31584 avia-img-lazy-loading-not-31584 avia_image' src=\"https:\/\/radiorevelacionfm.cl\/wp-content\/uploads\/2023\/06\/senador-sandoval-4-1-1.jpg\" alt='' title='senador sandoval (4) (1) (1)' height=\"600\" width=\"784\"  itemprop=\"thumbnailUrl\" srcset=\"https:\/\/radiorevelacionfm.cl\/wp-content\/uploads\/2023\/06\/senador-sandoval-4-1-1.jpg 784w, https:\/\/radiorevelacionfm.cl\/wp-content\/uploads\/2023\/06\/senador-sandoval-4-1-1-300x230.jpg 300w, https:\/\/radiorevelacionfm.cl\/wp-content\/uploads\/2023\/06\/senador-sandoval-4-1-1-768x588.jpg 768w, https:\/\/radiorevelacionfm.cl\/wp-content\/uploads\/2023\/06\/senador-sandoval-4-1-1-705x540.jpg 705w, https:\/\/radiorevelacionfm.cl\/wp-content\/uploads\/2023\/06\/senador-sandoval-4-1-1-450x344.jpg 450w, https:\/\/radiorevelacionfm.cl\/wp-content\/uploads\/2023\/06\/senador-sandoval-4-1-1-600x459.jpg 600w\" sizes=\"(max-width: 784px) 100vw, 784px\" \/><\/div><\/div><\/div><\/div><div class=\"flex_column av_one_full  flex_column_div av-zero-column-padding first  avia-builder-el-2  el_after_av_one_full  el_before_av_one_full  column-top-margin\" style='border-radius:0px; '><section class=\"av_textblock_section \"  itemscope=\"itemscope\" itemtype=\"https:\/\/schema.org\/BlogPosting\" itemprop=\"blogPost\" ><div class='avia_textblock  '   itemprop=\"text\" ><p style=\"text-align: center;\"><strong><span style=\"font-size: 18pt;\">Senador Sandoval y rechazo de ECMPO: \u201cUna decisi\u00f3n acertada\u201d<\/span><\/strong><\/p>\n<div id=\"gtx-trans\" style=\"position: absolute; left: -50px; top: 4.31534px;\">\n<div class=\"gtx-trans-icon\"><\/div>\n<\/div>\n<\/div><\/section><\/div><div class=\"flex_column av_one_full  flex_column_div av-zero-column-padding first  avia-builder-el-4  el_after_av_one_full  el_before_av_hr  column-top-margin\" style='border-radius:0px; '><section class=\"av_textblock_section \"  itemscope=\"itemscope\" itemtype=\"https:\/\/schema.org\/BlogPosting\" itemprop=\"blogPost\" ><div class='avia_textblock  '   itemprop=\"text\" ><p style=\"text-align: justify;\"><em>Para el parlamentario ahora se debe avanzar en modificaciones a Ley Lafkenche y enfrentar el abandono en el que se encuentra el litoral aysenino.<\/em><\/p>\n<p style=\"text-align: justify;\">\u201cEl rechazo de las solicitudes de ECMPO es una decisi\u00f3n acertada\u201d. As\u00ed lo se\u00f1al\u00f3 el senador David Sandoval, luego de que este jueves el Consejo Regional de Uso del Borde Costero (CRUBC), decidiera por amplia mayor\u00eda, rechazar dos solicitudes de Espacios Mar\u00edtimos Costeros de Pueblos Originarios, las que involucraban la entrega de m\u00e1s de 600 mil hect\u00e1reas de territorio mar\u00edtimo en la regi\u00f3n de Ays\u00e9n.<\/p>\n<p style=\"text-align: justify;\">Para Sandoval, el tema es relevante pues \u201cno se puede cercenar el futuro y el desarrollo de toda la regi\u00f3n por eventuales intereses que pueden haber detr\u00e1s de esta situaci\u00f3n\u201d, m\u00e1s a\u00fan cuando, a su juicio, las grandes extensiones de territorio solicitadas tampoco \u201cse condicen con la historia ni con la antropolog\u00eda ni mucho menos con los pueblos costeros tradicionales de la zona\u201d.<\/p>\n<p style=\"text-align: justify;\">Se\u00f1al\u00f3 que el escenario ahora abre otros desaf\u00edos, entre ellos, las modificaciones de la Ley Lafkenche. \u201cAprovechar el llamado que se hace para que el Gobierno asuma este desaf\u00edo junto con lo que est\u00e1 haciendo la comisi\u00f3n del Senado en esta materia\u201d, recordando que para la regi\u00f3n de Ays\u00e9n el tema pesquero es fundamental, m\u00e1s cuando cerca del 30% del PIB se explica por este tema. \u201cNo podemos cercenar una vocaci\u00f3n eminentemente productiva de toda la regi\u00f3n de Ays\u00e9n y tambi\u00e9n de Magallanes\u201d, enfatizando que \u201cel territorio mar\u00edtimo en Ays\u00e9n est\u00e1 absolutamente abandonado\u201d, lo cual no se condice con la cantidad de recursos que posee ese sector.<\/p>\n<p style=\"text-align: justify;\">Y esto, pues recalc\u00f3 que en esta zona del litoral \u201cest\u00e1n centrados fundamentalmente los mayores niveles de actividad econ\u00f3mica y de desarrollo regional\u201d.<\/p>\n<p style=\"text-align: justify;\">\u201cNo le podemos poner candado a toda la regi\u00f3n por el gusto de unos pocos\u201d, se\u00f1al\u00f3 finalmente, pues ello limitar\u00eda no solo el desarrollo de Ays\u00e9n, sino que tambi\u00e9n de toda la zona austral.<\/p>\n<\/div><\/section><\/div><div  style='height:50px' class='hr hr-invisible   avia-builder-el-6  el_after_av_one_full  el_before_av_social_share '><span class='hr-inner ' ><span class='hr-inner-style'><\/span><\/span><\/div><\/p>\n<div  class='av-social-sharing-box  avia-builder-el-7  el_after_av_hr  el_before_av_hr  '><div class='av-share-box'><h5 class='av-share-link-description av-no-toc '>Compartir esta noticia<\/h5><ul class='av-share-box-list noLightbox'><li class='av-share-link av-social-link-facebook' ><a target=\"_blank\" aria-label=\"Compartir en Facebook\" href='https:\/\/www.facebook.com\/sharer.php?u=https:\/\/radiorevelacionfm.cl\/?p=39954&#038;t=Senador%20Sandoval%20y%20rechazo%20de%20ECMPO%3A%20%E2%80%9CUna%20decisi%C3%B3n%20acertada%E2%80%9D' aria-hidden='false' data-av_icon='\ue8f3' data-av_iconfont='entypo-fontello' title='' data-avia-related-tooltip='Compartir en Facebook' rel=\"noopener\"><span class='avia_hidden_link_text'>Compartir en Facebook<\/span><\/a><\/li><li class='av-share-link av-social-link-twitter' ><a target=\"_blank\" aria-label=\"Compartir en Twitter\" href='https:\/\/twitter.com\/share?text=Senador%20Sandoval%20y%20rechazo%20de%20ECMPO%3A%20%E2%80%9CUna%20decisi%C3%B3n%20acertada%E2%80%9D&#038;url=https:\/\/radiorevelacionfm.cl\/?p=39954' aria-hidden='false' data-av_icon='\ue8f1' data-av_iconfont='entypo-fontello' title='' data-avia-related-tooltip='Compartir en Twitter' rel=\"noopener\"><span class='avia_hidden_link_text'>Compartir en Twitter<\/span><\/a><\/li><li class='av-share-link av-social-link-whatsapp' ><a target=\"_blank\" aria-label=\"Compartir en Whatsapp\" href='https:\/\/api.whatsapp.com\/send?text=https:\/\/radiorevelacionfm.cl\/?p=39954' aria-hidden='false' data-av_icon='\uf232' data-av_iconfont='entypo-fontello' title='' data-avia-related-tooltip='Compartir en Whatsapp' rel=\"noopener\"><span class='avia_hidden_link_text'>Compartir en Whatsapp<\/span><\/a><\/li><li class='av-share-link av-social-link-linkedin' ><a target=\"_blank\" aria-label=\"Compartir en LinkedIn\" href='https:\/\/linkedin.com\/shareArticle?mini=true&#038;title=Senador%20Sandoval%20y%20rechazo%20de%20ECMPO%3A%20%E2%80%9CUna%20decisi%C3%B3n%20acertada%E2%80%9D&#038;url=https:\/\/radiorevelacionfm.cl\/?p=39954' aria-hidden='false' data-av_icon='\ue8fc' data-av_iconfont='entypo-fontello' title='' data-avia-related-tooltip='Compartir en LinkedIn' rel=\"noopener\"><span class='avia_hidden_link_text'>Compartir en LinkedIn<\/span><\/a><\/li><li class='av-share-link av-social-link-mail' ><a  aria-label=\"Compartir por correo\" href='mailto:?subject=Senador%20Sandoval%20y%20rechazo%20de%20ECMPO%3A%20%E2%80%9CUna%20decisi%C3%B3n%20acertada%E2%80%9D&#038;body=https:\/\/radiorevelacionfm.cl\/?p=39954' aria-hidden='false' data-av_icon='\ue805' data-av_iconfont='entypo-fontello' title='' data-avia-related-tooltip='Compartir por correo'><span class='avia_hidden_link_text'>Compartir por correo<\/span><\/a><\/li><\/ul><\/div><\/div>\n<div  style='height:50px' class='hr hr-invisible   avia-builder-el-8  el_after_av_social_share  el_before_av_comments_list '><span class='hr-inner ' ><span class='hr-inner-style'><\/span><\/span><\/div>\n<div  class='av-buildercomment  av-blog-meta-html-info-disabled av-blog-meta-tag-disabled  '><\/div>\n","protected":false},"excerpt":{"rendered":"","protected":false},"author":1,"featured_media":31584,"comment_status":"open","ping_status":"open","sticky":false,"template":"","format":"standard","meta":{"footnotes":""},"categories":[35],"tags":[],"class_list":["post-39954","post","type-post","status-publish","format-standard","has-post-thumbnail","hentry","category-politica"],"jetpack_featured_media_url":"https:\/\/radiorevelacionfm.cl\/wp-content\/uploads\/2023\/06\/senador-sandoval-4-1-1.jpg","_links":{"self":[{"href":"https:\/\/radiorevelacionfm.cl\/index.php?rest_route=\/wp\/v2\/posts\/39954","targetHints":{"allow":["GET"]}}],"collection":[{"href":"https:\/\/radiorevelacionfm.cl\/index.php?rest_route=\/wp\/v2\/posts"}],"about":[{"href":"https:\/\/radiorevelacionfm.cl\/index.php?rest_route=\/wp\/v2\/types\/post"}],"author":[{"embeddable":true,"href":"https:\/\/radiorevelacionfm.cl\/index.php?rest_route=\/wp\/v2\/users\/1"}],"replies":[{"embeddable":true,"href":"https:\/\/radiorevelacionfm.cl\/index.php?rest_route=%2Fwp%2Fv2%2Fcomments&post=39954"}],"version-history":[{"count":1,"href":"https:\/\/radiorevelacionfm.cl\/index.php?rest_route=\/wp\/v2\/posts\/39954\/revisions"}],"predecessor-version":[{"id":39955,"href":"https:\/\/radiorevelacionfm.cl\/index.php?rest_route=\/wp\/v2\/posts\/39954\/revisions\/39955"}],"wp:featuredmedia":[{"embeddable":true,"href":"https:\/\/radiorevelacionfm.cl\/index.php?rest_route=\/wp\/v2\/media\/31584"}],"wp:attachment":[{"href":"https:\/\/radiorevelacionfm.cl\/index.php?rest_route=%2Fwp%2Fv2%2Fmedia&parent=39954"}],"wp:term":[{"taxonomy":"category","embeddable":true,"href":"https:\/\/radiorevelacionfm.cl\/index.php?rest_route=%2Fwp%2Fv2%2Fcategories&post=39954"},{"taxonomy":"post_tag","embeddable":true,"href":"https:\/\/radiorevelacionfm.cl\/index.php?rest_route=%2Fwp%2Fv2%2Ftags&post=39954"}],"curies":[{"name":"wp","href":"https:\/\/api.w.org\/{rel}","templated":true}]}}