{"id":39951,"date":"2024-03-01T11:37:26","date_gmt":"2024-03-01T14:37:26","guid":{"rendered":"https:\/\/radiorevelacionfm.cl\/?p=39951"},"modified":"2024-03-01T11:37:26","modified_gmt":"2024-03-01T14:37:26","slug":"agrupaysen-celebra-la-decision-de-crubc-un-futuro-sostenible-para-aysen","status":"publish","type":"post","link":"https:\/\/radiorevelacionfm.cl\/?p=39951","title":{"rendered":"AGRUPAYSEN celebra la decisi\u00f3n de CRUBC: Un Futuro Sostenible para Ays\u00e9n"},"content":{"rendered":"<div class=\"flex_column av_one_full  flex_column_div av-zero-column-padding first  avia-builder-el-0  el_before_av_one_full  avia-builder-el-first  \" style='border-radius:0px; '><div  class='avia-image-container  av-styling-    avia-builder-el-1  avia-builder-el-no-sibling  avia-align-center '  itemprop=\"image\" itemscope=\"itemscope\" itemtype=\"https:\/\/schema.org\/ImageObject\"  ><div class='avia-image-container-inner'><div class='avia-image-overlay-wrap'><img decoding=\"async\" class='wp-image-39952 avia-img-lazy-loading-not-39952 avia_image' src=\"https:\/\/radiorevelacionfm.cl\/wp-content\/uploads\/2024\/03\/crubc-1_optimized.jpeg\" alt='' title='crubc-(1)_optimized' height=\"600\" width=\"1066\"  itemprop=\"thumbnailUrl\" srcset=\"https:\/\/radiorevelacionfm.cl\/wp-content\/uploads\/2024\/03\/crubc-1_optimized.jpeg 1066w, https:\/\/radiorevelacionfm.cl\/wp-content\/uploads\/2024\/03\/crubc-1_optimized-300x169.jpeg 300w, https:\/\/radiorevelacionfm.cl\/wp-content\/uploads\/2024\/03\/crubc-1_optimized-1030x580.jpeg 1030w, https:\/\/radiorevelacionfm.cl\/wp-content\/uploads\/2024\/03\/crubc-1_optimized-768x432.jpeg 768w, https:\/\/radiorevelacionfm.cl\/wp-content\/uploads\/2024\/03\/crubc-1_optimized-705x397.jpeg 705w, https:\/\/radiorevelacionfm.cl\/wp-content\/uploads\/2024\/03\/crubc-1_optimized-450x253.jpeg 450w, https:\/\/radiorevelacionfm.cl\/wp-content\/uploads\/2024\/03\/crubc-1_optimized-600x338.jpeg 600w\" sizes=\"(max-width: 1066px) 100vw, 1066px\" \/><\/div><\/div><\/div><\/div><div class=\"flex_column av_one_full  flex_column_div av-zero-column-padding first  avia-builder-el-2  el_after_av_one_full  el_before_av_one_full  column-top-margin\" style='border-radius:0px; '><section class=\"av_textblock_section \"  itemscope=\"itemscope\" itemtype=\"https:\/\/schema.org\/BlogPosting\" itemprop=\"blogPost\" ><div class='avia_textblock  '   itemprop=\"text\" ><p style=\"text-align: center;\"><strong><span style=\"font-size: 18pt;\">AGRUPAYSEN celebra la decisi\u00f3n de CRUBC: Un Futuro Sostenible para Ays\u00e9n<\/span><\/strong><\/p>\n<div id=\"gtx-trans\" style=\"position: absolute; left: -50px; top: 4.31534px;\">\n<div class=\"gtx-trans-icon\"><\/div>\n<\/div>\n<\/div><\/section><\/div><div class=\"flex_column av_one_full  flex_column_div av-zero-column-padding first  avia-builder-el-4  el_after_av_one_full  el_before_av_hr  column-top-margin\" style='border-radius:0px; '><section class=\"av_textblock_section \"  itemscope=\"itemscope\" itemtype=\"https:\/\/schema.org\/BlogPosting\" itemprop=\"blogPost\" ><div class='avia_textblock  '   itemprop=\"text\" ><p style=\"text-align: justify;\">En una decisi\u00f3n contundente, la Comisi\u00f3n Regional de Uso del Borde Costero (CRUBC) desestim\u00f3 por una mayor\u00eda abrumadora las pol\u00e9micas solicitudes de Espacios Costeros Marinos para Pueblos Originarios (ECMPO), vinculadas a las comunidades Pu Wapi de Guaitecas y Antunen Rain de Islas Huichas. Este fallo refleja la firme posici\u00f3n de Ays\u00e9n en defensa de sus recursos y tradiciones, poniendo en evidencia las profundas fallas en la implementaci\u00f3n de la Ley Lafkenche y el desaf\u00edo de equilibrar la conservaci\u00f3n ambiental con el bienestar socioecon\u00f3mico regional.<\/p>\n<p style=\"text-align: justify;\">Tras la reciente sesi\u00f3n de la Comisi\u00f3n Regional de Uso del Borde Costero (CRUBC) llevada a cabo el d\u00eda de ayer , los gremios acu\u00edcolas de la regi\u00f3n de Ays\u00e9n, expresaron su preocupaci\u00f3n ante los dichos expresados por la Gobernadora Regional, Sra. Andrea Mac\u00edas Palma.<\/p>\n<p style=\"text-align: justify;\">Conrado Redlich, presidente de la Multigremial de Ays\u00e9n y de AGRECACH, destac\u00f3 la votaci\u00f3n como un ejemplo de rectitud y llam\u00f3 a una reflexi\u00f3n profunda sobre la implementaci\u00f3n de la ley: \u00abEste es un momento de alivio y de llamado a la acci\u00f3n. La ley, en su esencia, busca proteger; sin embargo, su implementaci\u00f3n ha demostrado fallas graves. Es imperativo que trabajemos juntos para asegurar que se respete la verdadera intenci\u00f3n de proteger nuestros recursos sin comprometer el bienestar de la comunidad\u00bb.<\/p>\n<p style=\"text-align: justify;\">Hern\u00e1n Rebolledo, presidente de CorpAys\u00e9n y director de AGRUPAYSEN, expres\u00f3 su satisfacci\u00f3n por el resultado, resaltando la importancia del di\u00e1logo y la participaci\u00f3n activa en este proceso: \u00abEl resultado de hoy es una victoria para todos en Ays\u00e9n. Demuestra que cuando la comunidad se une y se basa en argumentos s\u00f3lidos y fundados, podemos guiar las decisiones hacia el bien com\u00fan. Este es un claro mensaje de que debemos seguir trabajando juntos, respetando nuestras diferencias y buscando siempre el di\u00e1logo\u00bb.<\/p>\n<p style=\"text-align: justify;\">Este triunfo no solo representa el rechazo a las solicitudes ECMPO sino que tambi\u00e9n marca un punto de inflexi\u00f3n para la comunidad de Ays\u00e9n. Es un llamado a la reflexi\u00f3n sobre c\u00f3mo queremos gestionar nuestro maritorio y c\u00f3mo podemos asegurar que las leyes y pol\u00edticas reflejen los intereses y necesidades de todos los habitantes de la regi\u00f3n.<\/p>\n<p style=\"text-align: justify;\">La votaci\u00f3n de la CRUBC es un claro ejemplo de democracia en acci\u00f3n, donde la voz de la comunidad se escuch\u00f3 fuerte y clara. Ahora, el desaf\u00edo es mantener este esp\u00edritu de unidad y colaboraci\u00f3n para enfrentar futuros desaf\u00edos y asegurar un desarrollo sostenible y equitativo para Ays\u00e9n.<\/p>\n<p style=\"text-align: justify;\">En el cierre de esta jornada hist\u00f3rica, es evidente que el verdadero triunfo es para Ays\u00e9n. La decisi\u00f3n tomada ayer no solo protege nuestro patrimonio natural sino que tambi\u00e9n asegura un futuro m\u00e1s prometedor para todas las personas que llaman a esta hermosa regi\u00f3n su hogar.<\/p>\n<\/div><\/section><\/div><div  style='height:50px' class='hr hr-invisible   avia-builder-el-6  el_after_av_one_full  el_before_av_social_share '><span class='hr-inner ' ><span class='hr-inner-style'><\/span><\/span><\/div><\/p>\n<div  class='av-social-sharing-box  avia-builder-el-7  el_after_av_hr  el_before_av_hr  '><div class='av-share-box'><h5 class='av-share-link-description av-no-toc '>Compartir esta noticia<\/h5><ul class='av-share-box-list noLightbox'><li class='av-share-link av-social-link-facebook' ><a target=\"_blank\" aria-label=\"Compartir en Facebook\" href='https:\/\/www.facebook.com\/sharer.php?u=https:\/\/radiorevelacionfm.cl\/?p=39951&#038;t=AGRUPAYSEN%20celebra%20la%20decisi%C3%B3n%20de%20CRUBC%3A%20Un%20Futuro%20Sostenible%20para%20Ays%C3%A9n' aria-hidden='false' data-av_icon='\ue8f3' data-av_iconfont='entypo-fontello' title='' data-avia-related-tooltip='Compartir en Facebook' rel=\"noopener\"><span class='avia_hidden_link_text'>Compartir en Facebook<\/span><\/a><\/li><li class='av-share-link av-social-link-twitter' ><a target=\"_blank\" aria-label=\"Compartir en Twitter\" href='https:\/\/twitter.com\/share?text=AGRUPAYSEN%20celebra%20la%20decisi%C3%B3n%20de%20CRUBC%3A%20Un%20Futuro%20Sostenible%20para%20Ays%C3%A9n&#038;url=https:\/\/radiorevelacionfm.cl\/?p=39951' aria-hidden='false' data-av_icon='\ue8f1' data-av_iconfont='entypo-fontello' title='' data-avia-related-tooltip='Compartir en Twitter' rel=\"noopener\"><span class='avia_hidden_link_text'>Compartir en Twitter<\/span><\/a><\/li><li class='av-share-link av-social-link-whatsapp' ><a target=\"_blank\" aria-label=\"Compartir en Whatsapp\" href='https:\/\/api.whatsapp.com\/send?text=https:\/\/radiorevelacionfm.cl\/?p=39951' aria-hidden='false' data-av_icon='\uf232' data-av_iconfont='entypo-fontello' title='' data-avia-related-tooltip='Compartir en Whatsapp' rel=\"noopener\"><span class='avia_hidden_link_text'>Compartir en Whatsapp<\/span><\/a><\/li><li class='av-share-link av-social-link-linkedin' ><a target=\"_blank\" aria-label=\"Compartir en LinkedIn\" href='https:\/\/linkedin.com\/shareArticle?mini=true&#038;title=AGRUPAYSEN%20celebra%20la%20decisi%C3%B3n%20de%20CRUBC%3A%20Un%20Futuro%20Sostenible%20para%20Ays%C3%A9n&#038;url=https:\/\/radiorevelacionfm.cl\/?p=39951' aria-hidden='false' data-av_icon='\ue8fc' data-av_iconfont='entypo-fontello' title='' data-avia-related-tooltip='Compartir en LinkedIn' rel=\"noopener\"><span class='avia_hidden_link_text'>Compartir en LinkedIn<\/span><\/a><\/li><li class='av-share-link av-social-link-mail' ><a  aria-label=\"Compartir por correo\" href='mailto:?subject=AGRUPAYSEN%20celebra%20la%20decisi%C3%B3n%20de%20CRUBC%3A%20Un%20Futuro%20Sostenible%20para%20Ays%C3%A9n&#038;body=https:\/\/radiorevelacionfm.cl\/?p=39951' aria-hidden='false' data-av_icon='\ue805' data-av_iconfont='entypo-fontello' title='' data-avia-related-tooltip='Compartir por correo'><span class='avia_hidden_link_text'>Compartir por correo<\/span><\/a><\/li><\/ul><\/div><\/div>\n<div  style='height:50px' class='hr hr-invisible   avia-builder-el-8  el_after_av_social_share  el_before_av_comments_list '><span class='hr-inner ' ><span class='hr-inner-style'><\/span><\/span><\/div>\n<div  class='av-buildercomment  av-blog-meta-html-info-disabled av-blog-meta-tag-disabled  '><\/div>\n","protected":false},"excerpt":{"rendered":"","protected":false},"author":1,"featured_media":39952,"comment_status":"open","ping_status":"open","sticky":false,"template":"","format":"standard","meta":{"footnotes":""},"categories":[38],"tags":[],"class_list":["post-39951","post","type-post","status-publish","format-standard","has-post-thumbnail","hentry","category-regional"],"jetpack_featured_media_url":"https:\/\/radiorevelacionfm.cl\/wp-content\/uploads\/2024\/03\/crubc-1_optimized.jpeg","_links":{"self":[{"href":"https:\/\/radiorevelacionfm.cl\/index.php?rest_route=\/wp\/v2\/posts\/39951","targetHints":{"allow":["GET"]}}],"collection":[{"href":"https:\/\/radiorevelacionfm.cl\/index.php?rest_route=\/wp\/v2\/posts"}],"about":[{"href":"https:\/\/radiorevelacionfm.cl\/index.php?rest_route=\/wp\/v2\/types\/post"}],"author":[{"embeddable":true,"href":"https:\/\/radiorevelacionfm.cl\/index.php?rest_route=\/wp\/v2\/users\/1"}],"replies":[{"embeddable":true,"href":"https:\/\/radiorevelacionfm.cl\/index.php?rest_route=%2Fwp%2Fv2%2Fcomments&post=39951"}],"version-history":[{"count":1,"href":"https:\/\/radiorevelacionfm.cl\/index.php?rest_route=\/wp\/v2\/posts\/39951\/revisions"}],"predecessor-version":[{"id":39953,"href":"https:\/\/radiorevelacionfm.cl\/index.php?rest_route=\/wp\/v2\/posts\/39951\/revisions\/39953"}],"wp:featuredmedia":[{"embeddable":true,"href":"https:\/\/radiorevelacionfm.cl\/index.php?rest_route=\/wp\/v2\/media\/39952"}],"wp:attachment":[{"href":"https:\/\/radiorevelacionfm.cl\/index.php?rest_route=%2Fwp%2Fv2%2Fmedia&parent=39951"}],"wp:term":[{"taxonomy":"category","embeddable":true,"href":"https:\/\/radiorevelacionfm.cl\/index.php?rest_route=%2Fwp%2Fv2%2Fcategories&post=39951"},{"taxonomy":"post_tag","embeddable":true,"href":"https:\/\/radiorevelacionfm.cl\/index.php?rest_route=%2Fwp%2Fv2%2Ftags&post=39951"}],"curies":[{"name":"wp","href":"https:\/\/api.w.org\/{rel}","templated":true}]}}