{"id":39946,"date":"2024-03-01T10:15:44","date_gmt":"2024-03-01T13:15:44","guid":{"rendered":"https:\/\/radiorevelacionfm.cl\/?p=39946"},"modified":"2024-03-01T11:11:01","modified_gmt":"2024-03-01T14:11:01","slug":"inauguran-punto-de-atencion-virtual-del-ips-chileatiende-en-la-austral-villa-ohiggins","status":"publish","type":"post","link":"https:\/\/radiorevelacionfm.cl\/?p=39946","title":{"rendered":"Inauguran punto de atenci\u00f3n virtual del IPS ChileAtiende en la austral Villa O\u2019higgins"},"content":{"rendered":"<div class=\"flex_column av_one_full  flex_column_div av-zero-column-padding first  avia-builder-el-0  el_before_av_one_full  avia-builder-el-first  \" style='border-radius:0px; '><div  class='avia-image-container  av-styling-    avia-builder-el-1  avia-builder-el-no-sibling  avia-align-center '  itemprop=\"image\" itemscope=\"itemscope\" itemtype=\"https:\/\/schema.org\/ImageObject\"  ><div class='avia-image-container-inner'><div class='avia-image-overlay-wrap'><img decoding=\"async\" class='wp-image-39949 avia-img-lazy-loading-not-39949 avia_image' src=\"https:\/\/radiorevelacionfm.cl\/wp-content\/uploads\/2024\/03\/ATENCION-2-1.jpeg\" alt='' title='ATENCION (2) (1)' height=\"600\" width=\"862\"  itemprop=\"thumbnailUrl\" srcset=\"https:\/\/radiorevelacionfm.cl\/wp-content\/uploads\/2024\/03\/ATENCION-2-1.jpeg 862w, https:\/\/radiorevelacionfm.cl\/wp-content\/uploads\/2024\/03\/ATENCION-2-1-300x209.jpeg 300w, https:\/\/radiorevelacionfm.cl\/wp-content\/uploads\/2024\/03\/ATENCION-2-1-768x535.jpeg 768w, https:\/\/radiorevelacionfm.cl\/wp-content\/uploads\/2024\/03\/ATENCION-2-1-705x491.jpeg 705w, https:\/\/radiorevelacionfm.cl\/wp-content\/uploads\/2024\/03\/ATENCION-2-1-450x313.jpeg 450w, https:\/\/radiorevelacionfm.cl\/wp-content\/uploads\/2024\/03\/ATENCION-2-1-600x418.jpeg 600w\" sizes=\"(max-width: 862px) 100vw, 862px\" \/><\/div><\/div><\/div><\/div><div class=\"flex_column av_one_full  flex_column_div av-zero-column-padding first  avia-builder-el-2  el_after_av_one_full  el_before_av_one_full  column-top-margin\" style='border-radius:0px; '><section class=\"av_textblock_section \"  itemscope=\"itemscope\" itemtype=\"https:\/\/schema.org\/BlogPosting\" itemprop=\"blogPost\" ><div class='avia_textblock  '   itemprop=\"text\" ><p style=\"text-align: center;\"><strong><span style=\"font-size: 18pt;\">Inauguran punto de atenci\u00f3n virtual del IPS ChileAtiende en la austral Villa O\u2019higgins<\/span><\/strong><\/p>\n<div id=\"gtx-trans\" style=\"position: absolute; left: -50px; top: 4.31534px;\">\n<div class=\"gtx-trans-icon\"><\/div>\n<\/div>\n<\/div><\/section><\/div><\/p>\n<div class=\"flex_column av_one_full  flex_column_div av-zero-column-padding first  avia-builder-el-4  el_after_av_one_full  el_before_av_hr  column-top-margin\" style='border-radius:0px; '><section class=\"av_textblock_section \"  itemscope=\"itemscope\" itemtype=\"https:\/\/schema.org\/BlogPosting\" itemprop=\"blogPost\" ><div class='avia_textblock  '   itemprop=\"text\" ><p style=\"text-align: justify;\"><em>Villa O\u2019Higgins se suma as\u00ed a los Puntos de Atenci\u00f3n Virtual Municipal ya instalados en Puerto R\u00edo Tranquilo y Melinka.<\/em><\/p>\n<p style=\"text-align: justify;\">Una excelente acogida tuvo en la comuna de O\u2019Higgins el reci\u00e9n inaugurado Punto de Atenci\u00f3n Virtual Municipal IPS ChileAtiende. Con m\u00e1s de 18 tr\u00e1mites disponibles, este nuevo servicio se instala en la \u201ccapital de los glaciares patag\u00f3nicos\u201d, gracias al trabajo mancomunado del municipio y del Instituto de Previsi\u00f3n Social \u2013 IPS ChileAtiende.<\/p>\n<p style=\"text-align: justify;\">El original punto de atenci\u00f3n funciona en las instalaciones del Departamento Social del Municipio, de lunes a viernes, en horario de 9:00 a 12:30 horas, y est\u00e1 a cargo de los funcionarios Pedro Barr\u00eda y Leticia Gatica, quienes apoyar\u00e1n a las personas para conectarse a la Sucursal Virtual de IPS ChileAtiende y acceder as\u00ed a los tr\u00e1mites que ah\u00ed se encuentran a disposici\u00f3n.<\/p>\n<p style=\"text-align: justify;\">En la inauguraci\u00f3n participaron el alcalde de O\u2019Higgins, Jos\u00e9 Fica G\u00f3mez; la coordinadora de la sucursal IPS ChileAtiende de Cochrane, Wilma Mar\u00edn Sandoval; y el seremi del Trabajo y Previsi\u00f3n Social, Rodrigo D\u00edaz Cordaro, entre otras autoridades.<\/p>\n<p style=\"text-align: justify;\">Este \u00faltimo valor\u00f3 la iniciativa, destacando la labor del IPS en materia de innovaci\u00f3n y acceso. \u201cAqu\u00ed se ve reflejado, claramente, el cumplimiento del Presidente Boric, del Ministerio del Trabajo y Previsi\u00f3n Social, del IPS ChileAtiende, con la gente, con las comunidades y con los territorios. \u00a0Hoy ac\u00e1, en Villa O\u2019Higgins, a 540 kil\u00f3metros al sur de Coyhaique estamos inaugurando el tercer punto de la regi\u00f3n, el d\u00e9cimo del pa\u00eds, y eso no es casualidad; es la importancia que nuestro gobierno le da a las comunidades, a los habitantes de Villa O\u2019Higgins. Pero esto no ser\u00eda posible sin el liderazgo, sin la gran visi\u00f3n del Instituto de Previsi\u00f3n Social\u201d, se\u00f1al\u00f3 el seremi.<\/p>\n<p style=\"text-align: justify;\">Asimismo, la autoridad relev\u00f3 la importancia del trabajo conjunto con el municipio de O\u2019Higgins. \u201cEsta atenci\u00f3n es in\u00e9dita, y va a facilitarle la vida a las personas. Y ah\u00ed, agradecer tambi\u00e9n al equipo municipal, porque esto sin voluntades, sin personas, sin coraz\u00f3n, no ser\u00eda posible\u00bb, indic\u00f3 D\u00edaz Cordaro.<\/p>\n<p style=\"text-align: justify;\">Esta iniciativa es un proyecto que el IPS est\u00e1 desarrollando a nivel nacional y que, con el fin de acercar los servicios del Estado a todos los chilenos y chilenas, se ha enfocado principalmente en las localidades m\u00e1s aisladas o distantes de los principales centros urbanos, con las consiguientes ventajas en la facilidad de acceso, as\u00ed como en el ahorro de tiempo y dinero por los viajes que los habitantes de estas localidades deb\u00edan llevar a cabo para poder realizar sus tr\u00e1mites.<\/p>\n<p style=\"text-align: justify;\">As\u00ed lo destac\u00f3 el alcalde de O\u2019Higgins, Jos\u00e9 Fica G\u00f3mez, quien puso \u00e9nfasis en la ventaja que esta propuesta significa para los habitantes de la Villa. \u201cPara nosotros es un gran avance, especialmente para las personas. Es una tremenda ayuda porque les va a evitar salir a Coyhaique o a Cochrane. Hay una econom\u00eda personal para la gente. No van a haber gastos involucrados, as\u00ed es que es un gran avance para nosotros\u201d, indic\u00f3.<\/p>\n<p style=\"text-align: justify;\">A trav\u00e9s de una conexi\u00f3n en vivo desde Santiago, el director nacional (s) del IPS, Juan Jos\u00e9 C\u00e1rcamo, salud\u00f3 a las personas presentes. Destac\u00f3 los tr\u00e1mites a los que podr\u00e1n acceder a trav\u00e9s de la sucursal virtual, agradeci\u00f3 al alcalde Jos\u00e9 Fica y a los funcionarios y funcionarias municipales que participan de este proyecto, as\u00ed como al equipo del IPS Ays\u00e9n, \u201cporque este esfuerzo nos permite seguir creciendo y mejorando\u201d, recalc\u00f3.<\/p>\n<p style=\"text-align: justify;\">Por su parte, \u00a0la coordinadora de la sucursal IPS ChileAtiende Cochrane, Wilma Mar\u00edn Saldoval, corrobor\u00f3 lo expresado por la m\u00e1xima autoridad del IPS, destacando el valor que este proyecto tiene para la instituci\u00f3n y la ciudadan\u00eda. \u00abEl IPS est\u00e1 trabajando constantemente para acercar el Estado a las personas y que puedan acceder a los distintos beneficios que se entregan a trav\u00e9s de IPS. A nuestros usuarios se les va a facilitar la vida. Ya no tendr\u00e1n que trasladarse a Cochrane o a Coyhaique para realizar sus tr\u00e1mites, tendr\u00e1n ac\u00e1 mismo en Villa O\u00b4Higgins el Punto de Atenci\u00f3n Virtual, lo que les va a permitir disminuir los gastos en traslados, tiempo y dinero y con ello podr\u00e1n acceder a todos los tr\u00e1mites del Estado\u201d, dijo.<\/p>\n<p style=\"text-align: justify;\">En el marco de la inauguraci\u00f3n, Daniela Espinoza fue la primera persona en hacer uso del Punto de Atenci\u00f3n Virtual Municipal, a trav\u00e9s de la solicitud de la liquidaci\u00f3n de su Subsidio \u00danico Familiar y de su Cartola Hogar. \u201cComo vecina de Villa O\u2019Higgins, lo encuentro s\u00faper importante, porque nosotros tenemos que viajar aproximadamente cinco o seis horas a Cochrane, para poder hacer algunos tr\u00e1mites, y si no, a Coyhaique. Entonces, evitarnos un viaje o una salida, que son dos o tres d\u00edas es un progreso para la localidad. Adem\u00e1s, es s\u00faper amigable el sistema. Sobre todo para la gente que es adulto mayor\u201d, concluy\u00f3.<\/p>\n<p style=\"text-align: justify;\"><strong><em>Los tr\u00e1mites y documentos disponibles a trav\u00e9s del Punto de Atenci\u00f3n Virtual Municipal:<\/em><\/strong><\/p>\n<ul style=\"text-align: justify;\">\n<li><strong><em>Bono Bodas de Oro.<\/em><\/strong><\/li>\n<li><strong><em>Bono por Hijo.<\/em><\/strong><\/li>\n<li><strong><em>Bonificaci\u00f3n de la cotizaci\u00f3n obligatoria de salud (7%).<\/em><\/strong><\/li>\n<li><strong><em>Liquidaci\u00f3n de pensi\u00f3n o beneficio.<\/em><\/strong><\/li>\n<li><strong><em>Certificado de Ley de renta de pensionados.<\/em><\/strong><\/li>\n<li><strong><em>Afiliaci\u00f3n a Fonasa.<\/em><\/strong><\/li>\n<li><strong><em>Modificaci\u00f3n de forma de pago para beneficiarios del IPS.<\/em><\/strong><\/li>\n<li><strong><em>Pensi\u00f3n Garantizada Universal (PGU).<\/em><\/strong><\/li>\n<li><strong><em>Autorizaci\u00f3n para cobrar beneficios de previsi\u00f3n social a trav\u00e9s de un apoderado.<\/em><\/strong><\/li>\n<li><strong><em>Inscripci\u00f3n de cuenta bancaria para saldo a favor del empleador.<\/em><\/strong><\/li>\n<li><strong><em>Extinci\u00f3n de cargas para Asignaci\u00f3n Familiar.<\/em><\/strong><\/li>\n<li><strong><em>Reconocimiento de cargas para Asignaci\u00f3n Familiar (trabajadores independientes).<\/em><\/strong><\/li>\n<li><strong><em>Reconocimiento de cargas para Asignaci\u00f3n Familiar (trabajadores dependientes).<\/em><\/strong><\/li>\n<li><strong><em>Incorporaci\u00f3n de una carga de salud a Fonasa.<\/em><\/strong><\/li>\n<li><strong><em>Certificaci\u00f3n de supervivencia IPS para chilenos en el exterior.<\/em><\/strong><\/li>\n<li><strong><em>Subsidio de Discapacidad para menores de 18 a\u00f1os.<\/em><\/strong><\/li>\n<li><strong><em>Cartola Hogar.<\/em><\/strong><\/li>\n<li><strong><em>Certificado de persona cuidadora.<\/em><\/strong><\/li>\n<\/ul>\n<p style=\"text-align: justify;\">Para m\u00e1s informaci\u00f3n y consultas, est\u00e1n disponibles los sitios <strong>www.aportefamiliar.cl<\/strong>, <strong>www.chileatiende.cl<\/strong>, las redes sociales <strong>@ChileAtiende<\/strong> en Facebook, X (ex Twitter) e Instagram y el <strong>Call Center 101<\/strong>.<\/p>\n<\/div><\/section><\/div>\n<div  style='height:50px' class='hr hr-invisible   avia-builder-el-6  el_after_av_one_full  el_before_av_social_share '><span class='hr-inner ' ><span class='hr-inner-style'><\/span><\/span><\/div>\n<div  class='av-social-sharing-box  avia-builder-el-7  el_after_av_hr  el_before_av_hr  '><div class='av-share-box'><h5 class='av-share-link-description av-no-toc '>Compartir esta noticia<\/h5><ul class='av-share-box-list noLightbox'><li class='av-share-link av-social-link-facebook' ><a target=\"_blank\" aria-label=\"Compartir en Facebook\" href='https:\/\/www.facebook.com\/sharer.php?u=https:\/\/radiorevelacionfm.cl\/?p=39946&#038;t=Inauguran%20punto%20de%20atenci%C3%B3n%20virtual%20del%20IPS%20ChileAtiende%20en%20la%20austral%20Villa%20O%E2%80%99higgins' aria-hidden='false' data-av_icon='\ue8f3' data-av_iconfont='entypo-fontello' title='' data-avia-related-tooltip='Compartir en Facebook' rel=\"noopener\"><span class='avia_hidden_link_text'>Compartir en Facebook<\/span><\/a><\/li><li class='av-share-link av-social-link-twitter' ><a target=\"_blank\" aria-label=\"Compartir en Twitter\" href='https:\/\/twitter.com\/share?text=Inauguran%20punto%20de%20atenci%C3%B3n%20virtual%20del%20IPS%20ChileAtiende%20en%20la%20austral%20Villa%20O%E2%80%99higgins&#038;url=https:\/\/radiorevelacionfm.cl\/?p=39946' aria-hidden='false' data-av_icon='\ue8f1' data-av_iconfont='entypo-fontello' title='' data-avia-related-tooltip='Compartir en Twitter' rel=\"noopener\"><span class='avia_hidden_link_text'>Compartir en Twitter<\/span><\/a><\/li><li class='av-share-link av-social-link-whatsapp' ><a target=\"_blank\" aria-label=\"Compartir en Whatsapp\" href='https:\/\/api.whatsapp.com\/send?text=https:\/\/radiorevelacionfm.cl\/?p=39946' aria-hidden='false' data-av_icon='\uf232' data-av_iconfont='entypo-fontello' title='' data-avia-related-tooltip='Compartir en Whatsapp' rel=\"noopener\"><span class='avia_hidden_link_text'>Compartir en Whatsapp<\/span><\/a><\/li><li class='av-share-link av-social-link-linkedin' ><a target=\"_blank\" aria-label=\"Compartir en LinkedIn\" href='https:\/\/linkedin.com\/shareArticle?mini=true&#038;title=Inauguran%20punto%20de%20atenci%C3%B3n%20virtual%20del%20IPS%20ChileAtiende%20en%20la%20austral%20Villa%20O%E2%80%99higgins&#038;url=https:\/\/radiorevelacionfm.cl\/?p=39946' aria-hidden='false' data-av_icon='\ue8fc' data-av_iconfont='entypo-fontello' title='' data-avia-related-tooltip='Compartir en LinkedIn' rel=\"noopener\"><span class='avia_hidden_link_text'>Compartir en LinkedIn<\/span><\/a><\/li><li class='av-share-link av-social-link-mail' ><a  aria-label=\"Compartir por correo\" href='mailto:?subject=Inauguran%20punto%20de%20atenci%C3%B3n%20virtual%20del%20IPS%20ChileAtiende%20en%20la%20austral%20Villa%20O%E2%80%99higgins&#038;body=https:\/\/radiorevelacionfm.cl\/?p=39946' aria-hidden='false' data-av_icon='\ue805' data-av_iconfont='entypo-fontello' title='' data-avia-related-tooltip='Compartir por correo'><span class='avia_hidden_link_text'>Compartir por correo<\/span><\/a><\/li><\/ul><\/div><\/div>\n<div  style='height:50px' class='hr hr-invisible   avia-builder-el-8  el_after_av_social_share  el_before_av_comments_list '><span class='hr-inner ' ><span class='hr-inner-style'><\/span><\/span><\/div>\n<div  class='av-buildercomment  av-blog-meta-html-info-disabled av-blog-meta-tag-disabled  '><\/div>\n","protected":false},"excerpt":{"rendered":"","protected":false},"author":1,"featured_media":39949,"comment_status":"open","ping_status":"open","sticky":false,"template":"","format":"standard","meta":{"footnotes":""},"categories":[38],"tags":[],"class_list":["post-39946","post","type-post","status-publish","format-standard","has-post-thumbnail","hentry","category-regional"],"jetpack_featured_media_url":"https:\/\/radiorevelacionfm.cl\/wp-content\/uploads\/2024\/03\/ATENCION-2-1.jpeg","_links":{"self":[{"href":"https:\/\/radiorevelacionfm.cl\/index.php?rest_route=\/wp\/v2\/posts\/39946","targetHints":{"allow":["GET"]}}],"collection":[{"href":"https:\/\/radiorevelacionfm.cl\/index.php?rest_route=\/wp\/v2\/posts"}],"about":[{"href":"https:\/\/radiorevelacionfm.cl\/index.php?rest_route=\/wp\/v2\/types\/post"}],"author":[{"embeddable":true,"href":"https:\/\/radiorevelacionfm.cl\/index.php?rest_route=\/wp\/v2\/users\/1"}],"replies":[{"embeddable":true,"href":"https:\/\/radiorevelacionfm.cl\/index.php?rest_route=%2Fwp%2Fv2%2Fcomments&post=39946"}],"version-history":[{"count":2,"href":"https:\/\/radiorevelacionfm.cl\/index.php?rest_route=\/wp\/v2\/posts\/39946\/revisions"}],"predecessor-version":[{"id":39950,"href":"https:\/\/radiorevelacionfm.cl\/index.php?rest_route=\/wp\/v2\/posts\/39946\/revisions\/39950"}],"wp:featuredmedia":[{"embeddable":true,"href":"https:\/\/radiorevelacionfm.cl\/index.php?rest_route=\/wp\/v2\/media\/39949"}],"wp:attachment":[{"href":"https:\/\/radiorevelacionfm.cl\/index.php?rest_route=%2Fwp%2Fv2%2Fmedia&parent=39946"}],"wp:term":[{"taxonomy":"category","embeddable":true,"href":"https:\/\/radiorevelacionfm.cl\/index.php?rest_route=%2Fwp%2Fv2%2Fcategories&post=39946"},{"taxonomy":"post_tag","embeddable":true,"href":"https:\/\/radiorevelacionfm.cl\/index.php?rest_route=%2Fwp%2Fv2%2Ftags&post=39946"}],"curies":[{"name":"wp","href":"https:\/\/api.w.org\/{rel}","templated":true}]}}