{"id":39943,"date":"2024-03-01T10:01:42","date_gmt":"2024-03-01T13:01:42","guid":{"rendered":"https:\/\/radiorevelacionfm.cl\/?p=39943"},"modified":"2024-03-01T10:01:42","modified_gmt":"2024-03-01T13:01:42","slug":"gobernadora-macias-tras-rechazo-a-solicitudes-de-ecmpo-creo-profundamente-en-el-espiritu-de-la-ley-lafkenche","status":"publish","type":"post","link":"https:\/\/radiorevelacionfm.cl\/?p=39943","title":{"rendered":"Gobernadora Mac\u00edas tras rechazo a solicitudes de ECMPO: \u00abCreo profundamente en el esp\u00edritu de la Ley Lafkenche\u00bb"},"content":{"rendered":"<div class=\"flex_column av_one_full  flex_column_div av-zero-column-padding first  avia-builder-el-0  el_before_av_one_full  avia-builder-el-first  \" style='border-radius:0px; '><div  class='avia-image-container  av-styling-    avia-builder-el-1  avia-builder-el-no-sibling  avia-align-center '  itemprop=\"image\" itemscope=\"itemscope\" itemtype=\"https:\/\/schema.org\/ImageObject\"  ><div class='avia-image-container-inner'><div class='avia-image-overlay-wrap'><img decoding=\"async\" class='wp-image-39944 avia-img-lazy-loading-not-39944 avia_image' src=\"https:\/\/radiorevelacionfm.cl\/wp-content\/uploads\/2024\/02\/Votacion-ECMPO-2024-02-29-1-1.jpeg\" alt='' title='Votacion ECMPO 2024-02-29 (1) (1)' height=\"600\" width=\"800\"  itemprop=\"thumbnailUrl\" srcset=\"https:\/\/radiorevelacionfm.cl\/wp-content\/uploads\/2024\/02\/Votacion-ECMPO-2024-02-29-1-1.jpeg 800w, https:\/\/radiorevelacionfm.cl\/wp-content\/uploads\/2024\/02\/Votacion-ECMPO-2024-02-29-1-1-300x225.jpeg 300w, https:\/\/radiorevelacionfm.cl\/wp-content\/uploads\/2024\/02\/Votacion-ECMPO-2024-02-29-1-1-768x576.jpeg 768w, https:\/\/radiorevelacionfm.cl\/wp-content\/uploads\/2024\/02\/Votacion-ECMPO-2024-02-29-1-1-705x529.jpeg 705w, https:\/\/radiorevelacionfm.cl\/wp-content\/uploads\/2024\/02\/Votacion-ECMPO-2024-02-29-1-1-450x338.jpeg 450w, https:\/\/radiorevelacionfm.cl\/wp-content\/uploads\/2024\/02\/Votacion-ECMPO-2024-02-29-1-1-600x450.jpeg 600w\" sizes=\"(max-width: 800px) 100vw, 800px\" \/><\/div><\/div><\/div><\/div><div class=\"flex_column av_one_full  flex_column_div av-zero-column-padding first  avia-builder-el-2  el_after_av_one_full  el_before_av_one_full  column-top-margin\" style='border-radius:0px; '><section class=\"av_textblock_section \"  itemscope=\"itemscope\" itemtype=\"https:\/\/schema.org\/BlogPosting\" itemprop=\"blogPost\" ><div class='avia_textblock  '   itemprop=\"text\" ><p style=\"text-align: center;\"><strong><span style=\"font-size: 18pt;\">Gobernadora Mac\u00edas tras rechazo a solicitudes de ECMPO: \u00abCreo profundamente en el esp\u00edritu de la Ley Lafkenche\u00bb<\/span><\/strong><\/p>\n<div id=\"gtx-trans\" style=\"position: absolute; left: -50px; top: 4.31534px;\">\n<div class=\"gtx-trans-icon\"><\/div>\n<\/div>\n<\/div><\/section><\/div><div class=\"flex_column av_one_full  flex_column_div av-zero-column-padding first  avia-builder-el-4  el_after_av_one_full  el_before_av_hr  column-top-margin\" style='border-radius:0px; '><section class=\"av_textblock_section \"  itemscope=\"itemscope\" itemtype=\"https:\/\/schema.org\/BlogPosting\" itemprop=\"blogPost\" ><div class='avia_textblock  '   itemprop=\"text\" ><p dir=\"ltr\" style=\"text-align: justify;\"><em>La mayor\u00eda de los integrantes votaron rechazo a las solicitudes de las comunidades lafkenche Pu Wapi y Antunen Rain, mientras que la Gobernadora Andrea Mac\u00edas Palma impuls\u00f3 una propuesta de modificaci\u00f3n que no tuvo apoyo necesario, mientras que los alcaldes y representantes de Gobierno votaron rechazo.<\/em><\/p>\n<p dir=\"ltr\" style=\"text-align: justify;\">Este jueves una gran mayor\u00eda de los integrantes de la Comisi\u00f3n Regional de Uso de Borde Costero rechazaron las dos solicitudes de Espacio Costero Marino de Pueblos Originarios (ECMPO) Cisnes y Huichas que se ingresaron en los a\u00f1os 2016 y 2017, por las comunidades Pu Wapi y Antunen Rain, respectivamente.<\/p>\n<p dir=\"ltr\" style=\"text-align: justify;\">Ambas propuestas recibieron 29 votos en contra, 2 a favor y 2 a favor con modificaciones. Por esta \u00faltima opci\u00f3n opt\u00f3 la Gobernadora Andrea Mac\u00edas Palma, que apoy\u00f3 la propuesta alternativa de la secretar\u00eda t\u00e9cnica de la comisi\u00f3n, mediante la cual se reduc\u00eda de m\u00e1s de 600 mil a poco m\u00e1s de 41 mil hect\u00e1reas el espacio solicitado por ambas comunidades.<\/p>\n<p dir=\"ltr\" style=\"text-align: justify;\">Al respecto la primera autoridad regional afirm\u00f3 que \u00abyo creo profundamente en el esp\u00edritu de la Ley Lafkenche sin embargo es relevante entender cu\u00e1l es el objetivo con el que nace esta ley y adem\u00e1s ser conscientes de la capacidad de administraci\u00f3n que se tiene para estas distintas \u00e1reas\u00bb.<\/p>\n<p dir=\"ltr\" style=\"text-align: justify;\">En esa misma l\u00ednea, la Gobernadora agreg\u00f3 que \u00absi el Estado Chileno con todo los recursos que tiene no ha sido capaz de administrar \u00e1reas silvestres protegidas, c\u00f3mo puede hacer aquello una comunidad. Por eso planteamos la necesidad de mejorar los mecanismos previos\u00bb.<\/p>\n<p dir=\"ltr\" style=\"text-align: justify;\">Andrea Mac\u00edas hab\u00eda planteado previamente, a trav\u00e9s de las Redes Sociales que el mar de Ays\u00e9n es una oportunidad de desarrollo para distintas vocaciones productivas, raz\u00f3n por la cual llam\u00f3 a sacar lecciones de este proceso e \u00abiniciar un trabajo con el Gobierno Nacional para que efectivamente se puedan llevar adelante procesos participativos con mecanismos que sean adecuados\u00bb.<\/p>\n<p dir=\"ltr\" style=\"text-align: justify;\">Los representantes del Gobierno, seremis, delegados presidenciales provinciales y el Delegado Presidencial Regional votaron rechazo en bloque. Al respecto, el representante del Presidente Gabriel Boric en la regi\u00f3n, Rodrigo Araya Morales, afirm\u00f3 que \u00abes un llamado de atenci\u00f3n, todos los actores han mencionado que es un espacio que se puede perfeccionar\u00bb.<\/p>\n<p dir=\"ltr\" style=\"text-align: justify;\">\u00abEl a\u00f1o pasado aprobamos y hoy d\u00eda toc\u00f3 rechazar dos solicitudes de ECMPO, eso no significa que est\u00e9 la Ley Lafkenche en riesgo, la ley lafkenche est\u00e1 vigente y estamos todos trabajando para que eso se mantenga\u00bb, concluy\u00f3 el Delegado Presidencial de Ays\u00e9n.<\/p>\n<\/div><\/section><\/div><div  style='height:50px' class='hr hr-invisible   avia-builder-el-6  el_after_av_one_full  el_before_av_social_share '><span class='hr-inner ' ><span class='hr-inner-style'><\/span><\/span><\/div><\/p>\n<div  class='av-social-sharing-box  avia-builder-el-7  el_after_av_hr  el_before_av_hr  '><div class='av-share-box'><h5 class='av-share-link-description av-no-toc '>Compartir esta noticia<\/h5><ul class='av-share-box-list noLightbox'><li class='av-share-link av-social-link-facebook' ><a target=\"_blank\" aria-label=\"Compartir en Facebook\" href='https:\/\/www.facebook.com\/sharer.php?u=https:\/\/radiorevelacionfm.cl\/?p=39943&#038;t=Gobernadora%20Mac%C3%ADas%20tras%20rechazo%20a%20solicitudes%20de%20ECMPO%3A%20%C2%ABCreo%20profundamente%20en%20el%20esp%C3%ADritu%20de%20la%20Ley%20Lafkenche%C2%BB' aria-hidden='false' data-av_icon='\ue8f3' data-av_iconfont='entypo-fontello' title='' data-avia-related-tooltip='Compartir en Facebook' rel=\"noopener\"><span class='avia_hidden_link_text'>Compartir en Facebook<\/span><\/a><\/li><li class='av-share-link av-social-link-twitter' ><a target=\"_blank\" aria-label=\"Compartir en Twitter\" href='https:\/\/twitter.com\/share?text=Gobernadora%20Mac%C3%ADas%20tras%20rechazo%20a%20solicitudes%20de%20ECMPO%3A%20%C2%ABCreo%20profundamente%20en%20el%20esp%C3%ADritu%20de%20la%20Ley%20Lafkenche%C2%BB&#038;url=https:\/\/radiorevelacionfm.cl\/?p=39943' aria-hidden='false' data-av_icon='\ue8f1' data-av_iconfont='entypo-fontello' title='' data-avia-related-tooltip='Compartir en Twitter' rel=\"noopener\"><span class='avia_hidden_link_text'>Compartir en Twitter<\/span><\/a><\/li><li class='av-share-link av-social-link-whatsapp' ><a target=\"_blank\" aria-label=\"Compartir en Whatsapp\" href='https:\/\/api.whatsapp.com\/send?text=https:\/\/radiorevelacionfm.cl\/?p=39943' aria-hidden='false' data-av_icon='\uf232' data-av_iconfont='entypo-fontello' title='' data-avia-related-tooltip='Compartir en Whatsapp' rel=\"noopener\"><span class='avia_hidden_link_text'>Compartir en Whatsapp<\/span><\/a><\/li><li class='av-share-link av-social-link-linkedin' ><a target=\"_blank\" aria-label=\"Compartir en LinkedIn\" href='https:\/\/linkedin.com\/shareArticle?mini=true&#038;title=Gobernadora%20Mac%C3%ADas%20tras%20rechazo%20a%20solicitudes%20de%20ECMPO%3A%20%C2%ABCreo%20profundamente%20en%20el%20esp%C3%ADritu%20de%20la%20Ley%20Lafkenche%C2%BB&#038;url=https:\/\/radiorevelacionfm.cl\/?p=39943' aria-hidden='false' data-av_icon='\ue8fc' data-av_iconfont='entypo-fontello' title='' data-avia-related-tooltip='Compartir en LinkedIn' rel=\"noopener\"><span class='avia_hidden_link_text'>Compartir en LinkedIn<\/span><\/a><\/li><li class='av-share-link av-social-link-mail' ><a  aria-label=\"Compartir por correo\" href='mailto:?subject=Gobernadora%20Mac%C3%ADas%20tras%20rechazo%20a%20solicitudes%20de%20ECMPO%3A%20%C2%ABCreo%20profundamente%20en%20el%20esp%C3%ADritu%20de%20la%20Ley%20Lafkenche%C2%BB&#038;body=https:\/\/radiorevelacionfm.cl\/?p=39943' aria-hidden='false' data-av_icon='\ue805' data-av_iconfont='entypo-fontello' title='' data-avia-related-tooltip='Compartir por correo'><span class='avia_hidden_link_text'>Compartir por correo<\/span><\/a><\/li><\/ul><\/div><\/div>\n<div  style='height:50px' class='hr hr-invisible   avia-builder-el-8  el_after_av_social_share  el_before_av_comments_list '><span class='hr-inner ' ><span class='hr-inner-style'><\/span><\/span><\/div>\n<div  class='av-buildercomment  av-blog-meta-html-info-disabled av-blog-meta-tag-disabled  '><\/div>\n","protected":false},"excerpt":{"rendered":"","protected":false},"author":1,"featured_media":39944,"comment_status":"open","ping_status":"open","sticky":false,"template":"","format":"standard","meta":{"footnotes":""},"categories":[38],"tags":[],"class_list":["post-39943","post","type-post","status-publish","format-standard","has-post-thumbnail","hentry","category-regional"],"jetpack_featured_media_url":"https:\/\/radiorevelacionfm.cl\/wp-content\/uploads\/2024\/02\/Votacion-ECMPO-2024-02-29-1-1.jpeg","_links":{"self":[{"href":"https:\/\/radiorevelacionfm.cl\/index.php?rest_route=\/wp\/v2\/posts\/39943","targetHints":{"allow":["GET"]}}],"collection":[{"href":"https:\/\/radiorevelacionfm.cl\/index.php?rest_route=\/wp\/v2\/posts"}],"about":[{"href":"https:\/\/radiorevelacionfm.cl\/index.php?rest_route=\/wp\/v2\/types\/post"}],"author":[{"embeddable":true,"href":"https:\/\/radiorevelacionfm.cl\/index.php?rest_route=\/wp\/v2\/users\/1"}],"replies":[{"embeddable":true,"href":"https:\/\/radiorevelacionfm.cl\/index.php?rest_route=%2Fwp%2Fv2%2Fcomments&post=39943"}],"version-history":[{"count":1,"href":"https:\/\/radiorevelacionfm.cl\/index.php?rest_route=\/wp\/v2\/posts\/39943\/revisions"}],"predecessor-version":[{"id":39945,"href":"https:\/\/radiorevelacionfm.cl\/index.php?rest_route=\/wp\/v2\/posts\/39943\/revisions\/39945"}],"wp:featuredmedia":[{"embeddable":true,"href":"https:\/\/radiorevelacionfm.cl\/index.php?rest_route=\/wp\/v2\/media\/39944"}],"wp:attachment":[{"href":"https:\/\/radiorevelacionfm.cl\/index.php?rest_route=%2Fwp%2Fv2%2Fmedia&parent=39943"}],"wp:term":[{"taxonomy":"category","embeddable":true,"href":"https:\/\/radiorevelacionfm.cl\/index.php?rest_route=%2Fwp%2Fv2%2Fcategories&post=39943"},{"taxonomy":"post_tag","embeddable":true,"href":"https:\/\/radiorevelacionfm.cl\/index.php?rest_route=%2Fwp%2Fv2%2Ftags&post=39943"}],"curies":[{"name":"wp","href":"https:\/\/api.w.org\/{rel}","templated":true}]}}