{"id":39940,"date":"2024-02-29T21:08:54","date_gmt":"2024-03-01T00:08:54","guid":{"rendered":"https:\/\/radiorevelacionfm.cl\/?p=39940"},"modified":"2024-02-29T21:08:54","modified_gmt":"2024-03-01T00:08:54","slug":"peluqueros-realizaron-cortes-gratis-para-apoyar-la-campana-aysen-ayuda-a-villa-alemana","status":"publish","type":"post","link":"https:\/\/radiorevelacionfm.cl\/?p=39940","title":{"rendered":"Peluqueros realizaron cortes gratis para apoyar la campa\u00f1a \u201cAys\u00e9n ayuda a Villa Alemana\u201d"},"content":{"rendered":"<div class=\"flex_column av_one_full  flex_column_div av-zero-column-padding first  avia-builder-el-0  el_before_av_one_full  avia-builder-el-first  \" style='border-radius:0px; '><div  class='avia-image-container  av-styling-    avia-builder-el-1  avia-builder-el-no-sibling  avia-align-center '  itemprop=\"image\" itemscope=\"itemscope\" itemtype=\"https:\/\/schema.org\/ImageObject\"  ><div class='avia-image-container-inner'><div class='avia-image-overlay-wrap'><img decoding=\"async\" class='wp-image-39941 avia-img-lazy-loading-not-39941 avia_image' src=\"https:\/\/radiorevelacionfm.cl\/wp-content\/uploads\/2024\/02\/Imagen-de-WhatsApp-2024-02-29-a-las-11.39.16_1e8de7aa-1-1.jpg\" alt='' title='Imagen de WhatsApp 2024-02-29 a las 11.39.16_1e8de7aa (1) (1)' height=\"600\" width=\"800\"  itemprop=\"thumbnailUrl\" srcset=\"https:\/\/radiorevelacionfm.cl\/wp-content\/uploads\/2024\/02\/Imagen-de-WhatsApp-2024-02-29-a-las-11.39.16_1e8de7aa-1-1.jpg 800w, https:\/\/radiorevelacionfm.cl\/wp-content\/uploads\/2024\/02\/Imagen-de-WhatsApp-2024-02-29-a-las-11.39.16_1e8de7aa-1-1-300x225.jpg 300w, https:\/\/radiorevelacionfm.cl\/wp-content\/uploads\/2024\/02\/Imagen-de-WhatsApp-2024-02-29-a-las-11.39.16_1e8de7aa-1-1-768x576.jpg 768w, https:\/\/radiorevelacionfm.cl\/wp-content\/uploads\/2024\/02\/Imagen-de-WhatsApp-2024-02-29-a-las-11.39.16_1e8de7aa-1-1-705x529.jpg 705w, https:\/\/radiorevelacionfm.cl\/wp-content\/uploads\/2024\/02\/Imagen-de-WhatsApp-2024-02-29-a-las-11.39.16_1e8de7aa-1-1-450x338.jpg 450w, https:\/\/radiorevelacionfm.cl\/wp-content\/uploads\/2024\/02\/Imagen-de-WhatsApp-2024-02-29-a-las-11.39.16_1e8de7aa-1-1-600x450.jpg 600w\" sizes=\"(max-width: 800px) 100vw, 800px\" \/><\/div><\/div><\/div><\/div><div class=\"flex_column av_one_full  flex_column_div av-zero-column-padding first  avia-builder-el-2  el_after_av_one_full  el_before_av_one_full  column-top-margin\" style='border-radius:0px; '><section class=\"av_textblock_section \"  itemscope=\"itemscope\" itemtype=\"https:\/\/schema.org\/BlogPosting\" itemprop=\"blogPost\" ><div class='avia_textblock  '   itemprop=\"text\" ><p style=\"text-align: center;\"><strong><span style=\"font-size: 18pt;\">Peluqueros realizaron cortes gratis para apoyar la campa\u00f1a \u201cAys\u00e9n ayuda a Villa Alemana\u201d<\/span><\/strong><\/p>\n<div id=\"gtx-trans\" style=\"position: absolute; left: -50px; top: 4.31534px;\">\n<div class=\"gtx-trans-icon\"><\/div>\n<\/div>\n<\/div><\/section><\/div><div class=\"flex_column av_one_full  flex_column_div av-zero-column-padding first  avia-builder-el-4  el_after_av_one_full  el_before_av_hr  column-top-margin\" style='border-radius:0px; '><section class=\"av_textblock_section \"  itemscope=\"itemscope\" itemtype=\"https:\/\/schema.org\/BlogPosting\" itemprop=\"blogPost\" ><div class='avia_textblock  '   itemprop=\"text\" ><p style=\"text-align: justify;\"><em>Gracias a la peluquer\u00eda Falc\u00f3n<\/em> <em>y barber\u00eda Blessed, una gran cantidad de ayseninos tuvieron un corte de cabello a cambio de una donaci\u00f3n para la causa a favor de los damnificados en la regi\u00f3n de Valpara\u00edso.<\/em><\/p>\n<p style=\"text-align: justify;\">Quedan pocos d\u00edas para el cierre de campa\u00f1a de \u201cAys\u00e9n ayuda a Villa Alemana\u201d, una misi\u00f3n impulsada por la Municipalidad de Ays\u00e9n en conjunto a la c\u00e1mara de comercio y varios vecinos de la localidad que han podido ayudar de una u otra forma a fomentar la recolecta de v\u00edveres, \u00fatiles escolares, productos sanitarios y de primera necesidad.<\/p>\n<p style=\"text-align: justify;\">Igualmente, se cont\u00f3 con la colaboraci\u00f3n de empresas privadas como El Galp\u00f3n, Awei, supermercado Andrea, Wisi, El Pollito, Laibe, Catitashow, Libreria Nitas, Maba, Total Market, Maxiori, funcionarios de Vialidad, la administraci\u00f3n del Unimarc, Green Ocean Patagonia, el Rinc\u00f3n de la Plaza, Friosur, Mowi, Aquachile, Oxxean, entre otros.<\/p>\n<p style=\"text-align: justify;\">Las personas que se han destacado estos \u00faltimos d\u00edas son los trabajadores de la barber\u00eda Blessed y la peluquer\u00eda Falc\u00f3n, que de manera desinteresada llevaron sus equipos de trabajo y han estado dando cortes de cabello por un aporte voluntario para la campa\u00f1a.<\/p>\n<p style=\"text-align: justify;\">Eliannys Zarraga, representante de la peluquer\u00eda Falc\u00f3n, mencion\u00f3 que, \u201cen representaci\u00f3n de todas las personas que hemos hecho un aporte a esta noble causa, para nosotros es un placer poder ayudar a todas esas personas que realmente necesitan y nos ponemos en el coraz\u00f3n de ellos y vamos a estar aqu\u00ed presente. Gracias de verdad a todas las personas que han venido y est\u00e1n apoyando\u201d.<\/p>\n<p style=\"text-align: justify;\">La administradora de la Casa de La Cultura, Griselda Millacura se pronunci\u00f3 al ser ella la encargada de recepcionar las donaciones, \u201cagradecer a todos los voluntarios que estuvieron participando en esta campa\u00f1a, realmente se han destacado por su responsabilidad, puntualidad, constancia que han tenido este trabajo de voluntariado solidario, nadie les pag\u00f3 un solo peso, ellos han querido estar ac\u00e1 y apoyar a la gente que ha sufrido en los incendios\u201d.<\/p>\n<p style=\"text-align: justify;\">En cuanto al t\u00e9rmino de la campa\u00f1a, se siguen recibiendo donaciones en la Casa de la Cultura hasta el d\u00eda 3 de marzo, ya que despu\u00e9s de esto se enviar\u00e1n todas las cajas en camiones hacia la regi\u00f3n de Valpara\u00edso para ser repartidas a los necesitados.<\/p>\n<p style=\"text-align: justify;\">Por lo tanto, est\u00e1 planeado un cierre de la campa\u00f1a para los d\u00edas s\u00e1bado 2 y domingo 3 de marzo, el cual contar\u00e1 con la participaci\u00f3n de bandas locales que estar\u00e1n tocando durante toda la tarde en la plaza de Puerto Ays\u00e9n.<\/p>\n<p style=\"text-align: justify;\"><em>\u00a0<\/em><\/p>\n<\/div><\/section><\/div><div  style='height:50px' class='hr hr-invisible   avia-builder-el-6  el_after_av_one_full  el_before_av_social_share '><span class='hr-inner ' ><span class='hr-inner-style'><\/span><\/span><\/div><\/p>\n<div  class='av-social-sharing-box  avia-builder-el-7  el_after_av_hr  el_before_av_hr  '><div class='av-share-box'><h5 class='av-share-link-description av-no-toc '>Compartir esta noticia<\/h5><ul class='av-share-box-list noLightbox'><li class='av-share-link av-social-link-facebook' ><a target=\"_blank\" aria-label=\"Compartir en Facebook\" href='https:\/\/www.facebook.com\/sharer.php?u=https:\/\/radiorevelacionfm.cl\/?p=39940&#038;t=Peluqueros%20realizaron%20cortes%20gratis%20para%20apoyar%20la%20campa%C3%B1a%20%E2%80%9CAys%C3%A9n%20ayuda%20a%20Villa%20Alemana%E2%80%9D' aria-hidden='false' data-av_icon='\ue8f3' data-av_iconfont='entypo-fontello' title='' data-avia-related-tooltip='Compartir en Facebook' rel=\"noopener\"><span class='avia_hidden_link_text'>Compartir en Facebook<\/span><\/a><\/li><li class='av-share-link av-social-link-twitter' ><a target=\"_blank\" aria-label=\"Compartir en Twitter\" href='https:\/\/twitter.com\/share?text=Peluqueros%20realizaron%20cortes%20gratis%20para%20apoyar%20la%20campa%C3%B1a%20%E2%80%9CAys%C3%A9n%20ayuda%20a%20Villa%20Alemana%E2%80%9D&#038;url=https:\/\/radiorevelacionfm.cl\/?p=39940' aria-hidden='false' data-av_icon='\ue8f1' data-av_iconfont='entypo-fontello' title='' data-avia-related-tooltip='Compartir en Twitter' rel=\"noopener\"><span class='avia_hidden_link_text'>Compartir en Twitter<\/span><\/a><\/li><li class='av-share-link av-social-link-whatsapp' ><a target=\"_blank\" aria-label=\"Compartir en Whatsapp\" href='https:\/\/api.whatsapp.com\/send?text=https:\/\/radiorevelacionfm.cl\/?p=39940' aria-hidden='false' data-av_icon='\uf232' data-av_iconfont='entypo-fontello' title='' data-avia-related-tooltip='Compartir en Whatsapp' rel=\"noopener\"><span class='avia_hidden_link_text'>Compartir en Whatsapp<\/span><\/a><\/li><li class='av-share-link av-social-link-linkedin' ><a target=\"_blank\" aria-label=\"Compartir en LinkedIn\" href='https:\/\/linkedin.com\/shareArticle?mini=true&#038;title=Peluqueros%20realizaron%20cortes%20gratis%20para%20apoyar%20la%20campa%C3%B1a%20%E2%80%9CAys%C3%A9n%20ayuda%20a%20Villa%20Alemana%E2%80%9D&#038;url=https:\/\/radiorevelacionfm.cl\/?p=39940' aria-hidden='false' data-av_icon='\ue8fc' data-av_iconfont='entypo-fontello' title='' data-avia-related-tooltip='Compartir en LinkedIn' rel=\"noopener\"><span class='avia_hidden_link_text'>Compartir en LinkedIn<\/span><\/a><\/li><li class='av-share-link av-social-link-mail' ><a  aria-label=\"Compartir por correo\" href='mailto:?subject=Peluqueros%20realizaron%20cortes%20gratis%20para%20apoyar%20la%20campa%C3%B1a%20%E2%80%9CAys%C3%A9n%20ayuda%20a%20Villa%20Alemana%E2%80%9D&#038;body=https:\/\/radiorevelacionfm.cl\/?p=39940' aria-hidden='false' data-av_icon='\ue805' data-av_iconfont='entypo-fontello' title='' data-avia-related-tooltip='Compartir por correo'><span class='avia_hidden_link_text'>Compartir por correo<\/span><\/a><\/li><\/ul><\/div><\/div>\n<div  style='height:50px' class='hr hr-invisible   avia-builder-el-8  el_after_av_social_share  el_before_av_comments_list '><span class='hr-inner ' ><span class='hr-inner-style'><\/span><\/span><\/div>\n<div  class='av-buildercomment  av-blog-meta-html-info-disabled av-blog-meta-tag-disabled  '><\/div>\n","protected":false},"excerpt":{"rendered":"","protected":false},"author":1,"featured_media":39941,"comment_status":"open","ping_status":"open","sticky":false,"template":"","format":"standard","meta":{"footnotes":""},"categories":[38],"tags":[],"class_list":["post-39940","post","type-post","status-publish","format-standard","has-post-thumbnail","hentry","category-regional"],"jetpack_featured_media_url":"https:\/\/radiorevelacionfm.cl\/wp-content\/uploads\/2024\/02\/Imagen-de-WhatsApp-2024-02-29-a-las-11.39.16_1e8de7aa-1-1.jpg","_links":{"self":[{"href":"https:\/\/radiorevelacionfm.cl\/index.php?rest_route=\/wp\/v2\/posts\/39940","targetHints":{"allow":["GET"]}}],"collection":[{"href":"https:\/\/radiorevelacionfm.cl\/index.php?rest_route=\/wp\/v2\/posts"}],"about":[{"href":"https:\/\/radiorevelacionfm.cl\/index.php?rest_route=\/wp\/v2\/types\/post"}],"author":[{"embeddable":true,"href":"https:\/\/radiorevelacionfm.cl\/index.php?rest_route=\/wp\/v2\/users\/1"}],"replies":[{"embeddable":true,"href":"https:\/\/radiorevelacionfm.cl\/index.php?rest_route=%2Fwp%2Fv2%2Fcomments&post=39940"}],"version-history":[{"count":1,"href":"https:\/\/radiorevelacionfm.cl\/index.php?rest_route=\/wp\/v2\/posts\/39940\/revisions"}],"predecessor-version":[{"id":39942,"href":"https:\/\/radiorevelacionfm.cl\/index.php?rest_route=\/wp\/v2\/posts\/39940\/revisions\/39942"}],"wp:featuredmedia":[{"embeddable":true,"href":"https:\/\/radiorevelacionfm.cl\/index.php?rest_route=\/wp\/v2\/media\/39941"}],"wp:attachment":[{"href":"https:\/\/radiorevelacionfm.cl\/index.php?rest_route=%2Fwp%2Fv2%2Fmedia&parent=39940"}],"wp:term":[{"taxonomy":"category","embeddable":true,"href":"https:\/\/radiorevelacionfm.cl\/index.php?rest_route=%2Fwp%2Fv2%2Fcategories&post=39940"},{"taxonomy":"post_tag","embeddable":true,"href":"https:\/\/radiorevelacionfm.cl\/index.php?rest_route=%2Fwp%2Fv2%2Ftags&post=39940"}],"curies":[{"name":"wp","href":"https:\/\/api.w.org\/{rel}","templated":true}]}}