{"id":3994,"date":"2021-05-10T21:26:34","date_gmt":"2021-05-11T00:26:34","guid":{"rendered":"https:\/\/radiorevelacionfm.cl\/?p=3994"},"modified":"2021-05-10T21:26:34","modified_gmt":"2021-05-11T00:26:34","slug":"directivos-de-salud-se-reunieron-con-funcionarios-y-representantes-de-la-comunidad-de-islas-huichas","status":"publish","type":"post","link":"https:\/\/radiorevelacionfm.cl\/?p=3994","title":{"rendered":"Directivos de Salud se reunieron con funcionarios y representantes de la comunidad de Islas Huichas"},"content":{"rendered":"<div class=\"flex_column av_one_full  flex_column_div av-zero-column-padding first  avia-builder-el-0  el_before_av_one_full  avia-builder-el-first  \" style='border-radius:0px; '><div  class='avia-image-container  av-styling-    avia-builder-el-1  avia-builder-el-no-sibling  avia-align-center '  itemprop=\"image\" itemscope=\"itemscope\" itemtype=\"https:\/\/schema.org\/ImageObject\"  ><div class='avia-image-container-inner'><div class='avia-image-overlay-wrap'><img decoding=\"async\" class='wp-image-0 avia-img-lazy-loading-not-0 avia_image' src=\"https:\/\/radiorevelacionfm.cl\/wp-content\/uploads\/2021\/05\/litoral-2_optimized.jpeg\" alt='' title=''   itemprop=\"thumbnailUrl\"  \/><\/div><\/div><\/div><\/div><div class=\"flex_column av_one_full  flex_column_div av-zero-column-padding first  avia-builder-el-2  el_after_av_one_full  el_before_av_one_full  column-top-margin\" style='border-radius:0px; '><section class=\"av_textblock_section \"  itemscope=\"itemscope\" itemtype=\"https:\/\/schema.org\/BlogPosting\" itemprop=\"blogPost\" ><div class='avia_textblock  '   itemprop=\"text\" ><p style=\"text-align: center;\"><span style=\"font-size: 18pt;\"><strong>Directivos de Salud se reunieron con funcionarios y representantes de la comunidad de Islas Huichas<\/strong><\/span><\/p>\n<div id=\"gtx-trans\" style=\"position: absolute; left: -50px; top: 4.31534px;\">\n<div class=\"gtx-trans-icon\"><\/div>\n<\/div>\n<\/div><\/section><\/div><div class=\"flex_column av_one_full  flex_column_div av-zero-column-padding first  avia-builder-el-4  el_after_av_one_full  el_before_av_hr  column-top-margin\" style='border-radius:0px; '><section class=\"av_textblock_section \"  itemscope=\"itemscope\" itemtype=\"https:\/\/schema.org\/BlogPosting\" itemprop=\"blogPost\" ><div class='avia_textblock  '   itemprop=\"text\" ><p style=\"text-align: justify;\">Con el objetivo de conocer en terreno la realidad del litoral de la Regi\u00f3n de Ays\u00e9n en materia de salud, es que la autoridad recorri\u00f3 Caleta Andrade y Puerto Aguirre, donde se reuni\u00f3 con funcionarios y representantes de la comunidad respetando los aforos permitidos enmarcados en el Plan Paso a Paso.<\/p>\n<p style=\"text-align: justify;\">La semana reci\u00e9n pasada, el director del Servicio de Salud Ays\u00e9n, Gabriel Burgos, en compa\u00f1\u00eda del director de Atenci\u00f3n Primaria de Salud, Leopoldo Oyaneder, se trasladaron hasta el litoral de la regi\u00f3n, para reunirse con funcionarios de las Postas de Caleta Andrade y Puerto Aguirre, como as\u00ed tambi\u00e9n con diversos representantes de la comunidad.<\/p>\n<p style=\"text-align: justify;\">Gabriel Burgos, director del Servicio de Salud Ays\u00e9n, se\u00f1al\u00f3 que \u201ceste ha sido un terreno muy fruct\u00edfero, ya que nos hemos reunido con representantes de la comunidad de Estero Copa, Caleta Andrade y Puerto Aguirre, adem\u00e1s con funcionarios de las postas. Espacios de di\u00e1logo donde podemos conocer de primera fuente las necesidades, de manera de poder brindar -cada d\u00eda- mejores prestaciones, entendiendo que debemos trabajar de manera mancomunada para que todos los habitantes de nuestra regi\u00f3n cuenten con acceso a salud oportuno y de calidad\u201d.<\/p>\n<p style=\"text-align: justify;\">Estas reuniones tuvieron por objetivo conocer las problem\u00e1ticas que afectan a esta zona del litoral de la regi\u00f3n, como as\u00ed tambi\u00e9n el quehacer de las distintas postas rurales que se encuentran en Islas Huichas, adem\u00e1s de observar en terreno el avance del proceso de vacunaci\u00f3n en la zona.<\/p>\n<p style=\"text-align: justify;\">Camila Fica, Encargada de Sector, enfatiz\u00f3 que \u201cnos reunimos con el director en dos ocasiones, una con funcionarios de la Posta de Puerto Aguirre y la segunda con personal de las Posta de Caleta Andrade, para luego reunirnos con la comunidad de Estero Copa, Caleta Andrade y Puerto Aguirre en la Casa de la Cultura, donde se trataron tem\u00e1ticas como infraestructura, insumos, y problem\u00e1ticas de la isla que algunos vecinos nos han hecho ver. Estas instancias de dialogo son muy positivas, no tan solo para los funcionarios, sino para toda la comunidad\u201d.<\/p>\n<p style=\"text-align: justify;\">Por su parte, Andrea Chiguay, Voluntaria de la Comunidad de Islas Huichas, enfatiz\u00f3 que \u201choy tocamos varios puntos en la reuni\u00f3n que hemos estado trabajando con los vecinos desde hace un tiempo. Le hemos entregado un petitorio al director donde uno de los temas importantes es la reposici\u00f3n de la Posta de Caleta Andrade, y otro tema es contar con una ambulancia mar\u00edtima, lo que ser\u00eda de gran utilidad para nuestra comunidad\u201d, puntualiz\u00f3.<\/p>\n<p style=\"text-align: justify;\">Cabe destacar, que el a\u00f1o reci\u00e9n pasado la Posta de Puerto Aguirre fue beneficiada con $85 millones, que consider\u00f3 cambi\u00f3 revestimiento perimetral con su respectiva aislaci\u00f3n t\u00e9rmica, puertas y ventanas termo panel, cambio de luminarias y mobiliario, construcci\u00f3n de bodega nueva, entre otros.<\/p>\n<\/div><\/section><\/div><div  style='height:50px' class='hr hr-invisible   avia-builder-el-6  el_after_av_one_full  el_before_av_social_share '><span class='hr-inner ' ><span class='hr-inner-style'><\/span><\/span><\/div><\/p>\n<div  class='av-social-sharing-box  avia-builder-el-7  el_after_av_hr  el_before_av_hr  '><div class='av-share-box'><h5 class='av-share-link-description av-no-toc '>Compartir esta noticia<\/h5><ul class='av-share-box-list noLightbox'><li class='av-share-link av-social-link-facebook' ><a target=\"_blank\" aria-label=\"Compartir en Facebook\" href='https:\/\/www.facebook.com\/sharer.php?u=https:\/\/radiorevelacionfm.cl\/?p=3994&#038;t=Directivos%20de%20Salud%20se%20reunieron%20con%20funcionarios%20y%20representantes%20de%20la%20comunidad%20de%20Islas%20Huichas' aria-hidden='false' data-av_icon='\ue8f3' data-av_iconfont='entypo-fontello' title='' data-avia-related-tooltip='Compartir en Facebook' rel=\"noopener\"><span class='avia_hidden_link_text'>Compartir en Facebook<\/span><\/a><\/li><li class='av-share-link av-social-link-twitter' ><a target=\"_blank\" aria-label=\"Compartir en Twitter\" href='https:\/\/twitter.com\/share?text=Directivos%20de%20Salud%20se%20reunieron%20con%20funcionarios%20y%20representantes%20de%20la%20comunidad%20de%20Islas%20Huichas&#038;url=https:\/\/radiorevelacionfm.cl\/?p=3994' aria-hidden='false' data-av_icon='\ue8f1' data-av_iconfont='entypo-fontello' title='' data-avia-related-tooltip='Compartir en Twitter' rel=\"noopener\"><span class='avia_hidden_link_text'>Compartir en Twitter<\/span><\/a><\/li><li class='av-share-link av-social-link-whatsapp' ><a target=\"_blank\" aria-label=\"Compartir en Whatsapp\" href='https:\/\/api.whatsapp.com\/send?text=https:\/\/radiorevelacionfm.cl\/?p=3994' aria-hidden='false' data-av_icon='\uf232' data-av_iconfont='entypo-fontello' title='' data-avia-related-tooltip='Compartir en Whatsapp' rel=\"noopener\"><span class='avia_hidden_link_text'>Compartir en Whatsapp<\/span><\/a><\/li><li class='av-share-link av-social-link-linkedin' ><a target=\"_blank\" aria-label=\"Compartir en LinkedIn\" href='https:\/\/linkedin.com\/shareArticle?mini=true&#038;title=Directivos%20de%20Salud%20se%20reunieron%20con%20funcionarios%20y%20representantes%20de%20la%20comunidad%20de%20Islas%20Huichas&#038;url=https:\/\/radiorevelacionfm.cl\/?p=3994' aria-hidden='false' data-av_icon='\ue8fc' data-av_iconfont='entypo-fontello' title='' data-avia-related-tooltip='Compartir en LinkedIn' rel=\"noopener\"><span class='avia_hidden_link_text'>Compartir en LinkedIn<\/span><\/a><\/li><li class='av-share-link av-social-link-mail' ><a  aria-label=\"Compartir por correo\" href='mailto:?subject=Directivos%20de%20Salud%20se%20reunieron%20con%20funcionarios%20y%20representantes%20de%20la%20comunidad%20de%20Islas%20Huichas&#038;body=https:\/\/radiorevelacionfm.cl\/?p=3994' aria-hidden='false' data-av_icon='\ue805' data-av_iconfont='entypo-fontello' title='' data-avia-related-tooltip='Compartir por correo'><span class='avia_hidden_link_text'>Compartir por correo<\/span><\/a><\/li><\/ul><\/div><\/div>\n<div  style='height:50px' class='hr hr-invisible   avia-builder-el-8  el_after_av_social_share  el_before_av_comments_list '><span class='hr-inner ' ><span class='hr-inner-style'><\/span><\/span><\/div>\n<div  class='av-buildercomment  av-blog-meta-html-info-disabled av-blog-meta-tag-disabled  '><\/div>\n","protected":false},"excerpt":{"rendered":"","protected":false},"author":1,"featured_media":0,"comment_status":"open","ping_status":"open","sticky":false,"template":"","format":"standard","meta":{"footnotes":""},"categories":[46],"tags":[],"class_list":["post-3994","post","type-post","status-publish","format-standard","hentry","category-salud"],"jetpack_featured_media_url":"","_links":{"self":[{"href":"https:\/\/radiorevelacionfm.cl\/index.php?rest_route=\/wp\/v2\/posts\/3994","targetHints":{"allow":["GET"]}}],"collection":[{"href":"https:\/\/radiorevelacionfm.cl\/index.php?rest_route=\/wp\/v2\/posts"}],"about":[{"href":"https:\/\/radiorevelacionfm.cl\/index.php?rest_route=\/wp\/v2\/types\/post"}],"author":[{"embeddable":true,"href":"https:\/\/radiorevelacionfm.cl\/index.php?rest_route=\/wp\/v2\/users\/1"}],"replies":[{"embeddable":true,"href":"https:\/\/radiorevelacionfm.cl\/index.php?rest_route=%2Fwp%2Fv2%2Fcomments&post=3994"}],"version-history":[{"count":1,"href":"https:\/\/radiorevelacionfm.cl\/index.php?rest_route=\/wp\/v2\/posts\/3994\/revisions"}],"predecessor-version":[{"id":3996,"href":"https:\/\/radiorevelacionfm.cl\/index.php?rest_route=\/wp\/v2\/posts\/3994\/revisions\/3996"}],"wp:attachment":[{"href":"https:\/\/radiorevelacionfm.cl\/index.php?rest_route=%2Fwp%2Fv2%2Fmedia&parent=3994"}],"wp:term":[{"taxonomy":"category","embeddable":true,"href":"https:\/\/radiorevelacionfm.cl\/index.php?rest_route=%2Fwp%2Fv2%2Fcategories&post=3994"},{"taxonomy":"post_tag","embeddable":true,"href":"https:\/\/radiorevelacionfm.cl\/index.php?rest_route=%2Fwp%2Fv2%2Ftags&post=3994"}],"curies":[{"name":"wp","href":"https:\/\/api.w.org\/{rel}","templated":true}]}}