{"id":39931,"date":"2024-02-29T10:42:56","date_gmt":"2024-02-29T13:42:56","guid":{"rendered":"https:\/\/radiorevelacionfm.cl\/?p=39931"},"modified":"2024-02-29T10:42:56","modified_gmt":"2024-02-29T13:42:56","slug":"conaf-y-municipio-de-guaitecas-estrechan-vinculos-de-gestion","status":"publish","type":"post","link":"https:\/\/radiorevelacionfm.cl\/?p=39931","title":{"rendered":"Conaf y municipio de Guaitecas estrechan v\u00ednculos de gesti\u00f3n"},"content":{"rendered":"<div class=\"flex_column av_one_full  flex_column_div av-zero-column-padding first  avia-builder-el-0  el_before_av_one_full  avia-builder-el-first  \" style='border-radius:0px; '><div  class='avia-image-container  av-styling-    avia-builder-el-1  avia-builder-el-no-sibling  avia-align-center '  itemprop=\"image\" itemscope=\"itemscope\" itemtype=\"https:\/\/schema.org\/ImageObject\"  ><div class='avia-image-container-inner'><div class='avia-image-overlay-wrap'><img decoding=\"async\" class='wp-image-39935 avia-img-lazy-loading-not-39935 avia_image' src=\"https:\/\/radiorevelacionfm.cl\/wp-content\/uploads\/2024\/02\/carpintero-de-ribera-don-octavio-chiguay-en-baja-1_optimized-1.jpg\" alt='' title='carpintero-de-ribera-don-octavio-chiguay-(en-baja)-(1)_optimized (1)' height=\"600\" width=\"800\"  itemprop=\"thumbnailUrl\" srcset=\"https:\/\/radiorevelacionfm.cl\/wp-content\/uploads\/2024\/02\/carpintero-de-ribera-don-octavio-chiguay-en-baja-1_optimized-1.jpg 800w, https:\/\/radiorevelacionfm.cl\/wp-content\/uploads\/2024\/02\/carpintero-de-ribera-don-octavio-chiguay-en-baja-1_optimized-1-300x225.jpg 300w, https:\/\/radiorevelacionfm.cl\/wp-content\/uploads\/2024\/02\/carpintero-de-ribera-don-octavio-chiguay-en-baja-1_optimized-1-768x576.jpg 768w, https:\/\/radiorevelacionfm.cl\/wp-content\/uploads\/2024\/02\/carpintero-de-ribera-don-octavio-chiguay-en-baja-1_optimized-1-705x529.jpg 705w, https:\/\/radiorevelacionfm.cl\/wp-content\/uploads\/2024\/02\/carpintero-de-ribera-don-octavio-chiguay-en-baja-1_optimized-1-450x338.jpg 450w, https:\/\/radiorevelacionfm.cl\/wp-content\/uploads\/2024\/02\/carpintero-de-ribera-don-octavio-chiguay-en-baja-1_optimized-1-600x450.jpg 600w\" sizes=\"(max-width: 800px) 100vw, 800px\" \/><\/div><\/div><\/div><\/div><div class=\"flex_column av_one_full  flex_column_div av-zero-column-padding first  avia-builder-el-2  el_after_av_one_full  el_before_av_one_full  column-top-margin\" style='border-radius:0px; '><section class=\"av_textblock_section \"  itemscope=\"itemscope\" itemtype=\"https:\/\/schema.org\/BlogPosting\" itemprop=\"blogPost\" ><div class='avia_textblock  '   itemprop=\"text\" ><p style=\"text-align: center;\"><strong><span style=\"font-size: 18pt;\">Conaf y municipio de Guaitecas estrechan v\u00ednculos de gesti\u00f3n<\/span><\/strong><\/p>\n<div id=\"gtx-trans\" style=\"position: absolute; left: -50px; top: 4.31534px;\">\n<div class=\"gtx-trans-icon\"><\/div>\n<\/div>\n<\/div><\/section><\/div><\/p>\n<div class=\"flex_column av_one_full  flex_column_div av-zero-column-padding first  avia-builder-el-4  el_after_av_one_full  el_before_av_hr  column-top-margin\" style='border-radius:0px; '><section class=\"av_textblock_section \"  itemscope=\"itemscope\" itemtype=\"https:\/\/schema.org\/BlogPosting\" itemprop=\"blogPost\" ><div class='avia_textblock  '   itemprop=\"text\" ><p style=\"text-align: justify;\"><em>En el marco del Plan Siembra por Chile, del Ministerio de Agricultura, y como parte de su labor de vinculaci\u00f3n con la comunidad, recientemente un equipo de profesionales de CONAF se traslad\u00f3 hasta la comuna de Guaitecas para <\/em><em>articular diversas acciones orientadas a la conservaci\u00f3n de los ecosistemas forestales locales, mediante la restauraci\u00f3n y fomento productivo de sus recursos madereros y no madereros.<\/em><\/p>\n<p style=\"text-align: justify;\">Para sostener encuentros con la comunidad local, y articular acciones orientadas a la conservaci\u00f3n de sus ecosistemas forestales, mediante la restauraci\u00f3n y fomento productivo, un equipo de profesionales de CONAF Ays\u00e9n se traslad\u00f3 recientemente hasta la comuna de Guaitecas.<\/p>\n<p style=\"text-align: justify;\">Durante los trabajos en terreno, desarrollados entre el 22 y 24 de febrero, se realizaron diversas actividades que adem\u00e1s de fomentar la gobernanza, estuvieron orientadas a promover la colaboraci\u00f3n entre los distintos actores de la localidad, generando as\u00ed estrategias y nuevas oportunidades para el desarrollo sustentable, con una comunidad m\u00e1s participativa e inclusiva.<\/p>\n<p style=\"text-align: justify;\">En tal sentido, el Alcalde de Guaitecas, Marcos Silva, hab\u00eda se\u00f1alado con anterioridad la necesidad de proteger el entorno de la Laguna Granizo -ubicada en la Isla Ascenci\u00f3n-, tanto por su inter\u00e9s tur\u00edstico, como por la posibilidad de que pueda abastecer de agua para consumo humano a la localidad de Melinka. \u00a0Es as\u00ed que en un trabajo coordinado con la Seremi de Bienes Nacionales, se gestion\u00f3 la destinaci\u00f3n de un pol\u00edgono de aproximadamente 2.000 hect\u00e1reas en donde se pretende construir un Parque Municipal.<\/p>\n<p style=\"text-align: justify;\">Para avanzar en este sentido, el equipo CONAF,\u00a0 junto a profesionales de SECPLAC y de Fomento Productivo de la Municipalidad, realizaron prospecciones de terreno en diferentes sectores del pol\u00edgono donde se realizar\u00e1 un levantamiento de l\u00ednea base medioambiental para detallar las especies flor\u00edsticas, de fauna, recursos h\u00eddricos y suelo y realizar trabajos de protecci\u00f3n, restauraci\u00f3n y desarrollo tur\u00edstico.<\/p>\n<p style=\"text-align: justify;\">Adicionalmente, y con la finalidad de conocer sus problem\u00e1ticas y proyecciones, el equipo CONAF llev\u00f3 a cabo conversatorios con los Carpinteros de Ribera de Melinka, quienes son un importante y valioso rubro por su tradici\u00f3n maderera, y en la actualidad buscan organizarse para asegurar la sostenibilidad de una de las fuentes de calefacci\u00f3n m\u00e1s importantes para la comuna.<\/p>\n<p style=\"text-align: justify;\">Estos encuentros tambi\u00e9n se llevaron a cabo en las localidades de Repollal Alto y Repollal Bajo con los productores madereros, le\u00f1eros y le\u00f1eras, a quienes se les entreg\u00f3 informaci\u00f3n respecto de los cambios que \u00faltimamente se han producido en el \u00e1mbito de la regulaci\u00f3n (entre ellos la declaraci\u00f3n de la le\u00f1a como combustible), para ver la manera de enfrentarse y adaptarse a estos nuevos escenarios.<\/p>\n<p style=\"text-align: justify;\">Al respecto, cabe se\u00f1alar que los productores locales coinciden en que la obtenci\u00f3n, elaboraci\u00f3n y producci\u00f3n tanto de le\u00f1a como de madera hoy resultan claves para la econom\u00eda familiar, en un escenario donde la extracci\u00f3n de recursos marinos se encuentra a la baja y con valores que no resultan atractivos para su venta.<\/p>\n<\/div><\/section><\/div>\n<div  style='height:50px' class='hr hr-invisible   avia-builder-el-6  el_after_av_one_full  el_before_av_social_share '><span class='hr-inner ' ><span class='hr-inner-style'><\/span><\/span><\/div>\n<div  class='av-social-sharing-box  avia-builder-el-7  el_after_av_hr  el_before_av_hr  '><div class='av-share-box'><h5 class='av-share-link-description av-no-toc '>Compartir esta noticia<\/h5><ul class='av-share-box-list noLightbox'><li class='av-share-link av-social-link-facebook' ><a target=\"_blank\" aria-label=\"Compartir en Facebook\" href='https:\/\/www.facebook.com\/sharer.php?u=https:\/\/radiorevelacionfm.cl\/?p=39931&#038;t=Conaf%20y%20municipio%20de%20Guaitecas%20estrechan%20v%C3%ADnculos%20de%20gesti%C3%B3n' aria-hidden='false' data-av_icon='\ue8f3' data-av_iconfont='entypo-fontello' title='' data-avia-related-tooltip='Compartir en Facebook' rel=\"noopener\"><span class='avia_hidden_link_text'>Compartir en Facebook<\/span><\/a><\/li><li class='av-share-link av-social-link-twitter' ><a target=\"_blank\" aria-label=\"Compartir en Twitter\" href='https:\/\/twitter.com\/share?text=Conaf%20y%20municipio%20de%20Guaitecas%20estrechan%20v%C3%ADnculos%20de%20gesti%C3%B3n&#038;url=https:\/\/radiorevelacionfm.cl\/?p=39931' aria-hidden='false' data-av_icon='\ue8f1' data-av_iconfont='entypo-fontello' title='' data-avia-related-tooltip='Compartir en Twitter' rel=\"noopener\"><span class='avia_hidden_link_text'>Compartir en Twitter<\/span><\/a><\/li><li class='av-share-link av-social-link-whatsapp' ><a target=\"_blank\" aria-label=\"Compartir en Whatsapp\" href='https:\/\/api.whatsapp.com\/send?text=https:\/\/radiorevelacionfm.cl\/?p=39931' aria-hidden='false' data-av_icon='\uf232' data-av_iconfont='entypo-fontello' title='' data-avia-related-tooltip='Compartir en Whatsapp' rel=\"noopener\"><span class='avia_hidden_link_text'>Compartir en Whatsapp<\/span><\/a><\/li><li class='av-share-link av-social-link-linkedin' ><a target=\"_blank\" aria-label=\"Compartir en LinkedIn\" href='https:\/\/linkedin.com\/shareArticle?mini=true&#038;title=Conaf%20y%20municipio%20de%20Guaitecas%20estrechan%20v%C3%ADnculos%20de%20gesti%C3%B3n&#038;url=https:\/\/radiorevelacionfm.cl\/?p=39931' aria-hidden='false' data-av_icon='\ue8fc' data-av_iconfont='entypo-fontello' title='' data-avia-related-tooltip='Compartir en LinkedIn' rel=\"noopener\"><span class='avia_hidden_link_text'>Compartir en LinkedIn<\/span><\/a><\/li><li class='av-share-link av-social-link-mail' ><a  aria-label=\"Compartir por correo\" href='mailto:?subject=Conaf%20y%20municipio%20de%20Guaitecas%20estrechan%20v%C3%ADnculos%20de%20gesti%C3%B3n&#038;body=https:\/\/radiorevelacionfm.cl\/?p=39931' aria-hidden='false' data-av_icon='\ue805' data-av_iconfont='entypo-fontello' title='' data-avia-related-tooltip='Compartir por correo'><span class='avia_hidden_link_text'>Compartir por correo<\/span><\/a><\/li><\/ul><\/div><\/div>\n<div  style='height:50px' class='hr hr-invisible   avia-builder-el-8  el_after_av_social_share  el_before_av_comments_list '><span class='hr-inner ' ><span class='hr-inner-style'><\/span><\/span><\/div>\n<div  class='av-buildercomment  av-blog-meta-html-info-disabled av-blog-meta-tag-disabled  '><\/div>\n","protected":false},"excerpt":{"rendered":"","protected":false},"author":1,"featured_media":39935,"comment_status":"open","ping_status":"open","sticky":false,"template":"","format":"standard","meta":{"footnotes":""},"categories":[38],"tags":[],"class_list":["post-39931","post","type-post","status-publish","format-standard","has-post-thumbnail","hentry","category-regional"],"jetpack_featured_media_url":"https:\/\/radiorevelacionfm.cl\/wp-content\/uploads\/2024\/02\/carpintero-de-ribera-don-octavio-chiguay-en-baja-1_optimized-1.jpg","_links":{"self":[{"href":"https:\/\/radiorevelacionfm.cl\/index.php?rest_route=\/wp\/v2\/posts\/39931","targetHints":{"allow":["GET"]}}],"collection":[{"href":"https:\/\/radiorevelacionfm.cl\/index.php?rest_route=\/wp\/v2\/posts"}],"about":[{"href":"https:\/\/radiorevelacionfm.cl\/index.php?rest_route=\/wp\/v2\/types\/post"}],"author":[{"embeddable":true,"href":"https:\/\/radiorevelacionfm.cl\/index.php?rest_route=\/wp\/v2\/users\/1"}],"replies":[{"embeddable":true,"href":"https:\/\/radiorevelacionfm.cl\/index.php?rest_route=%2Fwp%2Fv2%2Fcomments&post=39931"}],"version-history":[{"count":2,"href":"https:\/\/radiorevelacionfm.cl\/index.php?rest_route=\/wp\/v2\/posts\/39931\/revisions"}],"predecessor-version":[{"id":39936,"href":"https:\/\/radiorevelacionfm.cl\/index.php?rest_route=\/wp\/v2\/posts\/39931\/revisions\/39936"}],"wp:featuredmedia":[{"embeddable":true,"href":"https:\/\/radiorevelacionfm.cl\/index.php?rest_route=\/wp\/v2\/media\/39935"}],"wp:attachment":[{"href":"https:\/\/radiorevelacionfm.cl\/index.php?rest_route=%2Fwp%2Fv2%2Fmedia&parent=39931"}],"wp:term":[{"taxonomy":"category","embeddable":true,"href":"https:\/\/radiorevelacionfm.cl\/index.php?rest_route=%2Fwp%2Fv2%2Fcategories&post=39931"},{"taxonomy":"post_tag","embeddable":true,"href":"https:\/\/radiorevelacionfm.cl\/index.php?rest_route=%2Fwp%2Fv2%2Ftags&post=39931"}],"curies":[{"name":"wp","href":"https:\/\/api.w.org\/{rel}","templated":true}]}}