{"id":39928,"date":"2024-02-29T16:20:03","date_gmt":"2024-02-29T19:20:03","guid":{"rendered":"https:\/\/radiorevelacionfm.cl\/?p=39928"},"modified":"2024-02-29T16:20:03","modified_gmt":"2024-02-29T19:20:03","slug":"edelaysen-sigue-impulsando-la-energia-renovable-en-primer-ano-de-planta-fotovoltaica-el-blanco","status":"publish","type":"post","link":"https:\/\/radiorevelacionfm.cl\/?p=39928","title":{"rendered":"Edelaysen sigue impulsando la energ\u00eda renovable en primer a\u00f1o de Planta Fotovoltaica El Blanco"},"content":{"rendered":"<div class=\"flex_column av_one_full  flex_column_div av-zero-column-padding first  avia-builder-el-0  el_before_av_one_full  avia-builder-el-first  \" style='border-radius:0px; '><div  class='avia-image-container  av-styling-    avia-builder-el-1  avia-builder-el-no-sibling  avia-align-center '  itemprop=\"image\" itemscope=\"itemscope\" itemtype=\"https:\/\/schema.org\/ImageObject\"  ><div class='avia-image-container-inner'><div class='avia-image-overlay-wrap'><img decoding=\"async\" class='wp-image-39929 avia-img-lazy-loading-not-39929 avia_image' src=\"https:\/\/radiorevelacionfm.cl\/wp-content\/uploads\/2024\/02\/dji_0343-1_optimized.jpg\" alt='' title='dji_0343-(1)_optimized' height=\"600\" width=\"800\"  itemprop=\"thumbnailUrl\" srcset=\"https:\/\/radiorevelacionfm.cl\/wp-content\/uploads\/2024\/02\/dji_0343-1_optimized.jpg 800w, https:\/\/radiorevelacionfm.cl\/wp-content\/uploads\/2024\/02\/dji_0343-1_optimized-300x225.jpg 300w, https:\/\/radiorevelacionfm.cl\/wp-content\/uploads\/2024\/02\/dji_0343-1_optimized-768x576.jpg 768w, https:\/\/radiorevelacionfm.cl\/wp-content\/uploads\/2024\/02\/dji_0343-1_optimized-705x529.jpg 705w, https:\/\/radiorevelacionfm.cl\/wp-content\/uploads\/2024\/02\/dji_0343-1_optimized-450x338.jpg 450w, https:\/\/radiorevelacionfm.cl\/wp-content\/uploads\/2024\/02\/dji_0343-1_optimized-600x450.jpg 600w\" sizes=\"(max-width: 800px) 100vw, 800px\" \/><\/div><\/div><\/div><\/div><div class=\"flex_column av_one_full  flex_column_div av-zero-column-padding first  avia-builder-el-2  el_after_av_one_full  el_before_av_one_full  column-top-margin\" style='border-radius:0px; '><section class=\"av_textblock_section \"  itemscope=\"itemscope\" itemtype=\"https:\/\/schema.org\/BlogPosting\" itemprop=\"blogPost\" ><div class='avia_textblock  '   itemprop=\"text\" ><p style=\"text-align: center;\"><strong><span style=\"font-size: 18pt;\">Edelaysen sigue impulsando la energ\u00eda renovable en primer a\u00f1o de Planta Fotovoltaica El Blanco<\/span><\/strong><\/p>\n<div id=\"gtx-trans\" style=\"position: absolute; left: -50px; top: 4.31534px;\">\n<div class=\"gtx-trans-icon\"><\/div>\n<\/div>\n<\/div><\/section><\/div><div class=\"flex_column av_one_full  flex_column_div av-zero-column-padding first  avia-builder-el-4  el_after_av_one_full  el_before_av_hr  column-top-margin\" style='border-radius:0px; '><section class=\"av_textblock_section \"  itemscope=\"itemscope\" itemtype=\"https:\/\/schema.org\/BlogPosting\" itemprop=\"blogPost\" ><div class='avia_textblock  '   itemprop=\"text\" ><p style=\"text-align: justify;\">Tras un a\u00f1o en funcionamiento, Edelaysen ya trabaja en nuevas iniciativas que permitan un desarrollo m\u00e1s sostenible en la regi\u00f3n de Ays\u00e9n, abordando la importancia de la diversificaci\u00f3n de la matriz energ\u00e9tica como eje principal.<\/p>\n<p style=\"text-align: justify;\">Esta central, inaugurada en febrero del a\u00f1o pasado, ha demostrado ser un \u00e9xito en la generaci\u00f3n de energ\u00eda renovable variable y sostenible para la comunidad, a trav\u00e9s del aumento de porcentaje de energ\u00eda limpia en el sistema interconectado de Ays\u00e9n-Coyhaique que beneficia a comunas como la capital regional, Ays\u00e9n y R\u00edo Ib\u00e1\u00f1ez.<\/p>\n<p style=\"text-align: justify;\">Por medio de m\u00e1s de 6 mil paneles bifaciales, esta central solar logra abastecer durante un a\u00f1o completo, un aproximado de 2 mil hogares de las comunas antes mencionadas. Gracias a su potencia instalada de 2,99 MW en su peak de corriente continua.<\/p>\n<p style=\"text-align: justify;\">Patricio Raimilla, jefe de Servicio al Cliente de la empresa el\u00e9ctrica destac\u00f3 que: \u201cEstamos orgullosos de celebrar este aniversario, que representa no solo un logro para Edelaysen, sino que tambi\u00e9n un paso importante hacia la transici\u00f3n a la carbono neutralidad y un futuro m\u00e1s sostenible y limpio en nuestra regi\u00f3n\u00bb.<\/p>\n<p style=\"text-align: justify;\">De esta manera, y con el compromiso de expandir las fuentes de energ\u00eda limpia en la regi\u00f3n de Ays\u00e9n, Edelaysen ha proyectado el crecimiento de est\u00e1s energ\u00edas limpias, con proyectos como la ampliaci\u00f3n del parque e\u00f3lico Alto Baguales, iniciativa que est\u00e1 a la\u00a0 espera de contar con la aprobaci\u00f3n necesaria para seguir contribuyendo al desarrollo sostenible de la regi\u00f3n con un fuerte piso de energ\u00edas renovables variables.<\/p>\n<p style=\"text-align: justify;\"><strong>\u00a0<\/strong><\/p>\n<p style=\"text-align: justify;\"><strong>\u00a0<\/strong><\/p>\n<\/div><\/section><\/div><div  style='height:50px' class='hr hr-invisible   avia-builder-el-6  el_after_av_one_full  el_before_av_social_share '><span class='hr-inner ' ><span class='hr-inner-style'><\/span><\/span><\/div><\/p>\n<div  class='av-social-sharing-box  avia-builder-el-7  el_after_av_hr  el_before_av_hr  '><div class='av-share-box'><h5 class='av-share-link-description av-no-toc '>Compartir esta noticia<\/h5><ul class='av-share-box-list noLightbox'><li class='av-share-link av-social-link-facebook' ><a target=\"_blank\" aria-label=\"Compartir en Facebook\" href='https:\/\/www.facebook.com\/sharer.php?u=https:\/\/radiorevelacionfm.cl\/?p=39928&#038;t=Edelaysen%20sigue%20impulsando%20la%20energ%C3%ADa%20renovable%20en%20primer%20a%C3%B1o%20de%20Planta%20Fotovoltaica%20El%20Blanco' aria-hidden='false' data-av_icon='\ue8f3' data-av_iconfont='entypo-fontello' title='' data-avia-related-tooltip='Compartir en Facebook' rel=\"noopener\"><span class='avia_hidden_link_text'>Compartir en Facebook<\/span><\/a><\/li><li class='av-share-link av-social-link-twitter' ><a target=\"_blank\" aria-label=\"Compartir en Twitter\" href='https:\/\/twitter.com\/share?text=Edelaysen%20sigue%20impulsando%20la%20energ%C3%ADa%20renovable%20en%20primer%20a%C3%B1o%20de%20Planta%20Fotovoltaica%20El%20Blanco&#038;url=https:\/\/radiorevelacionfm.cl\/?p=39928' aria-hidden='false' data-av_icon='\ue8f1' data-av_iconfont='entypo-fontello' title='' data-avia-related-tooltip='Compartir en Twitter' rel=\"noopener\"><span class='avia_hidden_link_text'>Compartir en Twitter<\/span><\/a><\/li><li class='av-share-link av-social-link-whatsapp' ><a target=\"_blank\" aria-label=\"Compartir en Whatsapp\" href='https:\/\/api.whatsapp.com\/send?text=https:\/\/radiorevelacionfm.cl\/?p=39928' aria-hidden='false' data-av_icon='\uf232' data-av_iconfont='entypo-fontello' title='' data-avia-related-tooltip='Compartir en Whatsapp' rel=\"noopener\"><span class='avia_hidden_link_text'>Compartir en Whatsapp<\/span><\/a><\/li><li class='av-share-link av-social-link-linkedin' ><a target=\"_blank\" aria-label=\"Compartir en LinkedIn\" href='https:\/\/linkedin.com\/shareArticle?mini=true&#038;title=Edelaysen%20sigue%20impulsando%20la%20energ%C3%ADa%20renovable%20en%20primer%20a%C3%B1o%20de%20Planta%20Fotovoltaica%20El%20Blanco&#038;url=https:\/\/radiorevelacionfm.cl\/?p=39928' aria-hidden='false' data-av_icon='\ue8fc' data-av_iconfont='entypo-fontello' title='' data-avia-related-tooltip='Compartir en LinkedIn' rel=\"noopener\"><span class='avia_hidden_link_text'>Compartir en LinkedIn<\/span><\/a><\/li><li class='av-share-link av-social-link-mail' ><a  aria-label=\"Compartir por correo\" href='mailto:?subject=Edelaysen%20sigue%20impulsando%20la%20energ%C3%ADa%20renovable%20en%20primer%20a%C3%B1o%20de%20Planta%20Fotovoltaica%20El%20Blanco&#038;body=https:\/\/radiorevelacionfm.cl\/?p=39928' aria-hidden='false' data-av_icon='\ue805' data-av_iconfont='entypo-fontello' title='' data-avia-related-tooltip='Compartir por correo'><span class='avia_hidden_link_text'>Compartir por correo<\/span><\/a><\/li><\/ul><\/div><\/div>\n<div  style='height:50px' class='hr hr-invisible   avia-builder-el-8  el_after_av_social_share  el_before_av_comments_list '><span class='hr-inner ' ><span class='hr-inner-style'><\/span><\/span><\/div>\n<div  class='av-buildercomment  av-blog-meta-html-info-disabled av-blog-meta-tag-disabled  '><\/div>\n","protected":false},"excerpt":{"rendered":"","protected":false},"author":1,"featured_media":39929,"comment_status":"open","ping_status":"open","sticky":false,"template":"","format":"standard","meta":{"footnotes":""},"categories":[38],"tags":[],"class_list":["post-39928","post","type-post","status-publish","format-standard","has-post-thumbnail","hentry","category-regional"],"jetpack_featured_media_url":"https:\/\/radiorevelacionfm.cl\/wp-content\/uploads\/2024\/02\/dji_0343-1_optimized.jpg","_links":{"self":[{"href":"https:\/\/radiorevelacionfm.cl\/index.php?rest_route=\/wp\/v2\/posts\/39928","targetHints":{"allow":["GET"]}}],"collection":[{"href":"https:\/\/radiorevelacionfm.cl\/index.php?rest_route=\/wp\/v2\/posts"}],"about":[{"href":"https:\/\/radiorevelacionfm.cl\/index.php?rest_route=\/wp\/v2\/types\/post"}],"author":[{"embeddable":true,"href":"https:\/\/radiorevelacionfm.cl\/index.php?rest_route=\/wp\/v2\/users\/1"}],"replies":[{"embeddable":true,"href":"https:\/\/radiorevelacionfm.cl\/index.php?rest_route=%2Fwp%2Fv2%2Fcomments&post=39928"}],"version-history":[{"count":1,"href":"https:\/\/radiorevelacionfm.cl\/index.php?rest_route=\/wp\/v2\/posts\/39928\/revisions"}],"predecessor-version":[{"id":39930,"href":"https:\/\/radiorevelacionfm.cl\/index.php?rest_route=\/wp\/v2\/posts\/39928\/revisions\/39930"}],"wp:featuredmedia":[{"embeddable":true,"href":"https:\/\/radiorevelacionfm.cl\/index.php?rest_route=\/wp\/v2\/media\/39929"}],"wp:attachment":[{"href":"https:\/\/radiorevelacionfm.cl\/index.php?rest_route=%2Fwp%2Fv2%2Fmedia&parent=39928"}],"wp:term":[{"taxonomy":"category","embeddable":true,"href":"https:\/\/radiorevelacionfm.cl\/index.php?rest_route=%2Fwp%2Fv2%2Fcategories&post=39928"},{"taxonomy":"post_tag","embeddable":true,"href":"https:\/\/radiorevelacionfm.cl\/index.php?rest_route=%2Fwp%2Fv2%2Ftags&post=39928"}],"curies":[{"name":"wp","href":"https:\/\/api.w.org\/{rel}","templated":true}]}}