{"id":39923,"date":"2024-02-29T10:15:35","date_gmt":"2024-02-29T13:15:35","guid":{"rendered":"https:\/\/radiorevelacionfm.cl\/?p=39923"},"modified":"2024-02-29T10:15:35","modified_gmt":"2024-02-29T13:15:35","slug":"entregan-orientaciones-para-la-compra-de-utiles-escolares-textos-y-uniformes","status":"publish","type":"post","link":"https:\/\/radiorevelacionfm.cl\/?p=39923","title":{"rendered":"Entregan orientaciones para la compra de \u00fatiles escolares, textos y uniformes"},"content":{"rendered":"<div class=\"flex_column av_one_full  flex_column_div av-zero-column-padding first  avia-builder-el-0  el_before_av_one_full  avia-builder-el-first  \" style='border-radius:0px; '><div  class='avia-image-container  av-styling-    avia-builder-el-1  avia-builder-el-no-sibling  avia-align-center '  itemprop=\"image\" itemscope=\"itemscope\" itemtype=\"https:\/\/schema.org\/ImageObject\"  ><div class='avia-image-container-inner'><div class='avia-image-overlay-wrap'><img decoding=\"async\" class='wp-image-39924 avia-img-lazy-loading-not-39924 avia_image' src=\"https:\/\/radiorevelacionfm.cl\/wp-content\/uploads\/2024\/02\/7df0e63e-f72f-4ace-9bd3-844b91682c83-1_optimized.jpg\" alt='' title='7df0e63e-f72f-4ace-9bd3-844b91682c83-(1)_optimized' height=\"600\" width=\"1000\"  itemprop=\"thumbnailUrl\" srcset=\"https:\/\/radiorevelacionfm.cl\/wp-content\/uploads\/2024\/02\/7df0e63e-f72f-4ace-9bd3-844b91682c83-1_optimized.jpg 1000w, https:\/\/radiorevelacionfm.cl\/wp-content\/uploads\/2024\/02\/7df0e63e-f72f-4ace-9bd3-844b91682c83-1_optimized-300x180.jpg 300w, https:\/\/radiorevelacionfm.cl\/wp-content\/uploads\/2024\/02\/7df0e63e-f72f-4ace-9bd3-844b91682c83-1_optimized-768x461.jpg 768w, https:\/\/radiorevelacionfm.cl\/wp-content\/uploads\/2024\/02\/7df0e63e-f72f-4ace-9bd3-844b91682c83-1_optimized-705x423.jpg 705w, https:\/\/radiorevelacionfm.cl\/wp-content\/uploads\/2024\/02\/7df0e63e-f72f-4ace-9bd3-844b91682c83-1_optimized-450x270.jpg 450w, https:\/\/radiorevelacionfm.cl\/wp-content\/uploads\/2024\/02\/7df0e63e-f72f-4ace-9bd3-844b91682c83-1_optimized-600x360.jpg 600w\" sizes=\"(max-width: 1000px) 100vw, 1000px\" \/><\/div><\/div><\/div><\/div>\n<div class=\"flex_column av_one_full  flex_column_div av-zero-column-padding first  avia-builder-el-2  el_after_av_one_full  el_before_av_one_full  column-top-margin\" style='border-radius:0px; '><section class=\"av_textblock_section \"  itemscope=\"itemscope\" itemtype=\"https:\/\/schema.org\/BlogPosting\" itemprop=\"blogPost\" ><div class='avia_textblock  '   itemprop=\"text\" ><p style=\"text-align: center;\"><strong><span style=\"font-size: 18pt;\">Entregan orientaciones para la compra de \u00fatiles escolares, textos y uniformes<\/span><\/strong><\/p>\n<div id=\"gtx-trans\" style=\"position: absolute; left: -50px; top: 4.31534px;\">\n<div class=\"gtx-trans-icon\"><\/div>\n<\/div>\n<\/div><\/section><\/div><div class=\"flex_column av_one_full  flex_column_div av-zero-column-padding first  avia-builder-el-4  el_after_av_one_full  el_before_av_hr  column-top-margin\" style='border-radius:0px; '><section class=\"av_textblock_section \"  itemscope=\"itemscope\" itemtype=\"https:\/\/schema.org\/BlogPosting\" itemprop=\"blogPost\" ><div class='avia_textblock  '   itemprop=\"text\" ><p class=\"v1MsoNormal\" style=\"text-align: justify;\">Esta ma\u00f1ana, la Seremi de Educaci\u00f3n Isabel Garrido , junto a la directora regional de Superintendencia de Educaci\u00f3n\u00a0 de Ays\u00e9n, Pamela Adriazola\u00a0 dieron a conocer una serie de orientaciones dirigidas a padres, madres y apoderados\/as para la compra de \u00fatiles escolares, textos y uniformes.<\/p>\n<p class=\"v1MsoNormal\" style=\"text-align: justify;\">Las autoridades enfatizaron en que los establecimientos deben resguardar el derecho a la educaci\u00f3n de ni\u00f1os, ni\u00f1as y j\u00f3venes, y garantizar que ning\u00fan estudiante quede fuera de la sala de clases por falta de alguno de estos insumos.<\/p>\n<p class=\"v1MsoNormal\" style=\"text-align: justify;\">Al respecto, la Seremi expres\u00f3 Isabel Garrido \u201cHacemos un llamado a apoderados y cuidadores a informarse sobre la normativa y saber que el Estado determina y fiscaliza las exigencias que puedan hacer los establecimientos educacionales en esta materia\u201d.<\/p>\n<p class=\"v1MsoNormal\" style=\"text-align: justify;\">Garrido tambi\u00e9n pidi\u00f3 a los sostenedores de establecimientos \u201csolicitar s\u00f3lo los materiales estrictamente necesarios para las actividades pedag\u00f3gicas\u201d.<\/p>\n<p class=\"v1MsoNormal\" style=\"text-align: justify;\">\u201cEn cuanto a los \u00fatiles escolares, no se deben exigir marcas espec\u00edficas, esto es un tema central. Ac\u00e1 lo importante es que las familias puedan acceder a garantizar el derecho a la educaci\u00f3n, que es lo que a nosotros m\u00e1s nos importa. Un estudiante no puede ser privado de su derecho a ser educado por no tener el texto escolar, por no tener las herramientas de una determinada marca, o por no contar con el uniforme escolar de la forma en que se pide o exige\u201d.<\/p>\n<p class=\"v1MsoNormal\" style=\"text-align: justify;\">Actualmente el Mineduc est\u00e1 en la etapa de distribuci\u00f3n masiva y gratuita de m\u00e1s de\u00a0<a href=\"https:\/\/www.mineduc.cl\/textos-escolares-ministro-cataldo-visita-imprenta\/\" target=\"_blank\" rel=\"noopener noreferrer\">17 millones de textos escolares<\/a>, que llegar\u00e1n directamente a los establecimientos p\u00fablicos y particulares subvencionados que los hayan solicitado, que son cerca de 10 mil, beneficiando a 3,1 millones de estudiantes.<\/p>\n<p class=\"v1MsoNormal\" style=\"text-align: justify;\">En este sentido, si bien un establecimiento puede rechazar los textos de Mineduc, si se solicita un texto adicional o complementario, la adquisici\u00f3n de este es voluntaria. En el caso de las instituciones particulares pagadas, la recomendaci\u00f3n es transparentar la elecci\u00f3n de los materiales pedag\u00f3gicos, a fin de entregar tranquilidad a las familias.<\/p>\n<p class=\"v1MsoNormal\" style=\"text-align: justify;\"><b>Ca\u00edda de denuncias relacionadas a \u00fatiles escolares<\/b><\/p>\n<p class=\"v1MsoNormal\" style=\"text-align: justify;\">Desde la Superintendencia de Educaci\u00f3n informaron\u00a0 que las cifras de denuncias relacionadas a textos, \u00fatiles y uniformes escolares han ido disminuyendo durante los \u00faltimos a\u00f1os, lo que, a juicio de Pamela Adriazola\u00a0 \u201cdemuestra que tanto los establecimientos como las comunidades educativas conocen y respetan cada vez m\u00e1s la normativa educacional\u201d.<\/p>\n<p class=\"v1MsoNormal\" style=\"text-align: justify;\">Adriazola detall\u00f3 que, entre 2015 y 2023 este tipo denuncias bajaron en un 39% en Chile y que representan un 0,4% de las denuncias que la instituci\u00f3n recibi\u00f3 durante el a\u00f1o 2023.<\/p>\n<p class=\"v1MsoNormal\" style=\"text-align: justify;\">\u201cHace alg\u00fan tiempo est\u00e1bamos acostumbrados a que cuando faltaba el uniforme, faltaba un texto o un material educativo, los establecimientos devolv\u00edan a los estudiantes a la casa. Hoy eso no sucede y no solo porque se pone en riesgo la integridad f\u00edsica de ni\u00f1as, ni\u00f1os y adolescentes, sino porque la ciudadan\u00eda ha comprendido la importancia del derecho a la educaci\u00f3n, que debe prevalecer por sobre todas las cosas y que no se puede ver interrumpido porque no tiene un texto, un material o porque no viste el uniforme\u201d, plante\u00f3.<\/p>\n<p class=\"v1MsoNormal\" style=\"text-align: justify;\">La directora regional de la Supereduc hizo un llamado \u201cpara que en este inicio del a\u00f1o escolar las comunidades conversen y dialoguen respecto a sus reglamentos internos, que puedan adecuar esos reglamentos a la realidad socioecon\u00f3mica de las familias y que generen canales de comunicaci\u00f3n fluidos para que cualquier divergencia se pueda conversar y solucionar\u201d.<\/p>\n<p class=\"v1MsoNormal\" style=\"text-align: justify;\">Pamela Adriazola recalc\u00f3 que, si las familias detectan incumplimientos a la normativa educacional respecto a estos temas, pueden acercarse a los establecimientos educacionales para resolverlo y si se mantiene la controversia pueden solicitar una mediaci\u00f3n ante la Superintendencia, pedir orientaci\u00f3n en el fono 600 3600 390 o realizar una denuncia en sus oficinas regionales o a trav\u00e9s del sitio\u00a0<a href=\"http:\/\/www.supereduc.cl\/\" target=\"_blank\" rel=\"noopener noreferrer\">www.supereduc.cl<\/a>.<\/p>\n<p class=\"v1MsoNormal\" style=\"text-align: justify;\"><b>Todo listo para el inicio del A\u00f1o Escolar 2024<\/b><\/p>\n<p class=\"v1MsoNormal\" style=\"text-align: justify;\">En la oportunidad, la Seremi de Educaci\u00f3n Isabel Garrido se\u00f1al\u00f3 que est\u00e1 todo listo para que el martes 05 de marzo m\u00e1s de 20 mil ni\u00f1os, ni\u00f1as y j\u00f3venes inicien las clases en la regi\u00f3n.<\/p>\n<p class=\"v1MsoNormal\" style=\"text-align: justify;\">\u201cDesde la semana pasada y liderados por el Delegado Presidencial Regional Rodrigo Araya hemos realizado una serie de acciones coordinadas junto a los servicios relacionados a educaci\u00f3n para asegurar las condiciones \u00f3ptimas en el inicio del a\u00f1o escolar: alimentaci\u00f3n escolar, transporte, Infraestructura son algunas de las \u00e1reas cr\u00edticas que estamos monitoreando para que iniciemos este a\u00f1o escolar con normalidad\u201d.<\/p>\n<p class=\"v1MsoNormal\" style=\"text-align: justify;\">Por lo anterior, Isabel Garrido invit\u00f3 a los estudiantes a asistir a clases desde el primer d\u00eda.<\/p>\n<p class=\"v1MsoNormal\" style=\"text-align: justify;\">\u201cComo Ministerio de Educaci\u00f3n estamos impulsando en la campa\u00f1a de asistencia\u00a0 a clases \u201cVolvamos a Clases: Que Nadie Falte\u201d, que busca seguir avanzando en la Reactivaci\u00f3n Educativa y la asistencia a clases es clave.\u00a0Este 2024 lo comenzamos con actitud, por eso todas y todos decimos fuerte\u00a0<a href=\"https:\/\/www.youtube.com\/hashtag\/volvamosaclases\" target=\"_blank\" rel=\"noopener noreferrer\">#VolvamosAClases<\/a>\u00a0porque la asistencia escolar es un compromiso de toda la comunidad, para que impulsemos el aprendizaje en todos los jardines, escuelas y liceos del pa\u00eds\u201d.<\/p>\n<\/div><\/section><\/div><\/p>\n<div  style='height:50px' class='hr hr-invisible   avia-builder-el-6  el_after_av_one_full  el_before_av_social_share '><span class='hr-inner ' ><span class='hr-inner-style'><\/span><\/span><\/div>\n<div  class='av-social-sharing-box  avia-builder-el-7  el_after_av_hr  el_before_av_hr  '><div class='av-share-box'><h5 class='av-share-link-description av-no-toc '>Compartir esta noticia<\/h5><ul class='av-share-box-list noLightbox'><li class='av-share-link av-social-link-facebook' ><a target=\"_blank\" aria-label=\"Compartir en Facebook\" href='https:\/\/www.facebook.com\/sharer.php?u=https:\/\/radiorevelacionfm.cl\/?p=39923&#038;t=Entregan%20orientaciones%20para%20la%20compra%20de%20%C3%BAtiles%20escolares%2C%20textos%20y%20uniformes' aria-hidden='false' data-av_icon='\ue8f3' data-av_iconfont='entypo-fontello' title='' data-avia-related-tooltip='Compartir en Facebook' rel=\"noopener\"><span class='avia_hidden_link_text'>Compartir en Facebook<\/span><\/a><\/li><li class='av-share-link av-social-link-twitter' ><a target=\"_blank\" aria-label=\"Compartir en Twitter\" href='https:\/\/twitter.com\/share?text=Entregan%20orientaciones%20para%20la%20compra%20de%20%C3%BAtiles%20escolares%2C%20textos%20y%20uniformes&#038;url=https:\/\/radiorevelacionfm.cl\/?p=39923' aria-hidden='false' data-av_icon='\ue8f1' data-av_iconfont='entypo-fontello' title='' data-avia-related-tooltip='Compartir en Twitter' rel=\"noopener\"><span class='avia_hidden_link_text'>Compartir en Twitter<\/span><\/a><\/li><li class='av-share-link av-social-link-whatsapp' ><a target=\"_blank\" aria-label=\"Compartir en Whatsapp\" href='https:\/\/api.whatsapp.com\/send?text=https:\/\/radiorevelacionfm.cl\/?p=39923' aria-hidden='false' data-av_icon='\uf232' data-av_iconfont='entypo-fontello' title='' data-avia-related-tooltip='Compartir en Whatsapp' rel=\"noopener\"><span class='avia_hidden_link_text'>Compartir en Whatsapp<\/span><\/a><\/li><li class='av-share-link av-social-link-linkedin' ><a target=\"_blank\" aria-label=\"Compartir en LinkedIn\" href='https:\/\/linkedin.com\/shareArticle?mini=true&#038;title=Entregan%20orientaciones%20para%20la%20compra%20de%20%C3%BAtiles%20escolares%2C%20textos%20y%20uniformes&#038;url=https:\/\/radiorevelacionfm.cl\/?p=39923' aria-hidden='false' data-av_icon='\ue8fc' data-av_iconfont='entypo-fontello' title='' data-avia-related-tooltip='Compartir en LinkedIn' rel=\"noopener\"><span class='avia_hidden_link_text'>Compartir en LinkedIn<\/span><\/a><\/li><li class='av-share-link av-social-link-mail' ><a  aria-label=\"Compartir por correo\" href='mailto:?subject=Entregan%20orientaciones%20para%20la%20compra%20de%20%C3%BAtiles%20escolares%2C%20textos%20y%20uniformes&#038;body=https:\/\/radiorevelacionfm.cl\/?p=39923' aria-hidden='false' data-av_icon='\ue805' data-av_iconfont='entypo-fontello' title='' data-avia-related-tooltip='Compartir por correo'><span class='avia_hidden_link_text'>Compartir por correo<\/span><\/a><\/li><\/ul><\/div><\/div>\n<div  style='height:50px' class='hr hr-invisible   avia-builder-el-8  el_after_av_social_share  el_before_av_comments_list '><span class='hr-inner ' ><span class='hr-inner-style'><\/span><\/span><\/div>\n<div  class='av-buildercomment  av-blog-meta-html-info-disabled av-blog-meta-tag-disabled  '><\/div>\n","protected":false},"excerpt":{"rendered":"","protected":false},"author":1,"featured_media":39924,"comment_status":"open","ping_status":"open","sticky":false,"template":"","format":"standard","meta":{"footnotes":""},"categories":[49],"tags":[],"class_list":["post-39923","post","type-post","status-publish","format-standard","has-post-thumbnail","hentry","category-educacion"],"jetpack_featured_media_url":"https:\/\/radiorevelacionfm.cl\/wp-content\/uploads\/2024\/02\/7df0e63e-f72f-4ace-9bd3-844b91682c83-1_optimized.jpg","_links":{"self":[{"href":"https:\/\/radiorevelacionfm.cl\/index.php?rest_route=\/wp\/v2\/posts\/39923","targetHints":{"allow":["GET"]}}],"collection":[{"href":"https:\/\/radiorevelacionfm.cl\/index.php?rest_route=\/wp\/v2\/posts"}],"about":[{"href":"https:\/\/radiorevelacionfm.cl\/index.php?rest_route=\/wp\/v2\/types\/post"}],"author":[{"embeddable":true,"href":"https:\/\/radiorevelacionfm.cl\/index.php?rest_route=\/wp\/v2\/users\/1"}],"replies":[{"embeddable":true,"href":"https:\/\/radiorevelacionfm.cl\/index.php?rest_route=%2Fwp%2Fv2%2Fcomments&post=39923"}],"version-history":[{"count":2,"href":"https:\/\/radiorevelacionfm.cl\/index.php?rest_route=\/wp\/v2\/posts\/39923\/revisions"}],"predecessor-version":[{"id":39934,"href":"https:\/\/radiorevelacionfm.cl\/index.php?rest_route=\/wp\/v2\/posts\/39923\/revisions\/39934"}],"wp:featuredmedia":[{"embeddable":true,"href":"https:\/\/radiorevelacionfm.cl\/index.php?rest_route=\/wp\/v2\/media\/39924"}],"wp:attachment":[{"href":"https:\/\/radiorevelacionfm.cl\/index.php?rest_route=%2Fwp%2Fv2%2Fmedia&parent=39923"}],"wp:term":[{"taxonomy":"category","embeddable":true,"href":"https:\/\/radiorevelacionfm.cl\/index.php?rest_route=%2Fwp%2Fv2%2Fcategories&post=39923"},{"taxonomy":"post_tag","embeddable":true,"href":"https:\/\/radiorevelacionfm.cl\/index.php?rest_route=%2Fwp%2Fv2%2Ftags&post=39923"}],"curies":[{"name":"wp","href":"https:\/\/api.w.org\/{rel}","templated":true}]}}