{"id":39921,"date":"2024-02-28T21:00:05","date_gmt":"2024-02-29T00:00:05","guid":{"rendered":"https:\/\/radiorevelacionfm.cl\/?p=39921"},"modified":"2024-02-28T21:00:05","modified_gmt":"2024-02-29T00:00:05","slug":"gobernadora-macias-por-solicitudes-de-ecmpo-el-mar-de-aysen-es-una-oportunidad-de-desarrollo-para-distintas-vocaciones-productivas","status":"publish","type":"post","link":"https:\/\/radiorevelacionfm.cl\/?p=39921","title":{"rendered":"Gobernadora Mac\u00edas por solicitudes de ECMPO: \u00abEl mar de Ays\u00e9n es una oportunidad de desarrollo para distintas vocaciones productivas\u00bb"},"content":{"rendered":"<div class=\"flex_column av_one_full  flex_column_div av-zero-column-padding first  avia-builder-el-0  el_before_av_one_full  avia-builder-el-first  \" style='border-radius:0px; '><div  class='avia-image-container  av-styling-    avia-builder-el-1  avia-builder-el-no-sibling  avia-align-center '  itemprop=\"image\" itemscope=\"itemscope\" itemtype=\"https:\/\/schema.org\/ImageObject\"  ><div class='avia-image-container-inner'><div class='avia-image-overlay-wrap'><img decoding=\"async\" class='wp-image-34197 avia-img-lazy-loading-not-34197 avia_image' src=\"https:\/\/radiorevelacionfm.cl\/wp-content\/uploads\/2023\/08\/GOBERNADORA-HACIENDA-1-1-1.jpeg\" alt='' title='GOBERNADORA HACIENDA 1 (1) (1)' height=\"600\" width=\"1067\"  itemprop=\"thumbnailUrl\" srcset=\"https:\/\/radiorevelacionfm.cl\/wp-content\/uploads\/2023\/08\/GOBERNADORA-HACIENDA-1-1-1.jpeg 1067w, https:\/\/radiorevelacionfm.cl\/wp-content\/uploads\/2023\/08\/GOBERNADORA-HACIENDA-1-1-1-300x169.jpeg 300w, https:\/\/radiorevelacionfm.cl\/wp-content\/uploads\/2023\/08\/GOBERNADORA-HACIENDA-1-1-1-1030x579.jpeg 1030w, https:\/\/radiorevelacionfm.cl\/wp-content\/uploads\/2023\/08\/GOBERNADORA-HACIENDA-1-1-1-768x432.jpeg 768w, https:\/\/radiorevelacionfm.cl\/wp-content\/uploads\/2023\/08\/GOBERNADORA-HACIENDA-1-1-1-705x396.jpeg 705w, https:\/\/radiorevelacionfm.cl\/wp-content\/uploads\/2023\/08\/GOBERNADORA-HACIENDA-1-1-1-450x253.jpeg 450w, https:\/\/radiorevelacionfm.cl\/wp-content\/uploads\/2023\/08\/GOBERNADORA-HACIENDA-1-1-1-600x337.jpeg 600w\" sizes=\"(max-width: 1067px) 100vw, 1067px\" \/><\/div><\/div><\/div><\/div><div class=\"flex_column av_one_full  flex_column_div av-zero-column-padding first  avia-builder-el-2  el_after_av_one_full  el_before_av_one_full  column-top-margin\" style='border-radius:0px; '><section class=\"av_textblock_section \"  itemscope=\"itemscope\" itemtype=\"https:\/\/schema.org\/BlogPosting\" itemprop=\"blogPost\" ><div class='avia_textblock  '   itemprop=\"text\" ><p style=\"text-align: center;\"><strong><span style=\"font-size: 18pt;\">Gobernadora Mac\u00edas por solicitudes de ECMPO: \u00abEl mar de Ays\u00e9n es una oportunidad de desarrollo para distintas vocaciones productivas \u00ab<\/span><\/strong><\/p>\n<div id=\"gtx-trans\" style=\"position: absolute; left: -50px; top: 4.31534px;\">\n<div class=\"gtx-trans-icon\"><\/div>\n<\/div>\n<\/div><\/section><\/div><div class=\"flex_column av_one_full  flex_column_div av-zero-column-padding first  avia-builder-el-4  el_after_av_one_full  el_before_av_hr  column-top-margin\" style='border-radius:0px; '><section class=\"av_textblock_section \"  itemscope=\"itemscope\" itemtype=\"https:\/\/schema.org\/BlogPosting\" itemprop=\"blogPost\" ><div class='avia_textblock  '   itemprop=\"text\" ><p dir=\"ltr\" style=\"text-align: justify;\">A un d\u00eda de la sesi\u00f3n de la Comisi\u00f3n Regional de Uso de Borde Costero (CRUBC) que revisar\u00e1 las solicitudes de Espacios Costeros Marinos de Pueblos Originarios (ECMPO) la Gobernadora Regional de Ays\u00e9n, Andrea Mac\u00edas Palma, presidenta de la instancia asegur\u00f3 que los distintos intereses que se han manifestado en esta discusi\u00f3n deben saber convivir los distintos intereses econ\u00f3micos y productivos que existen en el mar de Ays\u00e9n.<\/p>\n<p dir=\"ltr\" style=\"text-align: justify;\">\u00abSabemos que hay distintos intereses econ\u00f3micos y productivos que deben convivir en la regi\u00f3n de Ays\u00e9n. Lo hemos mencionado, en la \u00faltima CRUBC dijimos: el mar de Ays\u00e9n es una oportunidad de desarrollo para las distintas vocaciones productivas\u00bb, asegur\u00f3 la primera autoridad regional.<\/p>\n<p dir=\"ltr\" style=\"text-align: justify;\">La Gobernadora Mac\u00edas record\u00f3 que las dos solicitudes ECMPO Cisnes y ECMPO Huichas est\u00e1n vigentes y tramit\u00e1ndose desde hace a\u00f1os y la Comisi\u00f3n Regional de Uso de Borde Costero es s\u00f3lo la etapa donde se pronuncia una decisi\u00f3n final.<\/p>\n<p dir=\"ltr\" style=\"text-align: justify;\">\u00abEsta comisi\u00f3n tiene la facultad de pronunciarse tanto para rechazar, para aprobar como tambi\u00e9n aprobar con modificaciones\u00bb, precis\u00f3 la Gobernadora, agregando que el GORE Ays\u00e9n, ha \u00abescuchado las distintas posiciones que existen respecto de esta materia. Sabemos que es un tema complejo y por eso nos resulta tan importante poder escuchar y conocer hasta lograr el convencimiento que nos permita emitir un juicio, una propuesta para pronunciarnos frente a esta materia\u00bb.<\/p>\n<p dir=\"ltr\" style=\"text-align: justify;\">Seg\u00fan Mac\u00edas Palma, lo m\u00e1s importante es avanzar en el trabajo de la CRUBC \u00abde manera real, honesta, con informaci\u00f3n transparente en estos espacios que van a permitir el verdadero desarrollo de nuestra regi\u00f3n\u00bb.<\/p>\n<p dir=\"ltr\" style=\"text-align: justify;\">La CRUBC est\u00e1 formada por 36 actores, representantes tanto del sector p\u00fablico como privado y dentro de ellos el Gobierno Regional representa un s\u00f3lo voto, \u00abpor eso nos resulta tan relevante poder conocer\u00a0 las distintas posiciones, acercarlas, pero por sobre todo lograr el convencimiento\u00bb, acot\u00f3 la Gobernadora.<\/p>\n<p dir=\"ltr\" style=\"text-align: justify;\">La primera autoridad regional concluy\u00f3 afirmando que \u00abcreo profundamente en el esp\u00edritu de la la Ley Lafkenche pero tambi\u00e9n creo que es importante resguardar distintos espacios y poder avanzar de tal forma donde todos y todas puedan tener cabida\u00bb.<\/p>\n<p dir=\"ltr\" style=\"text-align: justify;\">La Comisi\u00f3n Regional de Uso de Borde Costero sesionar\u00e1 este jueves 29 de febrero desde las 15 horas. En ella participan 36 integrantes, con representantes del Gobierno, las delegaciones presidenciales y sus ministerios, sectores productivos, de la Armada, el Gobierno y el Consejo Regional.<\/p>\n<\/div><\/section><\/div><div  style='height:50px' class='hr hr-invisible   avia-builder-el-6  el_after_av_one_full  el_before_av_social_share '><span class='hr-inner ' ><span class='hr-inner-style'><\/span><\/span><\/div><\/p>\n<div  class='av-social-sharing-box  avia-builder-el-7  el_after_av_hr  el_before_av_hr  '><div class='av-share-box'><h5 class='av-share-link-description av-no-toc '>Compartir esta noticia<\/h5><ul class='av-share-box-list noLightbox'><li class='av-share-link av-social-link-facebook' ><a target=\"_blank\" aria-label=\"Compartir en Facebook\" href='https:\/\/www.facebook.com\/sharer.php?u=https:\/\/radiorevelacionfm.cl\/?p=39921&#038;t=Gobernadora%20Mac%C3%ADas%20por%20solicitudes%20de%20ECMPO%3A%20%C2%ABEl%20mar%20de%20Ays%C3%A9n%20es%20una%20oportunidad%20de%20desarrollo%20para%20distintas%20vocaciones%20productivas%C2%BB' aria-hidden='false' data-av_icon='\ue8f3' data-av_iconfont='entypo-fontello' title='' data-avia-related-tooltip='Compartir en Facebook' rel=\"noopener\"><span class='avia_hidden_link_text'>Compartir en Facebook<\/span><\/a><\/li><li class='av-share-link av-social-link-twitter' ><a target=\"_blank\" aria-label=\"Compartir en Twitter\" href='https:\/\/twitter.com\/share?text=Gobernadora%20Mac%C3%ADas%20por%20solicitudes%20de%20ECMPO%3A%20%C2%ABEl%20mar%20de%20Ays%C3%A9n%20es%20una%20oportunidad%20de%20desarrollo%20para%20distintas%20vocaciones%20productivas%C2%BB&#038;url=https:\/\/radiorevelacionfm.cl\/?p=39921' aria-hidden='false' data-av_icon='\ue8f1' data-av_iconfont='entypo-fontello' title='' data-avia-related-tooltip='Compartir en Twitter' rel=\"noopener\"><span class='avia_hidden_link_text'>Compartir en Twitter<\/span><\/a><\/li><li class='av-share-link av-social-link-whatsapp' ><a target=\"_blank\" aria-label=\"Compartir en Whatsapp\" href='https:\/\/api.whatsapp.com\/send?text=https:\/\/radiorevelacionfm.cl\/?p=39921' aria-hidden='false' data-av_icon='\uf232' data-av_iconfont='entypo-fontello' title='' data-avia-related-tooltip='Compartir en Whatsapp' rel=\"noopener\"><span class='avia_hidden_link_text'>Compartir en Whatsapp<\/span><\/a><\/li><li class='av-share-link av-social-link-linkedin' ><a target=\"_blank\" aria-label=\"Compartir en LinkedIn\" href='https:\/\/linkedin.com\/shareArticle?mini=true&#038;title=Gobernadora%20Mac%C3%ADas%20por%20solicitudes%20de%20ECMPO%3A%20%C2%ABEl%20mar%20de%20Ays%C3%A9n%20es%20una%20oportunidad%20de%20desarrollo%20para%20distintas%20vocaciones%20productivas%C2%BB&#038;url=https:\/\/radiorevelacionfm.cl\/?p=39921' aria-hidden='false' data-av_icon='\ue8fc' data-av_iconfont='entypo-fontello' title='' data-avia-related-tooltip='Compartir en LinkedIn' rel=\"noopener\"><span class='avia_hidden_link_text'>Compartir en LinkedIn<\/span><\/a><\/li><li class='av-share-link av-social-link-mail' ><a  aria-label=\"Compartir por correo\" href='mailto:?subject=Gobernadora%20Mac%C3%ADas%20por%20solicitudes%20de%20ECMPO%3A%20%C2%ABEl%20mar%20de%20Ays%C3%A9n%20es%20una%20oportunidad%20de%20desarrollo%20para%20distintas%20vocaciones%20productivas%C2%BB&#038;body=https:\/\/radiorevelacionfm.cl\/?p=39921' aria-hidden='false' data-av_icon='\ue805' data-av_iconfont='entypo-fontello' title='' data-avia-related-tooltip='Compartir por correo'><span class='avia_hidden_link_text'>Compartir por correo<\/span><\/a><\/li><\/ul><\/div><\/div>\n<div  style='height:50px' class='hr hr-invisible   avia-builder-el-8  el_after_av_social_share  el_before_av_comments_list '><span class='hr-inner ' ><span class='hr-inner-style'><\/span><\/span><\/div>\n<div  class='av-buildercomment  av-blog-meta-html-info-disabled av-blog-meta-tag-disabled  '><\/div>\n","protected":false},"excerpt":{"rendered":"","protected":false},"author":1,"featured_media":34197,"comment_status":"open","ping_status":"open","sticky":false,"template":"","format":"standard","meta":{"footnotes":""},"categories":[38],"tags":[],"class_list":["post-39921","post","type-post","status-publish","format-standard","has-post-thumbnail","hentry","category-regional"],"jetpack_featured_media_url":"https:\/\/radiorevelacionfm.cl\/wp-content\/uploads\/2023\/08\/GOBERNADORA-HACIENDA-1-1-1.jpeg","_links":{"self":[{"href":"https:\/\/radiorevelacionfm.cl\/index.php?rest_route=\/wp\/v2\/posts\/39921","targetHints":{"allow":["GET"]}}],"collection":[{"href":"https:\/\/radiorevelacionfm.cl\/index.php?rest_route=\/wp\/v2\/posts"}],"about":[{"href":"https:\/\/radiorevelacionfm.cl\/index.php?rest_route=\/wp\/v2\/types\/post"}],"author":[{"embeddable":true,"href":"https:\/\/radiorevelacionfm.cl\/index.php?rest_route=\/wp\/v2\/users\/1"}],"replies":[{"embeddable":true,"href":"https:\/\/radiorevelacionfm.cl\/index.php?rest_route=%2Fwp%2Fv2%2Fcomments&post=39921"}],"version-history":[{"count":1,"href":"https:\/\/radiorevelacionfm.cl\/index.php?rest_route=\/wp\/v2\/posts\/39921\/revisions"}],"predecessor-version":[{"id":39922,"href":"https:\/\/radiorevelacionfm.cl\/index.php?rest_route=\/wp\/v2\/posts\/39921\/revisions\/39922"}],"wp:featuredmedia":[{"embeddable":true,"href":"https:\/\/radiorevelacionfm.cl\/index.php?rest_route=\/wp\/v2\/media\/34197"}],"wp:attachment":[{"href":"https:\/\/radiorevelacionfm.cl\/index.php?rest_route=%2Fwp%2Fv2%2Fmedia&parent=39921"}],"wp:term":[{"taxonomy":"category","embeddable":true,"href":"https:\/\/radiorevelacionfm.cl\/index.php?rest_route=%2Fwp%2Fv2%2Fcategories&post=39921"},{"taxonomy":"post_tag","embeddable":true,"href":"https:\/\/radiorevelacionfm.cl\/index.php?rest_route=%2Fwp%2Fv2%2Ftags&post=39921"}],"curies":[{"name":"wp","href":"https:\/\/api.w.org\/{rel}","templated":true}]}}