{"id":39915,"date":"2024-02-28T20:26:28","date_gmt":"2024-02-28T23:26:28","guid":{"rendered":"https:\/\/radiorevelacionfm.cl\/?p=39915"},"modified":"2024-02-28T20:26:28","modified_gmt":"2024-02-28T23:26:28","slug":"comenzo-funcionamiento-de-centro-comunal-de-salud-en-coyhaique","status":"publish","type":"post","link":"https:\/\/radiorevelacionfm.cl\/?p=39915","title":{"rendered":"Comenz\u00f3 funcionamiento de Centro Comunal de Salud en Coyhaique"},"content":{"rendered":"<div class=\"flex_column av_one_full  flex_column_div av-zero-column-padding first  avia-builder-el-0  el_before_av_one_full  avia-builder-el-first  \" style='border-radius:0px; '><div  class='avia-image-container  av-styling-    avia-builder-el-1  avia-builder-el-no-sibling  avia-align-center '  itemprop=\"image\" itemscope=\"itemscope\" itemtype=\"https:\/\/schema.org\/ImageObject\"  ><div class='avia-image-container-inner'><div class='avia-image-overlay-wrap'><img decoding=\"async\" class='wp-image-39916 avia-img-lazy-loading-not-39916 avia_image' src=\"https:\/\/radiorevelacionfm.cl\/wp-content\/uploads\/2024\/02\/VISITA-CENTRO-COMUNAL-SALUD-1-1.jpeg\" alt='' title='VISITA CENTRO COMUNAL SALUD (1) (1)' height=\"600\" width=\"800\"  itemprop=\"thumbnailUrl\" srcset=\"https:\/\/radiorevelacionfm.cl\/wp-content\/uploads\/2024\/02\/VISITA-CENTRO-COMUNAL-SALUD-1-1.jpeg 800w, https:\/\/radiorevelacionfm.cl\/wp-content\/uploads\/2024\/02\/VISITA-CENTRO-COMUNAL-SALUD-1-1-300x225.jpeg 300w, https:\/\/radiorevelacionfm.cl\/wp-content\/uploads\/2024\/02\/VISITA-CENTRO-COMUNAL-SALUD-1-1-768x576.jpeg 768w, https:\/\/radiorevelacionfm.cl\/wp-content\/uploads\/2024\/02\/VISITA-CENTRO-COMUNAL-SALUD-1-1-705x529.jpeg 705w, https:\/\/radiorevelacionfm.cl\/wp-content\/uploads\/2024\/02\/VISITA-CENTRO-COMUNAL-SALUD-1-1-450x338.jpeg 450w, https:\/\/radiorevelacionfm.cl\/wp-content\/uploads\/2024\/02\/VISITA-CENTRO-COMUNAL-SALUD-1-1-600x450.jpeg 600w\" sizes=\"(max-width: 800px) 100vw, 800px\" \/><\/div><\/div><\/div><\/div><div class=\"flex_column av_one_full  flex_column_div av-zero-column-padding first  avia-builder-el-2  el_after_av_one_full  el_before_av_one_full  column-top-margin\" style='border-radius:0px; '><section class=\"av_textblock_section \"  itemscope=\"itemscope\" itemtype=\"https:\/\/schema.org\/BlogPosting\" itemprop=\"blogPost\" ><div class='avia_textblock  '   itemprop=\"text\" ><p style=\"text-align: center;\"><span style=\"font-size: 18pt;\"><strong>Comenz\u00f3 funcionamiento de Centro Comunal de Salud en Coyhaique<\/strong><\/span><\/p>\n<div id=\"gtx-trans\" style=\"position: absolute; left: -50px; top: 4.31534px;\">\n<div class=\"gtx-trans-icon\"><\/div>\n<\/div>\n<\/div><\/section><\/div><div class=\"flex_column av_one_full  flex_column_div av-zero-column-padding first  avia-builder-el-4  el_after_av_one_full  el_before_av_hr  column-top-margin\" style='border-radius:0px; '><section class=\"av_textblock_section \"  itemscope=\"itemscope\" itemtype=\"https:\/\/schema.org\/BlogPosting\" itemprop=\"blogPost\" ><div class='avia_textblock  '   itemprop=\"text\" ><p style=\"text-align: justify;\"><em>Las nuevas dependencias, permitir\u00e1n el funcionamiento de programas relacionados a Salud Mental, Oftalmolog\u00eda, Adultos Mayores y Mejor Ni\u00f1ez, entre otros, atendiendo principalmente usuarios de los Consultorios Alejandro Guti\u00e9rrez y V\u00edctor Domingo Silva.<\/em><\/p>\n<p style=\"text-align: justify;\">Tras obtener la autorizaci\u00f3n sanitaria que le permiti\u00f3 dar inicio a la atenci\u00f3n de pacientes, autoridades regionales encabezadas por la Seremi Carmen Monsalve G\u00f3mez y el Director del Servicio de Salud, Juan Pablo Quintana, acompa\u00f1ados de dirigentes sociales, pudieron constatar la puesta en marcha del Centro Comunal de Salud en Coyhaique, donde adem\u00e1s est\u00e1 funcionando la Unidad de Atenci\u00f3n Primaria Oftalmol\u00f3gica (UAPO) que presta un gran servicio especialmente a usuarios de la zona rural, quienes en un solo d\u00eda acceden a la atenci\u00f3n m\u00e9dica e incluso pueden recibir los lentes que necesitan para mejorar su salud.<\/p>\n<p style=\"text-align: justify;\">De esta forma, el funcionamiento del Centro Comunal de Salud permitir\u00e1 atender a los usuarios que actualmente se atienden en los centros de salud primaria de Coyhaique, un hecho que fue destacado por la Directora Consultorio Alejandro Guti\u00e9rrez; Pamela Rojas. \u201cEste es un centro que lo esper\u00e1bamos hace un tiempo, no solo la comunidad, sino que tambi\u00e9n los funcionarios que entregan las prestaciones, porque para nosotros es muy grato mejorar las condiciones en que se entregan las atenciones de salud, donde se agradece la uni\u00f3n que han demostrado las organizaciones que hoy se presentan en este centro comunal.\u201d<\/p>\n<p style=\"text-align: justify;\">Similar opini\u00f3n es la que entreg\u00f3 la Directora del Consultorio V\u00edctor Domingo Silva, Antonella Trivigno, quien adem\u00e1s se refiri\u00f3 a las prestaciones que ya est\u00e1n disponibles en el centro comunal. \u201cEsto es el resultado de un trabajo entre todos los actores, pero es solo el inicio, tenemos que seguir avanzando.\u00a0 El Centro Comunal de Salud tiene box de atenci\u00f3n para ambos centros de salud, Alejandro Guti\u00e9rrez y V\u00edctor Domingo Silva, con salas de estimulaci\u00f3n, atenciones kinesiol\u00f3gicas, asistentes sociales, adem\u00e1s de la Unidad de Atenci\u00f3n Oftalmol\u00f3gica que cubre ambos consultorios y al sector rural, otorgando un espacio digno para las atenciones de nuestros usuarios\u201d.<\/p>\n<p style=\"text-align: justify;\">Por su parte, Luis Figueroa, usuario de la Unidad de Atenci\u00f3n Oftalmol\u00f3gica, valor\u00f3 estas nuevas dependencias. \u201cEs gratificante y bueno para la comunidad, especialmente lo de oftalmolog\u00eda, el lugar es bueno y est\u00e1 en buenas condiciones. Es r\u00e1pido y tiene una buena atenci\u00f3n\u201d.<\/p>\n<p style=\"text-align: justify;\">Durante el recorrido efectuado a este nuevo recinto de salud, vecinos y representantes de organizaciones sociales de Coyhaique, tuvieron la oportunidad de conocer directamente el funcionamiento, espacios y equipamiento de este lugar, valorando su puesta en funcionamiento, como lo manifest\u00f3 la Dirigente Social, Sandra Vargas.\u00a0 \u201cAgradecer la unidad que tuvieron todos los equipos, la Seremi, el Servicio de Salud y los consultorios, porque hoy tenemos un mejor acceso a la salud para nuestros adultos mayores, unos tremendos espacios, y principalmente la uni\u00f3n para trabajar con la gente. Adem\u00e1s de la unidad de oftalmolog\u00eda que va a aportar especialmente al sector rural y los vecinos de Coyhaique\u201d.<\/p>\n<p style=\"text-align: justify;\">Asimismo, el Dirigente Social V\u00edctor Soto, tambi\u00e9n valor\u00f3 el funcionamiento del Centro Comunal de Salud. \u201ceste centro nos abre las puertas a la importancia que tiene la salud, no solo para la gente de la ciudad, sino que tambi\u00e9n para las localidades rurales. Hay que destacar la unidad de las autoridades, quienes han formado equipos para ir hacia adelante, abriendo nuevas puertas para mejorar nuestra calidad de vida\u201d.<\/p>\n<p style=\"text-align: justify;\">Este Centro Comunal de Salud cuenta con 22 espacios cl\u00ednicos para la atenci\u00f3n de Adultos Mayores, Salud Mental y Mejor Ni\u00f1ez, entre otros programas. Aspectos que fueron relevados por la Seremi de Salud Ays\u00e9n, Carmen Monsalve G\u00f3mez.\u00a0 \u201cEstamos haciendo una visita para relevar este gran avance en materia de infraestructura, prestaciones y accesibilidad a la salud.\u00a0 Tenemos desaf\u00edos permanentes que tienen relaci\u00f3n con el retraso de iniciativas producto del per\u00edodo de pandemia, como acciones de promoci\u00f3n y rehabilitaci\u00f3n, pero este dispositivo nos permitir\u00e1 concentrar la poblaci\u00f3n de los dos consultorios de la ciudad de Coyhaique, para realizar prestaciones con foco en la promoci\u00f3n y prevenci\u00f3n, a lo que se suma la Unidad de Atenci\u00f3n Primaria de Oftalmolog\u00eda, donde tambi\u00e9n se van entregar prestaciones muy resolutivas para descongestionar la lista de espera del hospital y dar una atenci\u00f3n oportuna a usuarios que adem\u00e1s son beneficiarios de las Garant\u00edas Expl\u00edcitas en Salud\u201d.<\/p>\n<p style=\"text-align: justify;\">Estas dependencias, ubicadas en la intersecci\u00f3n de las calles Ignacio Carrera y Baquedano (exhotel Los \u00d1ires), albergar\u00e1 programas de alcance comunal relacionadas con la Rehabilitaci\u00f3n de Base Comunitaria, Elige Vida Sana, M\u00e1s Adulto Mayor Autovalente y Salas de Estimulaci\u00f3n.\u00a0 Con espacios f\u00edsicos de 790 metros cuadrados, traducidos en 15 box de atenci\u00f3n, 2 salas de atenci\u00f3n grupal, 1 Gimnasio, 2 Salas de Estimulaci\u00f3n, 1 Sala de Registro y la Unidad de Atenci\u00f3n Primaria Oftalmol\u00f3gica.<\/p>\n<\/div><\/section><\/div><div  style='height:50px' class='hr hr-invisible   avia-builder-el-6  el_after_av_one_full  el_before_av_social_share '><span class='hr-inner ' ><span class='hr-inner-style'><\/span><\/span><\/div><\/p>\n<div  class='av-social-sharing-box  avia-builder-el-7  el_after_av_hr  el_before_av_hr  '><div class='av-share-box'><h5 class='av-share-link-description av-no-toc '>Compartir esta noticia<\/h5><ul class='av-share-box-list noLightbox'><li class='av-share-link av-social-link-facebook' ><a target=\"_blank\" aria-label=\"Compartir en Facebook\" href='https:\/\/www.facebook.com\/sharer.php?u=https:\/\/radiorevelacionfm.cl\/?p=39915&#038;t=Comenz%C3%B3%20funcionamiento%20de%20Centro%20Comunal%20de%20Salud%20en%20Coyhaique' aria-hidden='false' data-av_icon='\ue8f3' data-av_iconfont='entypo-fontello' title='' data-avia-related-tooltip='Compartir en Facebook' rel=\"noopener\"><span class='avia_hidden_link_text'>Compartir en Facebook<\/span><\/a><\/li><li class='av-share-link av-social-link-twitter' ><a target=\"_blank\" aria-label=\"Compartir en Twitter\" href='https:\/\/twitter.com\/share?text=Comenz%C3%B3%20funcionamiento%20de%20Centro%20Comunal%20de%20Salud%20en%20Coyhaique&#038;url=https:\/\/radiorevelacionfm.cl\/?p=39915' aria-hidden='false' data-av_icon='\ue8f1' data-av_iconfont='entypo-fontello' title='' data-avia-related-tooltip='Compartir en Twitter' rel=\"noopener\"><span class='avia_hidden_link_text'>Compartir en Twitter<\/span><\/a><\/li><li class='av-share-link av-social-link-whatsapp' ><a target=\"_blank\" aria-label=\"Compartir en Whatsapp\" href='https:\/\/api.whatsapp.com\/send?text=https:\/\/radiorevelacionfm.cl\/?p=39915' aria-hidden='false' data-av_icon='\uf232' data-av_iconfont='entypo-fontello' title='' data-avia-related-tooltip='Compartir en Whatsapp' rel=\"noopener\"><span class='avia_hidden_link_text'>Compartir en Whatsapp<\/span><\/a><\/li><li class='av-share-link av-social-link-linkedin' ><a target=\"_blank\" aria-label=\"Compartir en LinkedIn\" href='https:\/\/linkedin.com\/shareArticle?mini=true&#038;title=Comenz%C3%B3%20funcionamiento%20de%20Centro%20Comunal%20de%20Salud%20en%20Coyhaique&#038;url=https:\/\/radiorevelacionfm.cl\/?p=39915' aria-hidden='false' data-av_icon='\ue8fc' data-av_iconfont='entypo-fontello' title='' data-avia-related-tooltip='Compartir en LinkedIn' rel=\"noopener\"><span class='avia_hidden_link_text'>Compartir en LinkedIn<\/span><\/a><\/li><li class='av-share-link av-social-link-mail' ><a  aria-label=\"Compartir por correo\" href='mailto:?subject=Comenz%C3%B3%20funcionamiento%20de%20Centro%20Comunal%20de%20Salud%20en%20Coyhaique&#038;body=https:\/\/radiorevelacionfm.cl\/?p=39915' aria-hidden='false' data-av_icon='\ue805' data-av_iconfont='entypo-fontello' title='' data-avia-related-tooltip='Compartir por correo'><span class='avia_hidden_link_text'>Compartir por correo<\/span><\/a><\/li><\/ul><\/div><\/div>\n<div  style='height:50px' class='hr hr-invisible   avia-builder-el-8  el_after_av_social_share  el_before_av_comments_list '><span class='hr-inner ' ><span class='hr-inner-style'><\/span><\/span><\/div>\n<div  class='av-buildercomment  av-blog-meta-html-info-disabled av-blog-meta-tag-disabled  '><\/div>\n","protected":false},"excerpt":{"rendered":"","protected":false},"author":1,"featured_media":39916,"comment_status":"open","ping_status":"open","sticky":false,"template":"","format":"standard","meta":{"footnotes":""},"categories":[46],"tags":[],"class_list":["post-39915","post","type-post","status-publish","format-standard","has-post-thumbnail","hentry","category-salud"],"jetpack_featured_media_url":"https:\/\/radiorevelacionfm.cl\/wp-content\/uploads\/2024\/02\/VISITA-CENTRO-COMUNAL-SALUD-1-1.jpeg","_links":{"self":[{"href":"https:\/\/radiorevelacionfm.cl\/index.php?rest_route=\/wp\/v2\/posts\/39915","targetHints":{"allow":["GET"]}}],"collection":[{"href":"https:\/\/radiorevelacionfm.cl\/index.php?rest_route=\/wp\/v2\/posts"}],"about":[{"href":"https:\/\/radiorevelacionfm.cl\/index.php?rest_route=\/wp\/v2\/types\/post"}],"author":[{"embeddable":true,"href":"https:\/\/radiorevelacionfm.cl\/index.php?rest_route=\/wp\/v2\/users\/1"}],"replies":[{"embeddable":true,"href":"https:\/\/radiorevelacionfm.cl\/index.php?rest_route=%2Fwp%2Fv2%2Fcomments&post=39915"}],"version-history":[{"count":1,"href":"https:\/\/radiorevelacionfm.cl\/index.php?rest_route=\/wp\/v2\/posts\/39915\/revisions"}],"predecessor-version":[{"id":39917,"href":"https:\/\/radiorevelacionfm.cl\/index.php?rest_route=\/wp\/v2\/posts\/39915\/revisions\/39917"}],"wp:featuredmedia":[{"embeddable":true,"href":"https:\/\/radiorevelacionfm.cl\/index.php?rest_route=\/wp\/v2\/media\/39916"}],"wp:attachment":[{"href":"https:\/\/radiorevelacionfm.cl\/index.php?rest_route=%2Fwp%2Fv2%2Fmedia&parent=39915"}],"wp:term":[{"taxonomy":"category","embeddable":true,"href":"https:\/\/radiorevelacionfm.cl\/index.php?rest_route=%2Fwp%2Fv2%2Fcategories&post=39915"},{"taxonomy":"post_tag","embeddable":true,"href":"https:\/\/radiorevelacionfm.cl\/index.php?rest_route=%2Fwp%2Fv2%2Ftags&post=39915"}],"curies":[{"name":"wp","href":"https:\/\/api.w.org\/{rel}","templated":true}]}}