{"id":39911,"date":"2024-02-28T17:18:16","date_gmt":"2024-02-28T20:18:16","guid":{"rendered":"https:\/\/radiorevelacionfm.cl\/?p=39911"},"modified":"2024-02-28T17:20:29","modified_gmt":"2024-02-28T20:20:29","slug":"region-de-aysen-lidera-aumento-de-la-tasa-de-ocupabilidad-turistica-de-febrero-a-nivel-nacional","status":"publish","type":"post","link":"https:\/\/radiorevelacionfm.cl\/?p=39911","title":{"rendered":"Regi\u00f3n de Ays\u00e9n lidera aumento de la tasa de ocupabilidad tur\u00edstica de febrero a nivel nacional"},"content":{"rendered":"<div class=\"flex_column av_one_full  flex_column_div av-zero-column-padding first  avia-builder-el-0  el_before_av_one_full  avia-builder-el-first  \" style='border-radius:0px; '><div  class='avia-image-container  av-styling-    avia-builder-el-1  avia-builder-el-no-sibling  avia-align-center '  itemprop=\"image\" itemscope=\"itemscope\" itemtype=\"https:\/\/schema.org\/ImageObject\"  ><div class='avia-image-container-inner'><div class='avia-image-overlay-wrap'><img decoding=\"async\" class='wp-image-39912 avia-img-lazy-loading-not-39912 avia_image' src=\"https:\/\/radiorevelacionfm.cl\/wp-content\/uploads\/2024\/02\/promocioin-turistica-1_optimized.jpg\" alt='' title='promocio\u00ecn-turistica-(1)_optimized' height=\"650\" width=\"795\"  itemprop=\"thumbnailUrl\" srcset=\"https:\/\/radiorevelacionfm.cl\/wp-content\/uploads\/2024\/02\/promocioin-turistica-1_optimized.jpg 795w, https:\/\/radiorevelacionfm.cl\/wp-content\/uploads\/2024\/02\/promocioin-turistica-1_optimized-300x245.jpg 300w, https:\/\/radiorevelacionfm.cl\/wp-content\/uploads\/2024\/02\/promocioin-turistica-1_optimized-768x628.jpg 768w, https:\/\/radiorevelacionfm.cl\/wp-content\/uploads\/2024\/02\/promocioin-turistica-1_optimized-705x576.jpg 705w, https:\/\/radiorevelacionfm.cl\/wp-content\/uploads\/2024\/02\/promocioin-turistica-1_optimized-450x368.jpg 450w, https:\/\/radiorevelacionfm.cl\/wp-content\/uploads\/2024\/02\/promocioin-turistica-1_optimized-600x491.jpg 600w\" sizes=\"(max-width: 795px) 100vw, 795px\" \/><\/div><\/div><\/div><\/div>\n<div class=\"flex_column av_one_full  flex_column_div av-zero-column-padding first  avia-builder-el-2  el_after_av_one_full  el_before_av_one_full  column-top-margin\" style='border-radius:0px; '><section class=\"av_textblock_section \"  itemscope=\"itemscope\" itemtype=\"https:\/\/schema.org\/BlogPosting\" itemprop=\"blogPost\" ><div class='avia_textblock  '   itemprop=\"text\" ><p style=\"text-align: center;\"><span style=\"font-size: 18pt;\"><strong>Regi\u00f3n de Ays\u00e9n lidera aumento de la tasa de ocupabilidad tur\u00edstica de febrero a nivel nacional <\/strong><\/span><\/p>\n<div id=\"gtx-trans\" style=\"position: absolute; left: -50px; top: 4.31534px;\">\n<div class=\"gtx-trans-icon\"><\/div>\n<\/div>\n<\/div><\/section><\/div>\n<div class=\"flex_column av_one_full  flex_column_div av-zero-column-padding first  avia-builder-el-4  el_after_av_one_full  el_before_av_hr  column-top-margin\" style='border-radius:0px; '><section class=\"av_textblock_section \"  itemscope=\"itemscope\" itemtype=\"https:\/\/schema.org\/BlogPosting\" itemprop=\"blogPost\" ><div class='avia_textblock  '   itemprop=\"text\" ><p style=\"text-align: justify;\"><em>Los tres destinos regionales medidos en el informe, superan la tasa de ocupabilidad nacional que lleg\u00f3 a un 66% durante el periodo medido. <\/em><\/p>\n<p style=\"text-align: justify;\">La Subsecretar\u00eda de Turismo y el Servicio Nacional de Turismo, present\u00f3 el Informe de \u00abTasa de Ocupabilidad en Establecimientos de Alojamiento Tur\u00edstico\u00bb. Este informe arroja luz sobre la situaci\u00f3n de hoteles, caba\u00f1as, hostales y residenciales en las 16 regiones del pa\u00eds en la semana del lunes 12 al s\u00e1bado 17 de febrero del presente a\u00f1o, incorporando la noche del \u00faltimo d\u00eda mencionado y establece la comparaci\u00f3n con el a\u00f1o anterior en el mismo periodo.<\/p>\n<p style=\"text-align: justify;\">El director regional de Sernatur Ays\u00e9n, Claudio Montecinos, destac\u00f3 que \u00abla medici\u00f3n de la tasa de ocupabilidad coloca nuevamente a los destinos de la regi\u00f3n entre los m\u00e1s destacados del pa\u00eds. En particular, Carretera Austral Norte, Coyhaique y Ays\u00e9n, as\u00ed como la Cuenca del Lago General Carrera, superan el promedio nacional\u00bb. Montecinos subray\u00f3 el incremento significativo de m\u00e1s del 20% en la tasa de ocupabilidad en la Carretera Austral Norte en comparaci\u00f3n con enero de este a\u00f1o y el mismo per\u00edodo de la temporada 2023. \u00abEstos resultados evidencian un notable aumento en la actividad tur\u00edstica en la regi\u00f3n de Ays\u00e9n en comparaci\u00f3n con la temporada anterior, generando satisfacci\u00f3n respecto al desempe\u00f1o tur\u00edstico actual en la regi\u00f3n\u00bb.<\/p>\n<p style=\"text-align: justify;\">Es as\u00ed como los tres destinos de la regi\u00f3n de Ays\u00e9n superaron la tasa de ocupabilidad total (66,7%), siendo estos: \u00abAys\u00e9n &#8211; Coyhaique\u00bb (80,6%), \u00abCuenca del Lago General Carrera\u00bb (76,4%) y \u00abCarretera Austral Norte\u00bb (75,5%).<\/p>\n<p style=\"text-align: justify;\">El objetivo principal de este estudio, que es elaborado por el Departamento de Estad\u00edsticas de Sernatur en base a la informaci\u00f3n levantada por las Direcciones Regionales, es estimar la tasa de ocupabilidad en habitaciones para las clases de alojamiento m\u00e1s representativas de los cuarenta y nueve destinos principales del pa\u00eds, proporcionando una visi\u00f3n detallada y actualizada de la situaci\u00f3n del turismo en Chile.<\/p>\n<\/div><\/section><\/div><div  style='height:50px' class='hr hr-invisible   avia-builder-el-6  el_after_av_one_full  el_before_av_social_share '><span class='hr-inner ' ><span class='hr-inner-style'><\/span><\/span><\/div><\/p>\n<div  class='av-social-sharing-box  avia-builder-el-7  el_after_av_hr  el_before_av_hr  '><div class='av-share-box'><h5 class='av-share-link-description av-no-toc '>Compartir esta noticia<\/h5><ul class='av-share-box-list noLightbox'><li class='av-share-link av-social-link-facebook' ><a target=\"_blank\" aria-label=\"Compartir en Facebook\" href='https:\/\/www.facebook.com\/sharer.php?u=https:\/\/radiorevelacionfm.cl\/?p=39911&#038;t=Regi%C3%B3n%20de%20Ays%C3%A9n%20lidera%20aumento%20de%20la%20tasa%20de%20ocupabilidad%20tur%C3%ADstica%20de%20febrero%20a%20nivel%20nacional' aria-hidden='false' data-av_icon='\ue8f3' data-av_iconfont='entypo-fontello' title='' data-avia-related-tooltip='Compartir en Facebook' rel=\"noopener\"><span class='avia_hidden_link_text'>Compartir en Facebook<\/span><\/a><\/li><li class='av-share-link av-social-link-twitter' ><a target=\"_blank\" aria-label=\"Compartir en Twitter\" href='https:\/\/twitter.com\/share?text=Regi%C3%B3n%20de%20Ays%C3%A9n%20lidera%20aumento%20de%20la%20tasa%20de%20ocupabilidad%20tur%C3%ADstica%20de%20febrero%20a%20nivel%20nacional&#038;url=https:\/\/radiorevelacionfm.cl\/?p=39911' aria-hidden='false' data-av_icon='\ue8f1' data-av_iconfont='entypo-fontello' title='' data-avia-related-tooltip='Compartir en Twitter' rel=\"noopener\"><span class='avia_hidden_link_text'>Compartir en Twitter<\/span><\/a><\/li><li class='av-share-link av-social-link-whatsapp' ><a target=\"_blank\" aria-label=\"Compartir en Whatsapp\" href='https:\/\/api.whatsapp.com\/send?text=https:\/\/radiorevelacionfm.cl\/?p=39911' aria-hidden='false' data-av_icon='\uf232' data-av_iconfont='entypo-fontello' title='' data-avia-related-tooltip='Compartir en Whatsapp' rel=\"noopener\"><span class='avia_hidden_link_text'>Compartir en Whatsapp<\/span><\/a><\/li><li class='av-share-link av-social-link-linkedin' ><a target=\"_blank\" aria-label=\"Compartir en LinkedIn\" href='https:\/\/linkedin.com\/shareArticle?mini=true&#038;title=Regi%C3%B3n%20de%20Ays%C3%A9n%20lidera%20aumento%20de%20la%20tasa%20de%20ocupabilidad%20tur%C3%ADstica%20de%20febrero%20a%20nivel%20nacional&#038;url=https:\/\/radiorevelacionfm.cl\/?p=39911' aria-hidden='false' data-av_icon='\ue8fc' data-av_iconfont='entypo-fontello' title='' data-avia-related-tooltip='Compartir en LinkedIn' rel=\"noopener\"><span class='avia_hidden_link_text'>Compartir en LinkedIn<\/span><\/a><\/li><li class='av-share-link av-social-link-mail' ><a  aria-label=\"Compartir por correo\" href='mailto:?subject=Regi%C3%B3n%20de%20Ays%C3%A9n%20lidera%20aumento%20de%20la%20tasa%20de%20ocupabilidad%20tur%C3%ADstica%20de%20febrero%20a%20nivel%20nacional&#038;body=https:\/\/radiorevelacionfm.cl\/?p=39911' aria-hidden='false' data-av_icon='\ue805' data-av_iconfont='entypo-fontello' title='' data-avia-related-tooltip='Compartir por correo'><span class='avia_hidden_link_text'>Compartir por correo<\/span><\/a><\/li><\/ul><\/div><\/div>\n<div  style='height:50px' class='hr hr-invisible   avia-builder-el-8  el_after_av_social_share  el_before_av_comments_list '><span class='hr-inner ' ><span class='hr-inner-style'><\/span><\/span><\/div>\n<div  class='av-buildercomment  av-blog-meta-html-info-disabled av-blog-meta-tag-disabled  '><\/div>\n","protected":false},"excerpt":{"rendered":"","protected":false},"author":1,"featured_media":39912,"comment_status":"open","ping_status":"open","sticky":false,"template":"","format":"standard","meta":{"footnotes":""},"categories":[54],"tags":[],"class_list":["post-39911","post","type-post","status-publish","format-standard","has-post-thumbnail","hentry","category-turismo"],"jetpack_featured_media_url":"https:\/\/radiorevelacionfm.cl\/wp-content\/uploads\/2024\/02\/promocioin-turistica-1_optimized.jpg","_links":{"self":[{"href":"https:\/\/radiorevelacionfm.cl\/index.php?rest_route=\/wp\/v2\/posts\/39911","targetHints":{"allow":["GET"]}}],"collection":[{"href":"https:\/\/radiorevelacionfm.cl\/index.php?rest_route=\/wp\/v2\/posts"}],"about":[{"href":"https:\/\/radiorevelacionfm.cl\/index.php?rest_route=\/wp\/v2\/types\/post"}],"author":[{"embeddable":true,"href":"https:\/\/radiorevelacionfm.cl\/index.php?rest_route=\/wp\/v2\/users\/1"}],"replies":[{"embeddable":true,"href":"https:\/\/radiorevelacionfm.cl\/index.php?rest_route=%2Fwp%2Fv2%2Fcomments&post=39911"}],"version-history":[{"count":2,"href":"https:\/\/radiorevelacionfm.cl\/index.php?rest_route=\/wp\/v2\/posts\/39911\/revisions"}],"predecessor-version":[{"id":39914,"href":"https:\/\/radiorevelacionfm.cl\/index.php?rest_route=\/wp\/v2\/posts\/39911\/revisions\/39914"}],"wp:featuredmedia":[{"embeddable":true,"href":"https:\/\/radiorevelacionfm.cl\/index.php?rest_route=\/wp\/v2\/media\/39912"}],"wp:attachment":[{"href":"https:\/\/radiorevelacionfm.cl\/index.php?rest_route=%2Fwp%2Fv2%2Fmedia&parent=39911"}],"wp:term":[{"taxonomy":"category","embeddable":true,"href":"https:\/\/radiorevelacionfm.cl\/index.php?rest_route=%2Fwp%2Fv2%2Fcategories&post=39911"},{"taxonomy":"post_tag","embeddable":true,"href":"https:\/\/radiorevelacionfm.cl\/index.php?rest_route=%2Fwp%2Fv2%2Ftags&post=39911"}],"curies":[{"name":"wp","href":"https:\/\/api.w.org\/{rel}","templated":true}]}}