{"id":39903,"date":"2024-02-28T15:16:38","date_gmt":"2024-02-28T18:16:38","guid":{"rendered":"https:\/\/radiorevelacionfm.cl\/?p=39903"},"modified":"2024-02-28T15:16:38","modified_gmt":"2024-02-28T18:16:38","slug":"gremios-de-aysen-exigen-frenar-solicitudes-emcpo-un-llamado-a-la-justa-aplicacion-de-la-ley-lafkenche","status":"publish","type":"post","link":"https:\/\/radiorevelacionfm.cl\/?p=39903","title":{"rendered":"Gremios de Ays\u00e9n exigen frenar solicitudes EMCPO: Un llamado a la justa aplicaci\u00f3n de la Ley Lafkenche"},"content":{"rendered":"<div class=\"flex_column av_one_full  flex_column_div av-zero-column-padding first  avia-builder-el-0  el_before_av_one_full  avia-builder-el-first  \" style='border-radius:0px; '><div  class='avia-image-container  av-styling-    avia-builder-el-1  avia-builder-el-no-sibling  avia-align-center '  itemprop=\"image\" itemscope=\"itemscope\" itemtype=\"https:\/\/schema.org\/ImageObject\"  ><div class='avia-image-container-inner'><div class='avia-image-overlay-wrap'><img decoding=\"async\" class='wp-image-39904 avia-img-lazy-loading-not-39904 avia_image' src=\"https:\/\/radiorevelacionfm.cl\/wp-content\/uploads\/2024\/02\/NO-A-LA-ECMPO-1-1.jpeg\" alt='' title='NO A LA ECMPO (1) (1)' height=\"600\" width=\"1110\"  itemprop=\"thumbnailUrl\" srcset=\"https:\/\/radiorevelacionfm.cl\/wp-content\/uploads\/2024\/02\/NO-A-LA-ECMPO-1-1.jpeg 1110w, https:\/\/radiorevelacionfm.cl\/wp-content\/uploads\/2024\/02\/NO-A-LA-ECMPO-1-1-300x162.jpeg 300w, https:\/\/radiorevelacionfm.cl\/wp-content\/uploads\/2024\/02\/NO-A-LA-ECMPO-1-1-1030x557.jpeg 1030w, https:\/\/radiorevelacionfm.cl\/wp-content\/uploads\/2024\/02\/NO-A-LA-ECMPO-1-1-768x415.jpeg 768w, https:\/\/radiorevelacionfm.cl\/wp-content\/uploads\/2024\/02\/NO-A-LA-ECMPO-1-1-705x381.jpeg 705w, https:\/\/radiorevelacionfm.cl\/wp-content\/uploads\/2024\/02\/NO-A-LA-ECMPO-1-1-450x243.jpeg 450w, https:\/\/radiorevelacionfm.cl\/wp-content\/uploads\/2024\/02\/NO-A-LA-ECMPO-1-1-600x324.jpeg 600w\" sizes=\"(max-width: 1110px) 100vw, 1110px\" \/><\/div><\/div><\/div><\/div><div class=\"flex_column av_one_full  flex_column_div av-zero-column-padding first  avia-builder-el-2  el_after_av_one_full  el_before_av_one_full  column-top-margin\" style='border-radius:0px; '><section class=\"av_textblock_section \"  itemscope=\"itemscope\" itemtype=\"https:\/\/schema.org\/BlogPosting\" itemprop=\"blogPost\" ><div class='avia_textblock  '   itemprop=\"text\" ><p style=\"text-align: center;\"><span style=\"font-size: 18pt;\"><strong>Gremios de Ays\u00e9n exigen frenar solicitudes EMCPO: Un llamado a la justa aplicaci\u00f3n de la Ley Lafkenche<\/strong><\/span><\/p>\n<div id=\"gtx-trans\" style=\"position: absolute; left: -50px; top: 4.31534px;\">\n<div class=\"gtx-trans-icon\"><\/div>\n<\/div>\n<\/div><\/section><\/div><div class=\"flex_column av_one_full  flex_column_div av-zero-column-padding first  avia-builder-el-4  el_after_av_one_full  el_before_av_hr  column-top-margin\" style='border-radius:0px; '><section class=\"av_textblock_section \"  itemscope=\"itemscope\" itemtype=\"https:\/\/schema.org\/BlogPosting\" itemprop=\"blogPost\" ><div class='avia_textblock  '   itemprop=\"text\" ><p style=\"text-align: justify;\">En una muestra de unidad y firmeza, diversos gremios y sindicatos de la Regi\u00f3n de Ays\u00e9n y alrededores, incluyendo representantes de otras regiones, se congregaron en el punto de prensa organizado por AGRUPAYSEN y ACUIPROV, expresando su rechazo un\u00e1nime hacia la solicitud de las Espacios Mar\u00edtimos Costeros para Pueblos Originarios (EMCPOs) y la preocupante implementaci\u00f3n de la Ley Lafkenche.<\/p>\n<p style=\"text-align: justify;\">La sesi\u00f3n, que se extendi\u00f3 por casi dos horas, cont\u00f3 con la participaci\u00f3n activa de una amplia representaci\u00f3n del sector acu\u00edcola y pesquero, manifestando su preocupaci\u00f3n por el impacto negativo que la aprobaci\u00f3n de las EMCPOs tendr\u00eda sobre el empleo y la econom\u00eda regional. Entre los asistentes que tomaron el micr\u00f3fono para expresar su posici\u00f3n, estaban presentes ACUIPROV, AGRUPAYSEN, CORPAYSEN, Grupo de Sindicato de Pescadores de Pto. Aguirre y Vecinos, Sindicato STI El Pitico (Pto. Cisnes), Sindicato STI La Uni\u00f3n (Pto. Cisnes), Sindicato STI Pto. Gala y Junta de Vecinos, Sindicato STI Esfuerzo Moraleda (Pto. Gala), Sindicato de Trabajadores MOWI, Multisindical de Trabajadores del Salm\u00f3n, Pesquero y Ramas Afines (Bio Bio a Magallanes), Sindicato 2 Aquachile, Sindicato de Tripulantes de la Marina Mercante, Sindicato de Trabajadores Friosur, Sindicato 2 de Trabajadores de Salmones Camaanchaca (Tom\u00e9-Ays\u00e9n), Sindicato de Mujeres, Sindicato de Trabajadores 4 Yadran (Chilo\u00e9), Sindicato Interempresa Salmones Austral, y Sindicato de Trabajadores de MOWI.<\/p>\n<p style=\"text-align: justify;\">Con presencia\u00a0 de medios de comunicaci\u00f3n locales, el evento ha servido como plataforma para los gremios y la comunidad para expresar sus preocupaciones sobre las implicaciones de la Ley Lafkenche y las solicitudes de EMCPO que, de aprobarse, asignar\u00edan m\u00e1s de 600 mil hect\u00e1reas de mar a la administraci\u00f3n de apenas dos comunidades ind\u00edgenas, constituidas por alrededor de 30 personas.<\/p>\n<p style=\"text-align: justify;\">La declaraci\u00f3n p\u00fablica emitida es un llamado al rechazo un\u00e1nime de las solicitudes de EMCPO, fundamentado en la exclusi\u00f3n y el manejo unilateral del proceso por parte del Gobierno Regional de Ays\u00e9n, la obstrucci\u00f3n directa al desarrollo sostenible de la regi\u00f3n, y la promoci\u00f3n de conflictos inducidos por intereses minoritarios respaldados por ciertas ONGs. Los gremios destacan la falta de transparencia, la desproporci\u00f3n de las \u00e1reas solicitadas frente a la peque\u00f1a cantidad de beneficiarios, y la intenci\u00f3n expl\u00edcita de algunos solicitantes de perjudicar a la industria salmonera. Esta postura se basa en la convicci\u00f3n de que la aprobaci\u00f3n de las EMCPO tendr\u00eda efectos devastadores, no solo para la industria sino para toda la estructura socioecon\u00f3mica de Ays\u00e9n, privilegiando a unos pocos en detrimento del bienestar de miles.<\/p>\n<p style=\"text-align: justify;\">En la ocasi\u00f3n, Katia Inostroza, Presidenta de ACUIPROV, declar\u00f3: \u00abLo que est\u00e1 en juego aqu\u00ed no es solo el futuro de la industria salmonera, sino el de todas las actividades econ\u00f3micas y comunidades que dependen de un acceso equitativo y sostenible al mar. Rechazamos rotundamente las solicitudes de EMCPO por ser desproporcionadas y por el proceso viciado que las ha caracterizado. Exigimos a la CRUBC y a la gobernadora regional que act\u00faen con responsabilidad y rechacen estas solicitudes en la votaci\u00f3n de ma\u00f1ana.\u00bb<\/p>\n<p style=\"text-align: justify;\">La votaci\u00f3n de la CRUBC, programada para ma\u00f1ana, se presenta como un momento decisivo para el futuro de Ays\u00e9n y sus comunidades. Los gremios y la comunidad en general esperan que prevalezca la justicia y el sentido com\u00fan, rechazando las solicitudes de EMCPO y abriendo el camino hacia una gesti\u00f3n costera que beneficie a todos.<\/p>\n<p style=\"text-align: justify;\"><strong>Unidos por la Defensa de Nuestro Maritorio: \u201cConvocatoria a la Comunidad de Ays\u00e9n\u00bb<\/strong><\/p>\n<p style=\"text-align: justify;\">Los gremios AGRUPAYSEN, ACUIPROV, CORPAYSEN, junto a un amplio espectro de sindicatos y gremios de la Regi\u00f3n de Ays\u00e9n y sus alrededores, hacen un llamado abierto y urgente a toda la comunidad para que se sumen a la movilizaci\u00f3n decisiva este jueves 29.<\/p>\n<p style=\"text-align: justify;\">La caravana partir\u00e1 desde el Club de Huasos en Puerto Ays\u00e9n a las 11:00 hrs, dirigi\u00e9ndose hacia Coyhaique, espec\u00edficamente a Av. Ej\u00e9rcito 405, para manifestarse antes de la votaci\u00f3n cr\u00edtica programada para las 15:00 hrs. Este evento no solo representa una oportunidad para que la comunidad exprese su preocupaci\u00f3n y rechazo hacia las solicitudes ECMPO de Cisnes e Isla Huichas, sino que tambi\u00e9n subraya la importancia de unir fuerzas en defensa del maritorio regional, un recurso vital para el sustento y el futuro de las familias en Ays\u00e9n.<\/p>\n<p style=\"text-align: justify;\">La movilizaci\u00f3n de ma\u00f1ana es un llamado a la acci\u00f3n para todos los habitantes de Ays\u00e9n, demostrando un frente unido en la defensa de los intereses mar\u00edtimos regionales, la econom\u00eda local y la preservaci\u00f3n del modo de vida que define a esta comunidad. La presencia y participaci\u00f3n de cada individuo son cruciales en esta lucha por el futuro de Ays\u00e9n y su maritorio.<\/p>\n<\/div><\/section><\/div><div  style='height:50px' class='hr hr-invisible   avia-builder-el-6  el_after_av_one_full  el_before_av_social_share '><span class='hr-inner ' ><span class='hr-inner-style'><\/span><\/span><\/div><\/p>\n<div  class='av-social-sharing-box  avia-builder-el-7  el_after_av_hr  el_before_av_hr  '><div class='av-share-box'><h5 class='av-share-link-description av-no-toc '>Compartir esta noticia<\/h5><ul class='av-share-box-list noLightbox'><li class='av-share-link av-social-link-facebook' ><a target=\"_blank\" aria-label=\"Compartir en Facebook\" href='https:\/\/www.facebook.com\/sharer.php?u=https:\/\/radiorevelacionfm.cl\/?p=39903&#038;t=Gremios%20de%20Ays%C3%A9n%20exigen%20frenar%20solicitudes%20EMCPO%3A%20Un%20llamado%20a%20la%20justa%20aplicaci%C3%B3n%20de%20la%20Ley%20Lafkenche' aria-hidden='false' data-av_icon='\ue8f3' data-av_iconfont='entypo-fontello' title='' data-avia-related-tooltip='Compartir en Facebook' rel=\"noopener\"><span class='avia_hidden_link_text'>Compartir en Facebook<\/span><\/a><\/li><li class='av-share-link av-social-link-twitter' ><a target=\"_blank\" aria-label=\"Compartir en Twitter\" href='https:\/\/twitter.com\/share?text=Gremios%20de%20Ays%C3%A9n%20exigen%20frenar%20solicitudes%20EMCPO%3A%20Un%20llamado%20a%20la%20justa%20aplicaci%C3%B3n%20de%20la%20Ley%20Lafkenche&#038;url=https:\/\/radiorevelacionfm.cl\/?p=39903' aria-hidden='false' data-av_icon='\ue8f1' data-av_iconfont='entypo-fontello' title='' data-avia-related-tooltip='Compartir en Twitter' rel=\"noopener\"><span class='avia_hidden_link_text'>Compartir en Twitter<\/span><\/a><\/li><li class='av-share-link av-social-link-whatsapp' ><a target=\"_blank\" aria-label=\"Compartir en Whatsapp\" href='https:\/\/api.whatsapp.com\/send?text=https:\/\/radiorevelacionfm.cl\/?p=39903' aria-hidden='false' data-av_icon='\uf232' data-av_iconfont='entypo-fontello' title='' data-avia-related-tooltip='Compartir en Whatsapp' rel=\"noopener\"><span class='avia_hidden_link_text'>Compartir en Whatsapp<\/span><\/a><\/li><li class='av-share-link av-social-link-linkedin' ><a target=\"_blank\" aria-label=\"Compartir en LinkedIn\" href='https:\/\/linkedin.com\/shareArticle?mini=true&#038;title=Gremios%20de%20Ays%C3%A9n%20exigen%20frenar%20solicitudes%20EMCPO%3A%20Un%20llamado%20a%20la%20justa%20aplicaci%C3%B3n%20de%20la%20Ley%20Lafkenche&#038;url=https:\/\/radiorevelacionfm.cl\/?p=39903' aria-hidden='false' data-av_icon='\ue8fc' data-av_iconfont='entypo-fontello' title='' data-avia-related-tooltip='Compartir en LinkedIn' rel=\"noopener\"><span class='avia_hidden_link_text'>Compartir en LinkedIn<\/span><\/a><\/li><li class='av-share-link av-social-link-mail' ><a  aria-label=\"Compartir por correo\" href='mailto:?subject=Gremios%20de%20Ays%C3%A9n%20exigen%20frenar%20solicitudes%20EMCPO%3A%20Un%20llamado%20a%20la%20justa%20aplicaci%C3%B3n%20de%20la%20Ley%20Lafkenche&#038;body=https:\/\/radiorevelacionfm.cl\/?p=39903' aria-hidden='false' data-av_icon='\ue805' data-av_iconfont='entypo-fontello' title='' data-avia-related-tooltip='Compartir por correo'><span class='avia_hidden_link_text'>Compartir por correo<\/span><\/a><\/li><\/ul><\/div><\/div>\n<div  style='height:50px' class='hr hr-invisible   avia-builder-el-8  el_after_av_social_share  el_before_av_comments_list '><span class='hr-inner ' ><span class='hr-inner-style'><\/span><\/span><\/div>\n<div  class='av-buildercomment  av-blog-meta-html-info-disabled av-blog-meta-tag-disabled  '><\/div>\n","protected":false},"excerpt":{"rendered":"","protected":false},"author":1,"featured_media":39904,"comment_status":"open","ping_status":"open","sticky":false,"template":"","format":"standard","meta":{"footnotes":""},"categories":[38],"tags":[],"class_list":["post-39903","post","type-post","status-publish","format-standard","has-post-thumbnail","hentry","category-regional"],"jetpack_featured_media_url":"https:\/\/radiorevelacionfm.cl\/wp-content\/uploads\/2024\/02\/NO-A-LA-ECMPO-1-1.jpeg","_links":{"self":[{"href":"https:\/\/radiorevelacionfm.cl\/index.php?rest_route=\/wp\/v2\/posts\/39903","targetHints":{"allow":["GET"]}}],"collection":[{"href":"https:\/\/radiorevelacionfm.cl\/index.php?rest_route=\/wp\/v2\/posts"}],"about":[{"href":"https:\/\/radiorevelacionfm.cl\/index.php?rest_route=\/wp\/v2\/types\/post"}],"author":[{"embeddable":true,"href":"https:\/\/radiorevelacionfm.cl\/index.php?rest_route=\/wp\/v2\/users\/1"}],"replies":[{"embeddable":true,"href":"https:\/\/radiorevelacionfm.cl\/index.php?rest_route=%2Fwp%2Fv2%2Fcomments&post=39903"}],"version-history":[{"count":1,"href":"https:\/\/radiorevelacionfm.cl\/index.php?rest_route=\/wp\/v2\/posts\/39903\/revisions"}],"predecessor-version":[{"id":39905,"href":"https:\/\/radiorevelacionfm.cl\/index.php?rest_route=\/wp\/v2\/posts\/39903\/revisions\/39905"}],"wp:featuredmedia":[{"embeddable":true,"href":"https:\/\/radiorevelacionfm.cl\/index.php?rest_route=\/wp\/v2\/media\/39904"}],"wp:attachment":[{"href":"https:\/\/radiorevelacionfm.cl\/index.php?rest_route=%2Fwp%2Fv2%2Fmedia&parent=39903"}],"wp:term":[{"taxonomy":"category","embeddable":true,"href":"https:\/\/radiorevelacionfm.cl\/index.php?rest_route=%2Fwp%2Fv2%2Fcategories&post=39903"},{"taxonomy":"post_tag","embeddable":true,"href":"https:\/\/radiorevelacionfm.cl\/index.php?rest_route=%2Fwp%2Fv2%2Ftags&post=39903"}],"curies":[{"name":"wp","href":"https:\/\/api.w.org\/{rel}","templated":true}]}}