{"id":39899,"date":"2024-02-28T18:37:10","date_gmt":"2024-02-28T21:37:10","guid":{"rendered":"https:\/\/radiorevelacionfm.cl\/?p=39899"},"modified":"2024-02-28T18:41:54","modified_gmt":"2024-02-28T21:41:54","slug":"conmemoracion-del-mes-de-la-mujer-reunira-danza-yoga-musica-y-emprendimiento-en-coyhaique","status":"publish","type":"post","link":"https:\/\/radiorevelacionfm.cl\/?p=39899","title":{"rendered":"Conmemoraci\u00f3n del Mes de la Mujer reunir\u00e1 danza, yoga, m\u00fasica y emprendimiento en Coyhaique"},"content":{"rendered":"<div class=\"flex_column av_one_full  flex_column_div av-zero-column-padding first  avia-builder-el-0  el_before_av_one_full  avia-builder-el-first  \" style='border-radius:0px; '><div  class='avia-image-container  av-styling-    avia-builder-el-1  avia-builder-el-no-sibling  avia-align-center '  itemprop=\"image\" itemscope=\"itemscope\" itemtype=\"https:\/\/schema.org\/ImageObject\"  ><div class='avia-image-container-inner'><div class='avia-image-overlay-wrap'><img decoding=\"async\" class='wp-image-39900 avia-img-lazy-loading-not-39900 avia_image' src=\"https:\/\/radiorevelacionfm.cl\/wp-content\/uploads\/2024\/02\/CMM-FOSIS-INDH-1-1.jpeg\" alt='' title='CMM FOSIS-INDH (1) (1)' height=\"600\" width=\"424\"  itemprop=\"thumbnailUrl\" srcset=\"https:\/\/radiorevelacionfm.cl\/wp-content\/uploads\/2024\/02\/CMM-FOSIS-INDH-1-1.jpeg 424w, https:\/\/radiorevelacionfm.cl\/wp-content\/uploads\/2024\/02\/CMM-FOSIS-INDH-1-1-212x300.jpeg 212w\" sizes=\"(max-width: 424px) 100vw, 424px\" \/><\/div><\/div><\/div><\/div><div class=\"flex_column av_one_full  flex_column_div av-zero-column-padding first  avia-builder-el-2  el_after_av_one_full  el_before_av_one_full  column-top-margin\" style='border-radius:0px; '><section class=\"av_textblock_section \"  itemscope=\"itemscope\" itemtype=\"https:\/\/schema.org\/BlogPosting\" itemprop=\"blogPost\" ><div class='avia_textblock  '   itemprop=\"text\" ><p style=\"text-align: center;\"><strong><span style=\"font-size: 18pt;\">Conmemoraci\u00f3n del Mes de la Mujer reunir\u00e1 danza, yoga, m\u00fasica y emprendimiento en Coyhaique<\/span><\/strong><\/p>\n<div id=\"gtx-trans\" style=\"position: absolute; left: -50px; top: 4.31534px;\">\n<div class=\"gtx-trans-icon\"><\/div>\n<\/div>\n<\/div><\/section><\/div><div class=\"flex_column av_one_full  flex_column_div av-zero-column-padding first  avia-builder-el-4  el_after_av_one_full  el_before_av_hr  column-top-margin\" style='border-radius:0px; '><section class=\"av_textblock_section \"  itemscope=\"itemscope\" itemtype=\"https:\/\/schema.org\/BlogPosting\" itemprop=\"blogPost\" ><div class='avia_textblock  '   itemprop=\"text\" ><p style=\"text-align: justify;\">El Instituto Nacional de Derechos Humanos, INDH, y el Fondo de Solidaridad e Inversi\u00f3n Social, FOSIS, est\u00e1n invitando a participar de esta iniciativa que busca favorecer el desarrollo de un espacio social de sensibilizaci\u00f3n, visibilizaci\u00f3n e interacci\u00f3n comunitaria, que permita reconocer y valorar el rol de la mujer como sujeta de derechos y agente de cambio social.<\/p>\n<p style=\"text-align: justify;\">El evento, que se realizar\u00e1 este viernes 1 de marzo a partir de las 10:00 horas en la Plaza Rel\u00e1mpago de Coyhaique (frente al Consultorio Alejandro Guti\u00e9rrez), contempla un programa de actividades dirigidas a las mujeres con danza, yoga, m\u00fasica y emprendimiento, que se extender\u00e1 hasta las 18:00 horas.<\/p>\n<p style=\"text-align: justify;\">La programaci\u00f3n incluye instancias orientadas al cuidado de la salud mental y f\u00edsica, donde participar\u00e1n Casa Shanti, Noctem Tribal y Bel\u00e9n Saldivia.\u2028Esta jornada contar\u00e1 con una feria de emprendimiento y un espacio informativo con stands de organizaciones de la sociedad civil y servicios p\u00fablicos, todos relacionados al desarrollo integral de las mujeres.<\/p>\n<p style=\"text-align: justify;\">El Jefe Regional del INDH, Joaqu\u00edn Bizama, asegur\u00f3 que \u201ccon esta actividad queremos sensibilizar y visibilizar el rol que ha tenido la mujer como sujeta de derecho y agente de cambio social en todas las etapas de nuestro pa\u00eds. A trav\u00e9s de esta visibilizaci\u00f3n vamos reconociendo el rol que han tenido, vamos empoderando a las generaciones futuras de mujeres para que sigan en esta lucha por la equidad e igualdad de derechos entre hombres y mujeres, sin ning\u00fan tipo de discriminaci\u00f3n\u201d.<\/p>\n<p style=\"text-align: justify;\">Fernanda Leiva, Directora Regional del FOSIS, destac\u00f3 que \u00abtendremos espacios hechos por y para mujeres con \u00e9nfasis en salud mental y f\u00edsica con actividades de yoga, danza, m\u00fasica y espacio para emprendimientos hechos por mujeres. Como FOSIS y por mandato del Presidente Gabriel Boric, mantenemos y reforzamos nuestro compromiso con la generaci\u00f3n y apertura de espacios para fomentar la autonom\u00eda econ\u00f3mica de las mujeres\u00bb.<\/p>\n<p style=\"text-align: justify;\">En esta especial jornada, enmarcada en la conmemoraci\u00f3n del mes de la mujer, estar\u00e1n presentes PRODEMU, la Ilustre Municipalidad de Coyhaique, CESFAM Consultorio Alejandro Guti\u00e9rrez, INDH y FOSIS. Aguas Patagonia dispondr\u00e1 de un punto de hidrataci\u00f3n durante toda la jornada.<\/p>\n<\/div><\/section><\/div><div  style='height:50px' class='hr hr-invisible   avia-builder-el-6  el_after_av_one_full  el_before_av_social_share '><span class='hr-inner ' ><span class='hr-inner-style'><\/span><\/span><\/div><\/p>\n<div  class='av-social-sharing-box  avia-builder-el-7  el_after_av_hr  el_before_av_hr  '><div class='av-share-box'><h5 class='av-share-link-description av-no-toc '>Compartir esta noticia<\/h5><ul class='av-share-box-list noLightbox'><li class='av-share-link av-social-link-facebook' ><a target=\"_blank\" aria-label=\"Compartir en Facebook\" href='https:\/\/www.facebook.com\/sharer.php?u=https:\/\/radiorevelacionfm.cl\/?p=39899&#038;t=Conmemoraci%C3%B3n%20del%20Mes%20de%20la%20Mujer%20reunir%C3%A1%20danza%2C%20yoga%2C%20m%C3%BAsica%20y%20emprendimiento%20en%20Coyhaique' aria-hidden='false' data-av_icon='\ue8f3' data-av_iconfont='entypo-fontello' title='' data-avia-related-tooltip='Compartir en Facebook' rel=\"noopener\"><span class='avia_hidden_link_text'>Compartir en Facebook<\/span><\/a><\/li><li class='av-share-link av-social-link-twitter' ><a target=\"_blank\" aria-label=\"Compartir en Twitter\" href='https:\/\/twitter.com\/share?text=Conmemoraci%C3%B3n%20del%20Mes%20de%20la%20Mujer%20reunir%C3%A1%20danza%2C%20yoga%2C%20m%C3%BAsica%20y%20emprendimiento%20en%20Coyhaique&#038;url=https:\/\/radiorevelacionfm.cl\/?p=39899' aria-hidden='false' data-av_icon='\ue8f1' data-av_iconfont='entypo-fontello' title='' data-avia-related-tooltip='Compartir en Twitter' rel=\"noopener\"><span class='avia_hidden_link_text'>Compartir en Twitter<\/span><\/a><\/li><li class='av-share-link av-social-link-whatsapp' ><a target=\"_blank\" aria-label=\"Compartir en Whatsapp\" href='https:\/\/api.whatsapp.com\/send?text=https:\/\/radiorevelacionfm.cl\/?p=39899' aria-hidden='false' data-av_icon='\uf232' data-av_iconfont='entypo-fontello' title='' data-avia-related-tooltip='Compartir en Whatsapp' rel=\"noopener\"><span class='avia_hidden_link_text'>Compartir en Whatsapp<\/span><\/a><\/li><li class='av-share-link av-social-link-linkedin' ><a target=\"_blank\" aria-label=\"Compartir en LinkedIn\" href='https:\/\/linkedin.com\/shareArticle?mini=true&#038;title=Conmemoraci%C3%B3n%20del%20Mes%20de%20la%20Mujer%20reunir%C3%A1%20danza%2C%20yoga%2C%20m%C3%BAsica%20y%20emprendimiento%20en%20Coyhaique&#038;url=https:\/\/radiorevelacionfm.cl\/?p=39899' aria-hidden='false' data-av_icon='\ue8fc' data-av_iconfont='entypo-fontello' title='' data-avia-related-tooltip='Compartir en LinkedIn' rel=\"noopener\"><span class='avia_hidden_link_text'>Compartir en LinkedIn<\/span><\/a><\/li><li class='av-share-link av-social-link-mail' ><a  aria-label=\"Compartir por correo\" href='mailto:?subject=Conmemoraci%C3%B3n%20del%20Mes%20de%20la%20Mujer%20reunir%C3%A1%20danza%2C%20yoga%2C%20m%C3%BAsica%20y%20emprendimiento%20en%20Coyhaique&#038;body=https:\/\/radiorevelacionfm.cl\/?p=39899' aria-hidden='false' data-av_icon='\ue805' data-av_iconfont='entypo-fontello' title='' data-avia-related-tooltip='Compartir por correo'><span class='avia_hidden_link_text'>Compartir por correo<\/span><\/a><\/li><\/ul><\/div><\/div>\n<div  style='height:50px' class='hr hr-invisible   avia-builder-el-8  el_after_av_social_share  el_before_av_comments_list '><span class='hr-inner ' ><span class='hr-inner-style'><\/span><\/span><\/div>\n<div  class='av-buildercomment  av-blog-meta-html-info-disabled av-blog-meta-tag-disabled  '><\/div>\n","protected":false},"excerpt":{"rendered":"","protected":false},"author":1,"featured_media":39901,"comment_status":"open","ping_status":"open","sticky":false,"template":"","format":"standard","meta":{"footnotes":""},"categories":[38],"tags":[],"class_list":["post-39899","post","type-post","status-publish","format-standard","has-post-thumbnail","hentry","category-regional"],"jetpack_featured_media_url":"https:\/\/radiorevelacionfm.cl\/wp-content\/uploads\/2024\/02\/cmm-fosis-indh-2_optimized.jpeg","_links":{"self":[{"href":"https:\/\/radiorevelacionfm.cl\/index.php?rest_route=\/wp\/v2\/posts\/39899","targetHints":{"allow":["GET"]}}],"collection":[{"href":"https:\/\/radiorevelacionfm.cl\/index.php?rest_route=\/wp\/v2\/posts"}],"about":[{"href":"https:\/\/radiorevelacionfm.cl\/index.php?rest_route=\/wp\/v2\/types\/post"}],"author":[{"embeddable":true,"href":"https:\/\/radiorevelacionfm.cl\/index.php?rest_route=\/wp\/v2\/users\/1"}],"replies":[{"embeddable":true,"href":"https:\/\/radiorevelacionfm.cl\/index.php?rest_route=%2Fwp%2Fv2%2Fcomments&post=39899"}],"version-history":[{"count":1,"href":"https:\/\/radiorevelacionfm.cl\/index.php?rest_route=\/wp\/v2\/posts\/39899\/revisions"}],"predecessor-version":[{"id":39902,"href":"https:\/\/radiorevelacionfm.cl\/index.php?rest_route=\/wp\/v2\/posts\/39899\/revisions\/39902"}],"wp:featuredmedia":[{"embeddable":true,"href":"https:\/\/radiorevelacionfm.cl\/index.php?rest_route=\/wp\/v2\/media\/39901"}],"wp:attachment":[{"href":"https:\/\/radiorevelacionfm.cl\/index.php?rest_route=%2Fwp%2Fv2%2Fmedia&parent=39899"}],"wp:term":[{"taxonomy":"category","embeddable":true,"href":"https:\/\/radiorevelacionfm.cl\/index.php?rest_route=%2Fwp%2Fv2%2Fcategories&post=39899"},{"taxonomy":"post_tag","embeddable":true,"href":"https:\/\/radiorevelacionfm.cl\/index.php?rest_route=%2Fwp%2Fv2%2Ftags&post=39899"}],"curies":[{"name":"wp","href":"https:\/\/api.w.org\/{rel}","templated":true}]}}