{"id":39896,"date":"2024-02-28T15:37:07","date_gmt":"2024-02-28T18:37:07","guid":{"rendered":"https:\/\/radiorevelacionfm.cl\/?p=39896"},"modified":"2024-02-28T15:37:07","modified_gmt":"2024-02-28T18:37:07","slug":"abren-postulaciones-al-fondo-de-fortalecimiento-de-organizaciones-de-interes-publico-ffoip-2024","status":"publish","type":"post","link":"https:\/\/radiorevelacionfm.cl\/?p=39896","title":{"rendered":"Abren postulaciones al Fondo de Fortalecimiento de Organizaciones de Inter\u00e9s P\u00fablico, FFOIP 2024"},"content":{"rendered":"<div class=\"flex_column av_one_full  flex_column_div av-zero-column-padding first  avia-builder-el-0  el_before_av_one_full  avia-builder-el-first  \" style='border-radius:0px; '><div  class='avia-image-container  av-styling-    avia-builder-el-1  avia-builder-el-no-sibling  avia-align-center '  itemprop=\"image\" itemscope=\"itemscope\" itemtype=\"https:\/\/schema.org\/ImageObject\"  ><div class='avia-image-container-inner'><div class='avia-image-overlay-wrap'><img decoding=\"async\" class='wp-image-39897 avia-img-lazy-loading-not-39897 avia_image' src=\"https:\/\/radiorevelacionfm.cl\/wp-content\/uploads\/2024\/02\/ffoip-2-1_optimized.jpeg\" alt='' title='ffoip-2-(1)_optimized' height=\"600\" width=\"900\"  itemprop=\"thumbnailUrl\" srcset=\"https:\/\/radiorevelacionfm.cl\/wp-content\/uploads\/2024\/02\/ffoip-2-1_optimized.jpeg 900w, https:\/\/radiorevelacionfm.cl\/wp-content\/uploads\/2024\/02\/ffoip-2-1_optimized-300x200.jpeg 300w, https:\/\/radiorevelacionfm.cl\/wp-content\/uploads\/2024\/02\/ffoip-2-1_optimized-768x512.jpeg 768w, https:\/\/radiorevelacionfm.cl\/wp-content\/uploads\/2024\/02\/ffoip-2-1_optimized-705x470.jpeg 705w, https:\/\/radiorevelacionfm.cl\/wp-content\/uploads\/2024\/02\/ffoip-2-1_optimized-450x300.jpeg 450w, https:\/\/radiorevelacionfm.cl\/wp-content\/uploads\/2024\/02\/ffoip-2-1_optimized-600x400.jpeg 600w\" sizes=\"(max-width: 900px) 100vw, 900px\" \/><\/div><\/div><\/div><\/div><div class=\"flex_column av_one_full  flex_column_div av-zero-column-padding first  avia-builder-el-2  el_after_av_one_full  el_before_av_one_full  column-top-margin\" style='border-radius:0px; '><section class=\"av_textblock_section \"  itemscope=\"itemscope\" itemtype=\"https:\/\/schema.org\/BlogPosting\" itemprop=\"blogPost\" ><div class='avia_textblock  '   itemprop=\"text\" ><p style=\"text-align: center;\"><strong><span style=\"font-size: 18pt;\">Abren postulaciones al Fondo de Fortalecimiento de Organizaciones de Inter\u00e9s P\u00fablico, FFOIP 2024<\/span><\/strong><\/p>\n<div id=\"gtx-trans\" style=\"position: absolute; left: -50px; top: 4.31534px;\">\n<div class=\"gtx-trans-icon\"><\/div>\n<\/div>\n<\/div><\/section><\/div><div class=\"flex_column av_one_full  flex_column_div av-zero-column-padding first  avia-builder-el-4  el_after_av_one_full  el_before_av_hr  column-top-margin\" style='border-radius:0px; '><section class=\"av_textblock_section \"  itemscope=\"itemscope\" itemtype=\"https:\/\/schema.org\/BlogPosting\" itemprop=\"blogPost\" ><div class='avia_textblock  '   itemprop=\"text\" ><p style=\"text-align: justify;\"><em>Una novedad de este fondo en su versi\u00f3n 2024, es la incorporaci\u00f3n de una nueva l\u00ednea para financiar proyectos de organizaciones que trabajen con ni\u00f1os, ni\u00f1as y adolescentes.<\/em><\/p>\n<p style=\"text-align: justify;\">Un total de $1.586 millones de pesos, un 18% m\u00e1s que el a\u00f1o pasado, ofrece en su versi\u00f3n 2024 el Fondo de Fortalecimiento de Organizaciones de Inter\u00e9s P\u00fablico (FFIOP) del Ministerio Secretar\u00eda General de Gobierno. Bajo el eslogan \u201cLa fuerza de las ideas mueve\u201d, este fondo concursable tiene por objetivo apoyar el trabajo de organizaciones sociales que trabajen en la promoci\u00f3n de derechos ciudadanos, equidad de g\u00e9nero, asistencia social, educaci\u00f3n, salud, medio ambiente y otras tem\u00e1ticas. La convocatoria estar\u00e1 abierta hasta el <strong>12 de abril para postulaciones en papel y hasta el 22 del mismo mes para postulaciones digitales.<\/strong><\/p>\n<p style=\"text-align: justify;\">Las organizaciones podr\u00e1n acceder a un m\u00e1ximo de $2 millones cuando se trate de proyectos locales (una comuna), $4 millones para aquellos de car\u00e1cter regional (dos o m\u00e1s comunas de una misma regi\u00f3n) y un l\u00edmite de $10 millones para iniciativas de alcance nacional (m\u00e1s de una regi\u00f3n).<\/p>\n<p style=\"text-align: justify;\">La ministra vocera, Camila Vallejo, destac\u00f3 que \u201c<em>como lo hemos visto en las \u00faltimas semanas, las organizaciones sociales cumplen un rol insustituible en nuestra sociedad. Son puntos de encuentro, de creaci\u00f3n de lazos y tambi\u00e9n de apoyo y solidaridad entre las personas y las comunidades, especialmente en momentos adversos como los que vivimos. Su trabajo es fundamental para el desarrollo de nuestra sociedad y nuestra democracia. Por eso, con este fondo queremos seguir apoyando el fortalecimiento y desarrollo de estas organizaciones\u201d.<\/em><\/p>\n<p style=\"text-align: justify;\">Los proyectos deber\u00e1n enfocarse en promover los derechos humanos, el enfoque de g\u00e9nero o tener un impacto concreto en el territorio. Adem\u00e1s, este a\u00f1o, por primera vez y gracias a una alianza con la Subsecretar\u00eda de la Ni\u00f1ez, el FFOIP contempla una l\u00ednea tem\u00e1tica para el fortalecimiento de la participaci\u00f3n ciudadana de ni\u00f1os, ni\u00f1as y adolescentes. Esta l\u00ednea cuenta con un presupuesto de $180 millones de pesos dirigido a organizaciones que desarrollen proyectos a nivel local para promover la participaci\u00f3n social y comunitaria de personas menores de 18 a\u00f1os.<\/p>\n<p style=\"text-align: justify;\">La subsecretaria general de Gobierno, Nicole Cardoch, afirm\u00f3 que \u201c<em>los ni\u00f1os, ni\u00f1as y adolescentes no son el futuro de Chile, sino su presente. Por eso, queremos apoyar los proyectos de organizaciones sociales que hoy est\u00e1n trabajando para que ellos y ellas tengan un papel activo en la construcci\u00f3n de nuestra sociedad, de las pol\u00edticas p\u00fablicas y de nuestras comunidades. Sus voces y acciones son fundamentales para fortalecer nuestra democracia\u201d<\/em>.<\/p>\n<p style=\"text-align: justify;\">\u201c<em>Como Ministerio Secretar\u00eda General de Gobierno nos alegra poder lanzar una nueva versi\u00f3n del Fondo de Fortalecimiento de Organizaciones de Inter\u00e9s P\u00fablico, FFOIP, en nuestra querida regi\u00f3n de Ays\u00e9n. Este a\u00f1o 2024 tenemos varias novedades positivas, entre las que destacamos el incremento de un 18% m\u00e1s de presupuesto para apoyar a m\u00e1s iniciativas que le hagan bien a nuestros barrios, ciudades y comunidades. Tambi\u00e9n recalcamos la nueva l\u00ednea de financiamiento que tenemos este a\u00f1o para proyectos dirigidos a ni\u00f1as, ni\u00f1os y adolescentes de nuestra regi\u00f3n, buscando as\u00ed fortalecer la inclusi\u00f3n de las personas menores de 18 a\u00f1os como ciudadanos activos, presentes y con voz propia\u201d<\/em> asever\u00f3 <strong>Tatiana Pl\u00e1, seremi de Gobierno de Ays\u00e9n. <\/strong><\/p>\n<p style=\"text-align: justify;\">La Secretaria Regional Ministerial de Gobierno, tambi\u00e9n relev\u00f3 que este a\u00f1o se han elevado los est\u00e1ndares de transparencia y probidad. \u201c<em>Por este motivo es que en las bases del concurso de este a\u00f1o incluimos nuevos requisitos que antes no ped\u00edamos, como por ejemplo, que las organizaciones postulantes acrediten una antig\u00fcedad de al menos dos a\u00f1os. As\u00ed, prevenimos que postulen organizaciones creadas circunstancialmente para percibir estos recursos p\u00fablicos\u201d<\/em>, expres\u00f3.<\/p>\n<p style=\"text-align: justify;\">En su versi\u00f3n 2023, el FFOIP benefici\u00f3 a 641 organizaciones, luego de una rigurosa evaluaci\u00f3n por parte de los equipos t\u00e9cnicos del Ministerio Secretar\u00eda General de Gobierno. La adjudicaci\u00f3n de recursos fue realizada por los consejos nacional y regional del FFOIP, conformados por representantes de la sociedad civil, los gobiernos regionales y los ministerios de Desarrollo Social y Hacienda.<\/p>\n<p style=\"text-align: justify;\">Las bases y postulaciones al FFOIP 2024 est\u00e1n disponibles en <a href=\"http:\/\/www.fondodefortalecimiento.gob.cl\">www.fondodefortalecimiento.gob.cl<\/a><\/p>\n<p style=\"text-align: justify;\"><strong>\u00a0<\/strong><\/p>\n<\/div><\/section><\/div><div  style='height:50px' class='hr hr-invisible   avia-builder-el-6  el_after_av_one_full  el_before_av_social_share '><span class='hr-inner ' ><span class='hr-inner-style'><\/span><\/span><\/div><\/p>\n<div  class='av-social-sharing-box  avia-builder-el-7  el_after_av_hr  el_before_av_hr  '><div class='av-share-box'><h5 class='av-share-link-description av-no-toc '>Compartir esta noticia<\/h5><ul class='av-share-box-list noLightbox'><li class='av-share-link av-social-link-facebook' ><a target=\"_blank\" aria-label=\"Compartir en Facebook\" href='https:\/\/www.facebook.com\/sharer.php?u=https:\/\/radiorevelacionfm.cl\/?p=39896&#038;t=Abren%20postulaciones%20al%20Fondo%20de%20Fortalecimiento%20de%20Organizaciones%20de%20Inter%C3%A9s%20P%C3%BAblico%2C%20FFOIP%202024' aria-hidden='false' data-av_icon='\ue8f3' data-av_iconfont='entypo-fontello' title='' data-avia-related-tooltip='Compartir en Facebook' rel=\"noopener\"><span class='avia_hidden_link_text'>Compartir en Facebook<\/span><\/a><\/li><li class='av-share-link av-social-link-twitter' ><a target=\"_blank\" aria-label=\"Compartir en Twitter\" href='https:\/\/twitter.com\/share?text=Abren%20postulaciones%20al%20Fondo%20de%20Fortalecimiento%20de%20Organizaciones%20de%20Inter%C3%A9s%20P%C3%BAblico%2C%20FFOIP%202024&#038;url=https:\/\/radiorevelacionfm.cl\/?p=39896' aria-hidden='false' data-av_icon='\ue8f1' data-av_iconfont='entypo-fontello' title='' data-avia-related-tooltip='Compartir en Twitter' rel=\"noopener\"><span class='avia_hidden_link_text'>Compartir en Twitter<\/span><\/a><\/li><li class='av-share-link av-social-link-whatsapp' ><a target=\"_blank\" aria-label=\"Compartir en Whatsapp\" href='https:\/\/api.whatsapp.com\/send?text=https:\/\/radiorevelacionfm.cl\/?p=39896' aria-hidden='false' data-av_icon='\uf232' data-av_iconfont='entypo-fontello' title='' data-avia-related-tooltip='Compartir en Whatsapp' rel=\"noopener\"><span class='avia_hidden_link_text'>Compartir en Whatsapp<\/span><\/a><\/li><li class='av-share-link av-social-link-linkedin' ><a target=\"_blank\" aria-label=\"Compartir en LinkedIn\" href='https:\/\/linkedin.com\/shareArticle?mini=true&#038;title=Abren%20postulaciones%20al%20Fondo%20de%20Fortalecimiento%20de%20Organizaciones%20de%20Inter%C3%A9s%20P%C3%BAblico%2C%20FFOIP%202024&#038;url=https:\/\/radiorevelacionfm.cl\/?p=39896' aria-hidden='false' data-av_icon='\ue8fc' data-av_iconfont='entypo-fontello' title='' data-avia-related-tooltip='Compartir en LinkedIn' rel=\"noopener\"><span class='avia_hidden_link_text'>Compartir en LinkedIn<\/span><\/a><\/li><li class='av-share-link av-social-link-mail' ><a  aria-label=\"Compartir por correo\" href='mailto:?subject=Abren%20postulaciones%20al%20Fondo%20de%20Fortalecimiento%20de%20Organizaciones%20de%20Inter%C3%A9s%20P%C3%BAblico%2C%20FFOIP%202024&#038;body=https:\/\/radiorevelacionfm.cl\/?p=39896' aria-hidden='false' data-av_icon='\ue805' data-av_iconfont='entypo-fontello' title='' data-avia-related-tooltip='Compartir por correo'><span class='avia_hidden_link_text'>Compartir por correo<\/span><\/a><\/li><\/ul><\/div><\/div>\n<div  style='height:50px' class='hr hr-invisible   avia-builder-el-8  el_after_av_social_share  el_before_av_comments_list '><span class='hr-inner ' ><span class='hr-inner-style'><\/span><\/span><\/div>\n<div  class='av-buildercomment  av-blog-meta-html-info-disabled av-blog-meta-tag-disabled  '><\/div>\n","protected":false},"excerpt":{"rendered":"","protected":false},"author":1,"featured_media":39897,"comment_status":"open","ping_status":"open","sticky":false,"template":"","format":"standard","meta":{"footnotes":""},"categories":[38],"tags":[],"class_list":["post-39896","post","type-post","status-publish","format-standard","has-post-thumbnail","hentry","category-regional"],"jetpack_featured_media_url":"https:\/\/radiorevelacionfm.cl\/wp-content\/uploads\/2024\/02\/ffoip-2-1_optimized.jpeg","_links":{"self":[{"href":"https:\/\/radiorevelacionfm.cl\/index.php?rest_route=\/wp\/v2\/posts\/39896","targetHints":{"allow":["GET"]}}],"collection":[{"href":"https:\/\/radiorevelacionfm.cl\/index.php?rest_route=\/wp\/v2\/posts"}],"about":[{"href":"https:\/\/radiorevelacionfm.cl\/index.php?rest_route=\/wp\/v2\/types\/post"}],"author":[{"embeddable":true,"href":"https:\/\/radiorevelacionfm.cl\/index.php?rest_route=\/wp\/v2\/users\/1"}],"replies":[{"embeddable":true,"href":"https:\/\/radiorevelacionfm.cl\/index.php?rest_route=%2Fwp%2Fv2%2Fcomments&post=39896"}],"version-history":[{"count":1,"href":"https:\/\/radiorevelacionfm.cl\/index.php?rest_route=\/wp\/v2\/posts\/39896\/revisions"}],"predecessor-version":[{"id":39898,"href":"https:\/\/radiorevelacionfm.cl\/index.php?rest_route=\/wp\/v2\/posts\/39896\/revisions\/39898"}],"wp:featuredmedia":[{"embeddable":true,"href":"https:\/\/radiorevelacionfm.cl\/index.php?rest_route=\/wp\/v2\/media\/39897"}],"wp:attachment":[{"href":"https:\/\/radiorevelacionfm.cl\/index.php?rest_route=%2Fwp%2Fv2%2Fmedia&parent=39896"}],"wp:term":[{"taxonomy":"category","embeddable":true,"href":"https:\/\/radiorevelacionfm.cl\/index.php?rest_route=%2Fwp%2Fv2%2Fcategories&post=39896"},{"taxonomy":"post_tag","embeddable":true,"href":"https:\/\/radiorevelacionfm.cl\/index.php?rest_route=%2Fwp%2Fv2%2Ftags&post=39896"}],"curies":[{"name":"wp","href":"https:\/\/api.w.org\/{rel}","templated":true}]}}