{"id":39893,"date":"2024-02-28T13:42:43","date_gmt":"2024-02-28T16:42:43","guid":{"rendered":"https:\/\/radiorevelacionfm.cl\/?p=39893"},"modified":"2024-02-28T13:42:43","modified_gmt":"2024-02-28T16:42:43","slug":"destacamento-motorizado-n14-aysen-invita-a-los-jovenes-a-inscribirse-en-el-servicio-militar","status":"publish","type":"post","link":"https:\/\/radiorevelacionfm.cl\/?p=39893","title":{"rendered":"Destacamento Motorizado N\u00b014 \u201cAys\u00e9n\u201d invita a los j\u00f3venes a inscribirse en el Servicio Militar"},"content":{"rendered":"<div class=\"flex_column av_one_full  flex_column_div av-zero-column-padding first  avia-builder-el-0  el_before_av_one_full  avia-builder-el-first  \" style='border-radius:0px; '><div  class='avia-image-container  av-styling-    avia-builder-el-1  avia-builder-el-no-sibling  avia-align-center '  itemprop=\"image\" itemscope=\"itemscope\" itemtype=\"https:\/\/schema.org\/ImageObject\"  ><div class='avia-image-container-inner'><div class='avia-image-overlay-wrap'><img decoding=\"async\" class='wp-image-39894 avia-img-lazy-loading-not-39894 avia_image' src=\"https:\/\/radiorevelacionfm.cl\/wp-content\/uploads\/2024\/02\/whatsapp-image-2024-02-28-at-10_optimized.44.13-1-1.jpeg\" alt='' title='whatsapp-image-2024-02-28-at-10_optimized.44.13-(1)-(1)' height=\"600\" width=\"940\"  itemprop=\"thumbnailUrl\" srcset=\"https:\/\/radiorevelacionfm.cl\/wp-content\/uploads\/2024\/02\/whatsapp-image-2024-02-28-at-10_optimized.44.13-1-1.jpeg 940w, https:\/\/radiorevelacionfm.cl\/wp-content\/uploads\/2024\/02\/whatsapp-image-2024-02-28-at-10_optimized.44.13-1-1-300x191.jpeg 300w, https:\/\/radiorevelacionfm.cl\/wp-content\/uploads\/2024\/02\/whatsapp-image-2024-02-28-at-10_optimized.44.13-1-1-768x490.jpeg 768w, https:\/\/radiorevelacionfm.cl\/wp-content\/uploads\/2024\/02\/whatsapp-image-2024-02-28-at-10_optimized.44.13-1-1-705x450.jpeg 705w, https:\/\/radiorevelacionfm.cl\/wp-content\/uploads\/2024\/02\/whatsapp-image-2024-02-28-at-10_optimized.44.13-1-1-450x287.jpeg 450w, https:\/\/radiorevelacionfm.cl\/wp-content\/uploads\/2024\/02\/whatsapp-image-2024-02-28-at-10_optimized.44.13-1-1-600x383.jpeg 600w\" sizes=\"(max-width: 940px) 100vw, 940px\" \/><\/div><\/div><\/div><\/div><div class=\"flex_column av_one_full  flex_column_div av-zero-column-padding first  avia-builder-el-2  el_after_av_one_full  el_before_av_one_full  column-top-margin\" style='border-radius:0px; '><section class=\"av_textblock_section \"  itemscope=\"itemscope\" itemtype=\"https:\/\/schema.org\/BlogPosting\" itemprop=\"blogPost\" ><div class='avia_textblock  '   itemprop=\"text\" ><p style=\"text-align: center;\"><strong><span style=\"font-size: 18pt;\">Destacamento Motorizado N\u00b014 \u201cAys\u00e9n\u201d invita a los j\u00f3venes a inscribirse en el Servicio Militar<\/span><\/strong><\/p>\n<div id=\"gtx-trans\" style=\"position: absolute; left: -50px; top: 4.31534px;\">\n<div class=\"gtx-trans-icon\"><\/div>\n<\/div>\n<\/div><\/section><\/div><div class=\"flex_column av_one_full  flex_column_div av-zero-column-padding first  avia-builder-el-4  el_after_av_one_full  el_before_av_hr  column-top-margin\" style='border-radius:0px; '><section class=\"av_textblock_section \"  itemscope=\"itemscope\" itemtype=\"https:\/\/schema.org\/BlogPosting\" itemprop=\"blogPost\" ><div class='avia_textblock  '   itemprop=\"text\" ><p style=\"text-align: justify;\">En dependencias del Destacamento Motorizado N\u00b014 \u201cAys\u00e9n\u201d, se\u00a0 dar\u00e1 inicio al proceso de selecci\u00f3n del contingente clase 2005, todos quienes fueron llamados o quieran realizarlo de forma voluntaria deben presentarse los d\u00edas \u00a0mi\u00e9rcoles 06 \u00a0, jueves 07 , viernes 08\u00a0 de marzo desde las 8:00 hasta las 10:00 hrs finalizando el proceso de postulaci\u00f3n el d\u00eda lunes 11 de marzo.<\/p>\n<p style=\"text-align: justify;\">Es importante destacar que el\u00a0 \u00a0Servicio Militar est\u00e1 orientado a j\u00f3venes de:<\/p>\n<p style=\"text-align: justify;\">17 a\u00f1os (inscripci\u00f3n anticipada).<\/p>\n<p style=\"text-align: justify;\">18 a\u00f1os cumplidos el a\u00f1o 2023 (llamado por sorteo).<\/p>\n<p style=\"text-align: justify;\">19 a 24 a\u00f1os (inscripci\u00f3n voluntaria).<\/p>\n<p style=\"text-align: justify;\">Quienes cumplan con su deber c\u00edvico, podr\u00e1n acceder a los beneficios que el Ej\u00e9rcito de Chile ofrece a su contingente, como postular para continuar su permanencia en las filas institucionales al optar por continuar la carrera profesional, nivelaci\u00f3n de estudios y de capacitaciones laborales a ra\u00edz de un convenio existente entre el Ej\u00e9rcito de Chile y el Servicio Nacional de Capacitaci\u00f3n y Empleo (SENCE) prepar\u00e1ndolos\u00a0 para enfrentar su reinserci\u00f3n a la vida ciudadana despu\u00e9s de haber cumplido su servicio militar accediendo a mayores opciones en el campo laboral.<\/p>\n<p style=\"text-align: justify;\">El Servicio Militar corresponde a una Instituci\u00f3n de m\u00e1s de 100 a\u00f1os, donde las Fuerzas Armadas, y particularmente el Ej\u00e9rcito, incorporan anualmente a ciudadanos con vocaci\u00f3n de servicio por un per\u00edodo determinado. Durante este lapso, los j\u00f3venes adquieren conocimientos, logran capacidades y obtienen un entrenamiento b\u00e1sico como soldado, quedando capacitados para participar activamente en la Defensa Nacional y apoyar al pa\u00eds en casos de emergencias internas o cat\u00e1strofes. Asimismo, se entrenan y capacitan en un marco de disciplina, valores y tradiciones, el cual es orientado a formar soldados y ciudadanos que entregan un gran aporte al desarrollo del pa\u00eds.<\/p>\n<p style=\"text-align: justify;\">Cabe destacar, que en la ciudad de Puerto Ays\u00e9n el Regimiento N\u00b08 \u201cChilo\u00e9\u201d iniciar\u00e1 el proceso de selecci\u00f3n de los j\u00f3venes\u00a0 los d\u00edas lunes 4 y martes 5 de marzo desde las 08:00 hrs., en dependencias de la unidad regimentaria.<\/p>\n<\/div><\/section><\/div><div  style='height:50px' class='hr hr-invisible   avia-builder-el-6  el_after_av_one_full  el_before_av_social_share '><span class='hr-inner ' ><span class='hr-inner-style'><\/span><\/span><\/div><\/p>\n<div  class='av-social-sharing-box  avia-builder-el-7  el_after_av_hr  el_before_av_hr  '><div class='av-share-box'><h5 class='av-share-link-description av-no-toc '>Compartir esta noticia<\/h5><ul class='av-share-box-list noLightbox'><li class='av-share-link av-social-link-facebook' ><a target=\"_blank\" aria-label=\"Compartir en Facebook\" href='https:\/\/www.facebook.com\/sharer.php?u=https:\/\/radiorevelacionfm.cl\/?p=39893&#038;t=Destacamento%20Motorizado%20N%C2%B014%20%E2%80%9CAys%C3%A9n%E2%80%9D%20invita%20a%20los%20j%C3%B3venes%20a%20inscribirse%20en%20el%20Servicio%20Militar' aria-hidden='false' data-av_icon='\ue8f3' data-av_iconfont='entypo-fontello' title='' data-avia-related-tooltip='Compartir en Facebook' rel=\"noopener\"><span class='avia_hidden_link_text'>Compartir en Facebook<\/span><\/a><\/li><li class='av-share-link av-social-link-twitter' ><a target=\"_blank\" aria-label=\"Compartir en Twitter\" href='https:\/\/twitter.com\/share?text=Destacamento%20Motorizado%20N%C2%B014%20%E2%80%9CAys%C3%A9n%E2%80%9D%20invita%20a%20los%20j%C3%B3venes%20a%20inscribirse%20en%20el%20Servicio%20Militar&#038;url=https:\/\/radiorevelacionfm.cl\/?p=39893' aria-hidden='false' data-av_icon='\ue8f1' data-av_iconfont='entypo-fontello' title='' data-avia-related-tooltip='Compartir en Twitter' rel=\"noopener\"><span class='avia_hidden_link_text'>Compartir en Twitter<\/span><\/a><\/li><li class='av-share-link av-social-link-whatsapp' ><a target=\"_blank\" aria-label=\"Compartir en Whatsapp\" href='https:\/\/api.whatsapp.com\/send?text=https:\/\/radiorevelacionfm.cl\/?p=39893' aria-hidden='false' data-av_icon='\uf232' data-av_iconfont='entypo-fontello' title='' data-avia-related-tooltip='Compartir en Whatsapp' rel=\"noopener\"><span class='avia_hidden_link_text'>Compartir en Whatsapp<\/span><\/a><\/li><li class='av-share-link av-social-link-linkedin' ><a target=\"_blank\" aria-label=\"Compartir en LinkedIn\" href='https:\/\/linkedin.com\/shareArticle?mini=true&#038;title=Destacamento%20Motorizado%20N%C2%B014%20%E2%80%9CAys%C3%A9n%E2%80%9D%20invita%20a%20los%20j%C3%B3venes%20a%20inscribirse%20en%20el%20Servicio%20Militar&#038;url=https:\/\/radiorevelacionfm.cl\/?p=39893' aria-hidden='false' data-av_icon='\ue8fc' data-av_iconfont='entypo-fontello' title='' data-avia-related-tooltip='Compartir en LinkedIn' rel=\"noopener\"><span class='avia_hidden_link_text'>Compartir en LinkedIn<\/span><\/a><\/li><li class='av-share-link av-social-link-mail' ><a  aria-label=\"Compartir por correo\" href='mailto:?subject=Destacamento%20Motorizado%20N%C2%B014%20%E2%80%9CAys%C3%A9n%E2%80%9D%20invita%20a%20los%20j%C3%B3venes%20a%20inscribirse%20en%20el%20Servicio%20Militar&#038;body=https:\/\/radiorevelacionfm.cl\/?p=39893' aria-hidden='false' data-av_icon='\ue805' data-av_iconfont='entypo-fontello' title='' data-avia-related-tooltip='Compartir por correo'><span class='avia_hidden_link_text'>Compartir por correo<\/span><\/a><\/li><\/ul><\/div><\/div>\n<div  style='height:50px' class='hr hr-invisible   avia-builder-el-8  el_after_av_social_share  el_before_av_comments_list '><span class='hr-inner ' ><span class='hr-inner-style'><\/span><\/span><\/div>\n<div  class='av-buildercomment  av-blog-meta-html-info-disabled av-blog-meta-tag-disabled  '><\/div>\n","protected":false},"excerpt":{"rendered":"","protected":false},"author":1,"featured_media":39894,"comment_status":"open","ping_status":"open","sticky":false,"template":"","format":"standard","meta":{"footnotes":""},"categories":[38],"tags":[],"class_list":["post-39893","post","type-post","status-publish","format-standard","has-post-thumbnail","hentry","category-regional"],"jetpack_featured_media_url":"https:\/\/radiorevelacionfm.cl\/wp-content\/uploads\/2024\/02\/whatsapp-image-2024-02-28-at-10_optimized.44.13-1-1.jpeg","_links":{"self":[{"href":"https:\/\/radiorevelacionfm.cl\/index.php?rest_route=\/wp\/v2\/posts\/39893","targetHints":{"allow":["GET"]}}],"collection":[{"href":"https:\/\/radiorevelacionfm.cl\/index.php?rest_route=\/wp\/v2\/posts"}],"about":[{"href":"https:\/\/radiorevelacionfm.cl\/index.php?rest_route=\/wp\/v2\/types\/post"}],"author":[{"embeddable":true,"href":"https:\/\/radiorevelacionfm.cl\/index.php?rest_route=\/wp\/v2\/users\/1"}],"replies":[{"embeddable":true,"href":"https:\/\/radiorevelacionfm.cl\/index.php?rest_route=%2Fwp%2Fv2%2Fcomments&post=39893"}],"version-history":[{"count":1,"href":"https:\/\/radiorevelacionfm.cl\/index.php?rest_route=\/wp\/v2\/posts\/39893\/revisions"}],"predecessor-version":[{"id":39895,"href":"https:\/\/radiorevelacionfm.cl\/index.php?rest_route=\/wp\/v2\/posts\/39893\/revisions\/39895"}],"wp:featuredmedia":[{"embeddable":true,"href":"https:\/\/radiorevelacionfm.cl\/index.php?rest_route=\/wp\/v2\/media\/39894"}],"wp:attachment":[{"href":"https:\/\/radiorevelacionfm.cl\/index.php?rest_route=%2Fwp%2Fv2%2Fmedia&parent=39893"}],"wp:term":[{"taxonomy":"category","embeddable":true,"href":"https:\/\/radiorevelacionfm.cl\/index.php?rest_route=%2Fwp%2Fv2%2Fcategories&post=39893"},{"taxonomy":"post_tag","embeddable":true,"href":"https:\/\/radiorevelacionfm.cl\/index.php?rest_route=%2Fwp%2Fv2%2Ftags&post=39893"}],"curies":[{"name":"wp","href":"https:\/\/api.w.org\/{rel}","templated":true}]}}