{"id":39890,"date":"2024-02-28T10:49:40","date_gmt":"2024-02-28T13:49:40","guid":{"rendered":"https:\/\/radiorevelacionfm.cl\/?p=39890"},"modified":"2024-02-28T10:49:40","modified_gmt":"2024-02-28T13:49:40","slug":"injuv-aysen-difunde-en-terreno-su-oferta-programatica-2024-y-programa-hablemos-de-todo","status":"publish","type":"post","link":"https:\/\/radiorevelacionfm.cl\/?p=39890","title":{"rendered":"INJUV Ays\u00e9n difunde en terreno su oferta program\u00e1tica 2024 y programa Hablemos de Todo"},"content":{"rendered":"<div class=\"flex_column av_one_full  flex_column_div av-zero-column-padding first  avia-builder-el-0  el_before_av_one_full  avia-builder-el-first  \" style='border-radius:0px; '><div  class='avia-image-container  av-styling-    avia-builder-el-1  avia-builder-el-no-sibling  avia-align-center '  itemprop=\"image\" itemscope=\"itemscope\" itemtype=\"https:\/\/schema.org\/ImageObject\"  ><div class='avia-image-container-inner'><div class='avia-image-overlay-wrap'><img decoding=\"async\" class='wp-image-39891 avia-img-lazy-loading-not-39891 avia_image' src=\"https:\/\/radiorevelacionfm.cl\/wp-content\/uploads\/2024\/02\/foto-3-31-1_optimized-1.jpg\" alt='' title='foto-3-(31)-(1)_optimized (1)' height=\"600\" width=\"800\"  itemprop=\"thumbnailUrl\" srcset=\"https:\/\/radiorevelacionfm.cl\/wp-content\/uploads\/2024\/02\/foto-3-31-1_optimized-1.jpg 800w, https:\/\/radiorevelacionfm.cl\/wp-content\/uploads\/2024\/02\/foto-3-31-1_optimized-1-300x225.jpg 300w, https:\/\/radiorevelacionfm.cl\/wp-content\/uploads\/2024\/02\/foto-3-31-1_optimized-1-768x576.jpg 768w, https:\/\/radiorevelacionfm.cl\/wp-content\/uploads\/2024\/02\/foto-3-31-1_optimized-1-705x529.jpg 705w, https:\/\/radiorevelacionfm.cl\/wp-content\/uploads\/2024\/02\/foto-3-31-1_optimized-1-450x338.jpg 450w, https:\/\/radiorevelacionfm.cl\/wp-content\/uploads\/2024\/02\/foto-3-31-1_optimized-1-600x450.jpg 600w\" sizes=\"(max-width: 800px) 100vw, 800px\" \/><\/div><\/div><\/div><\/div><div class=\"flex_column av_one_full  flex_column_div av-zero-column-padding first  avia-builder-el-2  el_after_av_one_full  el_before_av_one_full  column-top-margin\" style='border-radius:0px; '><section class=\"av_textblock_section \"  itemscope=\"itemscope\" itemtype=\"https:\/\/schema.org\/BlogPosting\" itemprop=\"blogPost\" ><div class='avia_textblock  '   itemprop=\"text\" ><p style=\"text-align: center;\"><strong><span style=\"font-size: 18pt;\">INJUV Ays\u00e9n difunde en terreno su oferta program\u00e1tica 2024 y programa Hablemos de Todo<\/span><\/strong><\/p>\n<div id=\"gtx-trans\" style=\"position: absolute; left: -50px; top: 4.31534px;\">\n<div class=\"gtx-trans-icon\"><\/div>\n<\/div>\n<\/div><\/section><\/div><div class=\"flex_column av_one_full  flex_column_div av-zero-column-padding first  avia-builder-el-4  el_after_av_one_full  el_before_av_hr  column-top-margin\" style='border-radius:0px; '><section class=\"av_textblock_section \"  itemscope=\"itemscope\" itemtype=\"https:\/\/schema.org\/BlogPosting\" itemprop=\"blogPost\" ><div class='avia_textblock  '   itemprop=\"text\" ><p style=\"text-align: justify;\">El Instituto Nacional de la Juventud de la regi\u00f3n de Ays\u00e9n realiz\u00f3 una difusi\u00f3n masiva del programa Hablemos de Todo, iniciativa cuyo objetivo es informar sobre autocuidado y bienestar a las juventudes, a trav\u00e9s de la entrega de informaci\u00f3n libre de estigmatizaci\u00f3n sobre tem\u00e1ticas asociadas a las conductas de autocuidado, ofreciendo asistencia, contenci\u00f3n y orientaci\u00f3n.<\/p>\n<p style=\"text-align: justify;\">INJUV Ays\u00e9n en la comuna de Coyhaique estuvo trabajando en terreno en el Lago Elizalde, Lago La Paloma, Los Chochos y Tejas Verdes, \u00a0en la comuna de Ays\u00e9n, en Bah\u00eda Acantilada y tambi\u00e9n se traslad\u00f3 a la comuna de R\u00edo Ib\u00e1\u00f1ez, despliegue donde tambi\u00e9n estuvo\u00a0 presente Senda Previene, entregando informaci\u00f3n correspondiente a su campa\u00f1a de verano \u201cCuidarse siempre est\u00e1 de moda\u201d, que busca promover estilos de vida saludable en ni\u00f1as, ni\u00f1os, adolescentes y j\u00f3venes, adem\u00e1s de un adecuado uso del tiempo libre.<\/p>\n<p style=\"text-align: justify;\">El programa Hablemos de Todo tiene tambi\u00e9n un servicio de chat en l\u00ednea gratuito, donde psic\u00f3logas y psic\u00f3logos atienden las consultas de las y los j\u00f3venes. Se encuentran operativos de lunes a viernes de 10:00 a 21:00 horas y los s\u00e1bados de 11:00 a 17:00 horas. A trav\u00e9s de la entrega de informaci\u00f3n, contenci\u00f3n o derivaci\u00f3n buscan dar respuesta eficaz a problemas o consultas de bienestar y autocuidado, las conversaciones entre las juventudes y el profesional de la salud mental son totalmente confidenciales.<\/p>\n<p style=\"text-align: justify;\">\u201cLa salud mental es un derecho y como INJUV buscamos contribuir con una oferta p\u00fablica orientada a las juventudes en torno al cuidado y autocuidado de esta tem\u00e1tica. Es por esta raz\u00f3n, que queremos invitar a toda la comunidad juvenil a conocer nuestro programa \u201cHablemos de Todo\u201d, donde buscamos sensibilizar sobre diversas materias a trav\u00e9s de actividades como las activaciones regionales, encuentros y tambi\u00e9n en esta ocasi\u00f3n promocionar nuestro chat online, generando un espacio de contenci\u00f3n y buscando contribuir en la mejora de la toma de decisiones de las juventudes\u201d, puntualiz\u00f3 el Director Regional de INJUV Ays\u00e9n, Camilo Trivi\u00f1o.<\/p>\n<p style=\"text-align: justify;\">Mati\u00e1s C\u00e1rdenas Soto, se\u00f1al\u00f3 que \u201ces muy importante que se hable del consumo responsable, porque muchas veces el consumo ya est\u00e1, lo que no est\u00e1 es la responsabilidad, es necesario tener la informaci\u00f3n al alcance de todos\u201d.<\/p>\n<p style=\"text-align: justify;\">En tanto, B\u00e1rbara Villagr\u00e1n Sep\u00falveda, indic\u00f3 que \u201cno conoc\u00eda el programa de INJUV, es importante saber que existen instancias donde podemos solicitar ayuda o siemplemente converzar con alguien que no sea una amiga o amigo\u201d.<\/p>\n<p style=\"text-align: justify;\">Las subtem\u00e1ticas que se priorizar\u00e1n durante este a\u00f1o 2024 son: Pr\u00e1ctica sexual segura; Actividad f\u00edsica y recreaci\u00f3n; Bullying o Acoso Escolar; V\u00ednculos sexo-afectivos; Trastorno de la conducta alimentaria; Salud menstrual Embarazo no planificado; Ciberacoso; Violencia Ginecobstetricia; Violencia sexual; Discriminaci\u00f3n por diversidad; Alimentaci\u00f3n y Convivencia vial.<\/p>\n<p style=\"text-align: justify;\">Las y los j\u00f3venes interesados en obtener informaci\u00f3n referente a los diversos temas mencionados anteriormente pueden acceder a trav\u00e9s del siguiente link: <a href=\"http:\/\/hablemosdetodo.injuv.gob.cl\">http:\/\/hablemosdetodo.injuv.gob.cl<\/a> , escribirnos a nuestras redes sociales,\u00a0 Fan Page, Instagram y Twitter @injuvaysen\u00a0o visitarnos presencialmente en la Direcci\u00f3n Regional de INJUV Ays\u00e9n, ubicada en Manuel Rodr\u00edguez #239, Coyhaique, de lunes a viernes durante las ma\u00f1anas de 08:00 a 13:00 horas y en la tardes de 14:00 a 17:00 horas, viernes hasta las 16:00 horas.<\/p>\n<\/div><\/section><\/div><div  style='height:50px' class='hr hr-invisible   avia-builder-el-6  el_after_av_one_full  el_before_av_social_share '><span class='hr-inner ' ><span class='hr-inner-style'><\/span><\/span><\/div><\/p>\n<div  class='av-social-sharing-box  avia-builder-el-7  el_after_av_hr  el_before_av_hr  '><div class='av-share-box'><h5 class='av-share-link-description av-no-toc '>Compartir esta noticia<\/h5><ul class='av-share-box-list noLightbox'><li class='av-share-link av-social-link-facebook' ><a target=\"_blank\" aria-label=\"Compartir en Facebook\" href='https:\/\/www.facebook.com\/sharer.php?u=https:\/\/radiorevelacionfm.cl\/?p=39890&#038;t=INJUV%20Ays%C3%A9n%20difunde%20en%20terreno%20su%20oferta%20program%C3%A1tica%202024%20y%20programa%20Hablemos%20de%20Todo' aria-hidden='false' data-av_icon='\ue8f3' data-av_iconfont='entypo-fontello' title='' data-avia-related-tooltip='Compartir en Facebook' rel=\"noopener\"><span class='avia_hidden_link_text'>Compartir en Facebook<\/span><\/a><\/li><li class='av-share-link av-social-link-twitter' ><a target=\"_blank\" aria-label=\"Compartir en Twitter\" href='https:\/\/twitter.com\/share?text=INJUV%20Ays%C3%A9n%20difunde%20en%20terreno%20su%20oferta%20program%C3%A1tica%202024%20y%20programa%20Hablemos%20de%20Todo&#038;url=https:\/\/radiorevelacionfm.cl\/?p=39890' aria-hidden='false' data-av_icon='\ue8f1' data-av_iconfont='entypo-fontello' title='' data-avia-related-tooltip='Compartir en Twitter' rel=\"noopener\"><span class='avia_hidden_link_text'>Compartir en Twitter<\/span><\/a><\/li><li class='av-share-link av-social-link-whatsapp' ><a target=\"_blank\" aria-label=\"Compartir en Whatsapp\" href='https:\/\/api.whatsapp.com\/send?text=https:\/\/radiorevelacionfm.cl\/?p=39890' aria-hidden='false' data-av_icon='\uf232' data-av_iconfont='entypo-fontello' title='' data-avia-related-tooltip='Compartir en Whatsapp' rel=\"noopener\"><span class='avia_hidden_link_text'>Compartir en Whatsapp<\/span><\/a><\/li><li class='av-share-link av-social-link-linkedin' ><a target=\"_blank\" aria-label=\"Compartir en LinkedIn\" href='https:\/\/linkedin.com\/shareArticle?mini=true&#038;title=INJUV%20Ays%C3%A9n%20difunde%20en%20terreno%20su%20oferta%20program%C3%A1tica%202024%20y%20programa%20Hablemos%20de%20Todo&#038;url=https:\/\/radiorevelacionfm.cl\/?p=39890' aria-hidden='false' data-av_icon='\ue8fc' data-av_iconfont='entypo-fontello' title='' data-avia-related-tooltip='Compartir en LinkedIn' rel=\"noopener\"><span class='avia_hidden_link_text'>Compartir en LinkedIn<\/span><\/a><\/li><li class='av-share-link av-social-link-mail' ><a  aria-label=\"Compartir por correo\" href='mailto:?subject=INJUV%20Ays%C3%A9n%20difunde%20en%20terreno%20su%20oferta%20program%C3%A1tica%202024%20y%20programa%20Hablemos%20de%20Todo&#038;body=https:\/\/radiorevelacionfm.cl\/?p=39890' aria-hidden='false' data-av_icon='\ue805' data-av_iconfont='entypo-fontello' title='' data-avia-related-tooltip='Compartir por correo'><span class='avia_hidden_link_text'>Compartir por correo<\/span><\/a><\/li><\/ul><\/div><\/div>\n<div  style='height:50px' class='hr hr-invisible   avia-builder-el-8  el_after_av_social_share  el_before_av_comments_list '><span class='hr-inner ' ><span class='hr-inner-style'><\/span><\/span><\/div>\n<div  class='av-buildercomment  av-blog-meta-html-info-disabled av-blog-meta-tag-disabled  '><\/div>\n","protected":false},"excerpt":{"rendered":"","protected":false},"author":1,"featured_media":39891,"comment_status":"open","ping_status":"open","sticky":false,"template":"","format":"standard","meta":{"footnotes":""},"categories":[38],"tags":[],"class_list":["post-39890","post","type-post","status-publish","format-standard","has-post-thumbnail","hentry","category-regional"],"jetpack_featured_media_url":"https:\/\/radiorevelacionfm.cl\/wp-content\/uploads\/2024\/02\/foto-3-31-1_optimized-1.jpg","_links":{"self":[{"href":"https:\/\/radiorevelacionfm.cl\/index.php?rest_route=\/wp\/v2\/posts\/39890","targetHints":{"allow":["GET"]}}],"collection":[{"href":"https:\/\/radiorevelacionfm.cl\/index.php?rest_route=\/wp\/v2\/posts"}],"about":[{"href":"https:\/\/radiorevelacionfm.cl\/index.php?rest_route=\/wp\/v2\/types\/post"}],"author":[{"embeddable":true,"href":"https:\/\/radiorevelacionfm.cl\/index.php?rest_route=\/wp\/v2\/users\/1"}],"replies":[{"embeddable":true,"href":"https:\/\/radiorevelacionfm.cl\/index.php?rest_route=%2Fwp%2Fv2%2Fcomments&post=39890"}],"version-history":[{"count":1,"href":"https:\/\/radiorevelacionfm.cl\/index.php?rest_route=\/wp\/v2\/posts\/39890\/revisions"}],"predecessor-version":[{"id":39892,"href":"https:\/\/radiorevelacionfm.cl\/index.php?rest_route=\/wp\/v2\/posts\/39890\/revisions\/39892"}],"wp:featuredmedia":[{"embeddable":true,"href":"https:\/\/radiorevelacionfm.cl\/index.php?rest_route=\/wp\/v2\/media\/39891"}],"wp:attachment":[{"href":"https:\/\/radiorevelacionfm.cl\/index.php?rest_route=%2Fwp%2Fv2%2Fmedia&parent=39890"}],"wp:term":[{"taxonomy":"category","embeddable":true,"href":"https:\/\/radiorevelacionfm.cl\/index.php?rest_route=%2Fwp%2Fv2%2Fcategories&post=39890"},{"taxonomy":"post_tag","embeddable":true,"href":"https:\/\/radiorevelacionfm.cl\/index.php?rest_route=%2Fwp%2Fv2%2Ftags&post=39890"}],"curies":[{"name":"wp","href":"https:\/\/api.w.org\/{rel}","templated":true}]}}