{"id":39887,"date":"2024-02-28T10:30:57","date_gmt":"2024-02-28T13:30:57","guid":{"rendered":"https:\/\/radiorevelacionfm.cl\/?p=39887"},"modified":"2024-02-28T10:30:57","modified_gmt":"2024-02-28T13:30:57","slug":"tras-finalizar-con-exito-la-temporada-de-verano-tour-patrimonial-en-puerto-cisnes-anuncia-ultima-ruta-en-conmemoracion-al-dia-de-la-mujer","status":"publish","type":"post","link":"https:\/\/radiorevelacionfm.cl\/?p=39887","title":{"rendered":"Tras finalizar con \u00e9xito la temporada de verano: Tour patrimonial en Puerto Cisnes anuncia \u00faltima ruta en conmemoraci\u00f3n al D\u00eda de la Mujer"},"content":{"rendered":"<div class=\"flex_column av_one_full  flex_column_div av-zero-column-padding first  avia-builder-el-0  el_before_av_one_full  avia-builder-el-first  \" style='border-radius:0px; '><div  class='avia-image-container  av-styling-    avia-builder-el-1  avia-builder-el-no-sibling  avia-align-center '  itemprop=\"image\" itemscope=\"itemscope\" itemtype=\"https:\/\/schema.org\/ImageObject\"  ><div class='avia-image-container-inner'><div class='avia-image-overlay-wrap'><img decoding=\"async\" class='wp-image-39888 avia-img-lazy-loading-not-39888 avia_image' src=\"https:\/\/radiorevelacionfm.cl\/wp-content\/uploads\/2024\/02\/img-20240227-wa0015-1_optimized-1.jpg\" alt='' title='img-20240227-wa0015-(1)_optimized (1)' height=\"600\" width=\"1067\"  itemprop=\"thumbnailUrl\" srcset=\"https:\/\/radiorevelacionfm.cl\/wp-content\/uploads\/2024\/02\/img-20240227-wa0015-1_optimized-1.jpg 1067w, https:\/\/radiorevelacionfm.cl\/wp-content\/uploads\/2024\/02\/img-20240227-wa0015-1_optimized-1-300x169.jpg 300w, https:\/\/radiorevelacionfm.cl\/wp-content\/uploads\/2024\/02\/img-20240227-wa0015-1_optimized-1-1030x579.jpg 1030w, https:\/\/radiorevelacionfm.cl\/wp-content\/uploads\/2024\/02\/img-20240227-wa0015-1_optimized-1-768x432.jpg 768w, https:\/\/radiorevelacionfm.cl\/wp-content\/uploads\/2024\/02\/img-20240227-wa0015-1_optimized-1-705x396.jpg 705w, https:\/\/radiorevelacionfm.cl\/wp-content\/uploads\/2024\/02\/img-20240227-wa0015-1_optimized-1-450x253.jpg 450w, https:\/\/radiorevelacionfm.cl\/wp-content\/uploads\/2024\/02\/img-20240227-wa0015-1_optimized-1-600x337.jpg 600w\" sizes=\"(max-width: 1067px) 100vw, 1067px\" \/><\/div><\/div><\/div><\/div><div class=\"flex_column av_one_full  flex_column_div av-zero-column-padding first  avia-builder-el-2  el_after_av_one_full  el_before_av_one_full  column-top-margin\" style='border-radius:0px; '><section class=\"av_textblock_section \"  itemscope=\"itemscope\" itemtype=\"https:\/\/schema.org\/BlogPosting\" itemprop=\"blogPost\" ><div class='avia_textblock  '   itemprop=\"text\" ><p style=\"text-align: center;\"><strong><span style=\"font-size: 18pt;\">Tras finalizar con \u00e9xito la temporada de verano: Tour patrimonial en Puerto Cisnes anuncia \u00faltima ruta en conmemoraci\u00f3n al D\u00eda de la Mujer<\/span><\/strong><\/p>\n<div id=\"gtx-trans\" style=\"position: absolute; left: -50px; top: 4.31534px;\">\n<div class=\"gtx-trans-icon\"><\/div>\n<\/div>\n<\/div><\/section><\/div><div class=\"flex_column av_one_full  flex_column_div av-zero-column-padding first  avia-builder-el-4  el_after_av_one_full  el_before_av_hr  column-top-margin\" style='border-radius:0px; '><section class=\"av_textblock_section \"  itemscope=\"itemscope\" itemtype=\"https:\/\/schema.org\/BlogPosting\" itemprop=\"blogPost\" ><div class='avia_textblock  '   itemprop=\"text\" ><p style=\"text-align: justify;\">Este s\u00e1bado 24 de febrero reci\u00e9n pasado, sali\u00f3 desde el frontis de la Biblioteca Municipal el \u00faltimo furg\u00f3n del verano del \u201cTour patrimonial\u201d, llevando a turistas y vecinos de Puerto Cisnes con el objetivo de mostrarles el patrimonio arquitect\u00f3nico de la capital comunal, adem\u00e1s de descubrir las sabrosas historias ocultas detr\u00e1s de las casas emblem\u00e1ticas de la localidad.<\/p>\n<p style=\"text-align: justify;\">Poco antes de las seis de la tarde regres\u00f3 el furg\u00f3n, dando por finalizado un proyecto que comenz\u00f3 en el mes de octubre enfocado en los escolares cisnenses. Y luego desde el 5 de enero, ofreciendo de manera gratuita este panorama los d\u00edas viernes y s\u00e1bados, a todo p\u00fablico.<\/p>\n<p style=\"text-align: justify;\">Es por eso que la gestora cultural de la Agrupaci\u00f3n Arte y Mate, M. Antonietta Inostroza Garabito, aprovech\u00f3 de realizar un balance: \u201cFue una experiencia de ruta patrimonial s\u00faper interesante. Sobrepas\u00f3 todas las cifras, tuvimos m\u00e1s de 280 personas recorriendo en el bus, haciendo la ruta, disfrutando. Nos llegaron muchos comentarios de una experiencia \u00fanica en el pa\u00eds. Incluso de gente que ha viajado much\u00edsimo en el territorio nacional, con varias experiencias culturales, pero que ninguna le hab\u00eda gustado tanto como la que vivi\u00f3. Super\u00f3 todas las expectativas que nosotros ten\u00edamos como agrupaci\u00f3n\u201d.<\/p>\n<p style=\"text-align: justify;\">Este \u00e9xito se reflej\u00f3 no solo en los comentarios de los participantes y en las buenas cifras, sino que tambi\u00e9n en una encuesta de satisfacci\u00f3n donde se evalu\u00f3 de forma destacada el servicio: \u201csin duda esto fue gracias a las alianzas que pudimos hacer con la C\u00e1mara de Turismo y Comercio de Puerto Cisnes, tambi\u00e9n con la gente de Sernatur, la Oficina de la Mujer, y adem\u00e1s con Radio Aut\u00e9ntica, Radio Revelaci\u00f3n, y as\u00ed con muchos medios, la gente con el boca a boca. \u201cAs\u00ed que, estamos super contentas\u201d, asegur\u00f3 Inostroza.<\/p>\n<p style=\"text-align: justify;\">A causa de este \u00e9xito, y con motivo de la conmemoraci\u00f3n del D\u00eda de la Mujer, el s\u00e1bado 9 de marzo se realizar\u00e1 un \u00faltimo recorrido, el cual contemplar\u00e1 cupos especialmente para mujeres. La semana siguiente se llevar\u00e1 a cabo un taller de t\u00e9cnicas teatrales para la prevenci\u00f3n de la violencia coordinado en conjunto la Of de la Mujer de la Ilustre Municipalidad de Cisnes como parte de las actividades de asociatividad del 8% del Gobierno Regional de Ays\u00e9n. Sin duda una oportunidad imperdible para las cisnenses, y para quienes a\u00fan no viven la experiencia de conocer la riqueza cultural de Puerto Cisnes, y recorrer su historia viva.<\/p>\n<\/div><\/section><\/div><div  style='height:50px' class='hr hr-invisible   avia-builder-el-6  el_after_av_one_full  el_before_av_social_share '><span class='hr-inner ' ><span class='hr-inner-style'><\/span><\/span><\/div><\/p>\n<div  class='av-social-sharing-box  avia-builder-el-7  el_after_av_hr  el_before_av_hr  '><div class='av-share-box'><h5 class='av-share-link-description av-no-toc '>Compartir esta noticia<\/h5><ul class='av-share-box-list noLightbox'><li class='av-share-link av-social-link-facebook' ><a target=\"_blank\" aria-label=\"Compartir en Facebook\" href='https:\/\/www.facebook.com\/sharer.php?u=https:\/\/radiorevelacionfm.cl\/?p=39887&#038;t=Tras%20finalizar%20con%20%C3%A9xito%20la%20temporada%20de%20verano%3A%20Tour%20patrimonial%20en%20Puerto%20Cisnes%20anuncia%20%C3%BAltima%20ruta%20en%20conmemoraci%C3%B3n%20al%20D%C3%ADa%20de%20la%20Mujer' aria-hidden='false' data-av_icon='\ue8f3' data-av_iconfont='entypo-fontello' title='' data-avia-related-tooltip='Compartir en Facebook' rel=\"noopener\"><span class='avia_hidden_link_text'>Compartir en Facebook<\/span><\/a><\/li><li class='av-share-link av-social-link-twitter' ><a target=\"_blank\" aria-label=\"Compartir en Twitter\" href='https:\/\/twitter.com\/share?text=Tras%20finalizar%20con%20%C3%A9xito%20la%20temporada%20de%20verano%3A%20Tour%20patrimonial%20en%20Puerto%20Cisnes%20anuncia%20%C3%BAltima%20ruta%20en%20conmemoraci%C3%B3n%20al%20D%C3%ADa%20de%20la%20Mujer&#038;url=https:\/\/radiorevelacionfm.cl\/?p=39887' aria-hidden='false' data-av_icon='\ue8f1' data-av_iconfont='entypo-fontello' title='' data-avia-related-tooltip='Compartir en Twitter' rel=\"noopener\"><span class='avia_hidden_link_text'>Compartir en Twitter<\/span><\/a><\/li><li class='av-share-link av-social-link-whatsapp' ><a target=\"_blank\" aria-label=\"Compartir en Whatsapp\" href='https:\/\/api.whatsapp.com\/send?text=https:\/\/radiorevelacionfm.cl\/?p=39887' aria-hidden='false' data-av_icon='\uf232' data-av_iconfont='entypo-fontello' title='' data-avia-related-tooltip='Compartir en Whatsapp' rel=\"noopener\"><span class='avia_hidden_link_text'>Compartir en Whatsapp<\/span><\/a><\/li><li class='av-share-link av-social-link-linkedin' ><a target=\"_blank\" aria-label=\"Compartir en LinkedIn\" href='https:\/\/linkedin.com\/shareArticle?mini=true&#038;title=Tras%20finalizar%20con%20%C3%A9xito%20la%20temporada%20de%20verano%3A%20Tour%20patrimonial%20en%20Puerto%20Cisnes%20anuncia%20%C3%BAltima%20ruta%20en%20conmemoraci%C3%B3n%20al%20D%C3%ADa%20de%20la%20Mujer&#038;url=https:\/\/radiorevelacionfm.cl\/?p=39887' aria-hidden='false' data-av_icon='\ue8fc' data-av_iconfont='entypo-fontello' title='' data-avia-related-tooltip='Compartir en LinkedIn' rel=\"noopener\"><span class='avia_hidden_link_text'>Compartir en LinkedIn<\/span><\/a><\/li><li class='av-share-link av-social-link-mail' ><a  aria-label=\"Compartir por correo\" href='mailto:?subject=Tras%20finalizar%20con%20%C3%A9xito%20la%20temporada%20de%20verano%3A%20Tour%20patrimonial%20en%20Puerto%20Cisnes%20anuncia%20%C3%BAltima%20ruta%20en%20conmemoraci%C3%B3n%20al%20D%C3%ADa%20de%20la%20Mujer&#038;body=https:\/\/radiorevelacionfm.cl\/?p=39887' aria-hidden='false' data-av_icon='\ue805' data-av_iconfont='entypo-fontello' title='' data-avia-related-tooltip='Compartir por correo'><span class='avia_hidden_link_text'>Compartir por correo<\/span><\/a><\/li><\/ul><\/div><\/div>\n<div  style='height:50px' class='hr hr-invisible   avia-builder-el-8  el_after_av_social_share  el_before_av_comments_list '><span class='hr-inner ' ><span class='hr-inner-style'><\/span><\/span><\/div>\n<div  class='av-buildercomment  av-blog-meta-html-info-disabled av-blog-meta-tag-disabled  '><\/div>\n","protected":false},"excerpt":{"rendered":"","protected":false},"author":1,"featured_media":39888,"comment_status":"open","ping_status":"open","sticky":false,"template":"","format":"standard","meta":{"footnotes":""},"categories":[38],"tags":[],"class_list":["post-39887","post","type-post","status-publish","format-standard","has-post-thumbnail","hentry","category-regional"],"jetpack_featured_media_url":"https:\/\/radiorevelacionfm.cl\/wp-content\/uploads\/2024\/02\/img-20240227-wa0015-1_optimized-1.jpg","_links":{"self":[{"href":"https:\/\/radiorevelacionfm.cl\/index.php?rest_route=\/wp\/v2\/posts\/39887","targetHints":{"allow":["GET"]}}],"collection":[{"href":"https:\/\/radiorevelacionfm.cl\/index.php?rest_route=\/wp\/v2\/posts"}],"about":[{"href":"https:\/\/radiorevelacionfm.cl\/index.php?rest_route=\/wp\/v2\/types\/post"}],"author":[{"embeddable":true,"href":"https:\/\/radiorevelacionfm.cl\/index.php?rest_route=\/wp\/v2\/users\/1"}],"replies":[{"embeddable":true,"href":"https:\/\/radiorevelacionfm.cl\/index.php?rest_route=%2Fwp%2Fv2%2Fcomments&post=39887"}],"version-history":[{"count":1,"href":"https:\/\/radiorevelacionfm.cl\/index.php?rest_route=\/wp\/v2\/posts\/39887\/revisions"}],"predecessor-version":[{"id":39889,"href":"https:\/\/radiorevelacionfm.cl\/index.php?rest_route=\/wp\/v2\/posts\/39887\/revisions\/39889"}],"wp:featuredmedia":[{"embeddable":true,"href":"https:\/\/radiorevelacionfm.cl\/index.php?rest_route=\/wp\/v2\/media\/39888"}],"wp:attachment":[{"href":"https:\/\/radiorevelacionfm.cl\/index.php?rest_route=%2Fwp%2Fv2%2Fmedia&parent=39887"}],"wp:term":[{"taxonomy":"category","embeddable":true,"href":"https:\/\/radiorevelacionfm.cl\/index.php?rest_route=%2Fwp%2Fv2%2Fcategories&post=39887"},{"taxonomy":"post_tag","embeddable":true,"href":"https:\/\/radiorevelacionfm.cl\/index.php?rest_route=%2Fwp%2Fv2%2Ftags&post=39887"}],"curies":[{"name":"wp","href":"https:\/\/api.w.org\/{rel}","templated":true}]}}