{"id":39880,"date":"2024-02-28T11:25:26","date_gmt":"2024-02-28T14:25:26","guid":{"rendered":"https:\/\/radiorevelacionfm.cl\/?p=39880"},"modified":"2024-02-28T11:25:26","modified_gmt":"2024-02-28T14:25:26","slug":"equipo-municipal-recorre-sectores-de-aysen-para-crear-registro-de-personas-en-situacion-de-discapacidad","status":"publish","type":"post","link":"https:\/\/radiorevelacionfm.cl\/?p=39880","title":{"rendered":"Equipo Municipal recorre sectores de Ays\u00e9n para crear registro de personas en situaci\u00f3n de discapacidad"},"content":{"rendered":"<div class=\"flex_column av_one_full  flex_column_div av-zero-column-padding first  avia-builder-el-0  el_before_av_one_full  avia-builder-el-first  \" style='border-radius:0px; '><div  class='avia-image-container  av-styling-    avia-builder-el-1  avia-builder-el-no-sibling  avia-align-center '  itemprop=\"image\" itemscope=\"itemscope\" itemtype=\"https:\/\/schema.org\/ImageObject\"  ><div class='avia-image-container-inner'><div class='avia-image-overlay-wrap'><img decoding=\"async\" class='wp-image-39881 avia-img-lazy-loading-not-39881 avia_image' src=\"https:\/\/radiorevelacionfm.cl\/wp-content\/uploads\/2024\/02\/OFICINA-DISCAPACIDAD-1-1.jpeg\" alt='' title='OFICINA DISCAPACIDAD (1) (1)' height=\"605\" width=\"800\"  itemprop=\"thumbnailUrl\" srcset=\"https:\/\/radiorevelacionfm.cl\/wp-content\/uploads\/2024\/02\/OFICINA-DISCAPACIDAD-1-1.jpeg 800w, https:\/\/radiorevelacionfm.cl\/wp-content\/uploads\/2024\/02\/OFICINA-DISCAPACIDAD-1-1-300x227.jpeg 300w, https:\/\/radiorevelacionfm.cl\/wp-content\/uploads\/2024\/02\/OFICINA-DISCAPACIDAD-1-1-768x581.jpeg 768w, https:\/\/radiorevelacionfm.cl\/wp-content\/uploads\/2024\/02\/OFICINA-DISCAPACIDAD-1-1-705x533.jpeg 705w, https:\/\/radiorevelacionfm.cl\/wp-content\/uploads\/2024\/02\/OFICINA-DISCAPACIDAD-1-1-450x340.jpeg 450w, https:\/\/radiorevelacionfm.cl\/wp-content\/uploads\/2024\/02\/OFICINA-DISCAPACIDAD-1-1-600x454.jpeg 600w\" sizes=\"(max-width: 800px) 100vw, 800px\" \/><\/div><\/div><\/div><\/div><div class=\"flex_column av_one_full  flex_column_div av-zero-column-padding first  avia-builder-el-2  el_after_av_one_full  el_before_av_one_full  column-top-margin\" style='border-radius:0px; '><section class=\"av_textblock_section \"  itemscope=\"itemscope\" itemtype=\"https:\/\/schema.org\/BlogPosting\" itemprop=\"blogPost\" ><div class='avia_textblock  '   itemprop=\"text\" ><p style=\"text-align: center;\"><strong><span style=\"font-size: 18pt;\">Equipo Municipal recorre sectores de Ays\u00e9n para crear registro de personas en situaci\u00f3n de discapacidad<\/span><\/strong><\/p>\n<div id=\"gtx-trans\" style=\"position: absolute; left: -50px; top: 4.31534px;\">\n<div class=\"gtx-trans-icon\"><\/div>\n<\/div>\n<\/div><\/section><\/div><div class=\"flex_column av_one_full  flex_column_div av-zero-column-padding first  avia-builder-el-4  el_after_av_one_full  el_before_av_hr  column-top-margin\" style='border-radius:0px; '><section class=\"av_textblock_section \"  itemscope=\"itemscope\" itemtype=\"https:\/\/schema.org\/BlogPosting\" itemprop=\"blogPost\" ><div class='avia_textblock  '   itemprop=\"text\" ><p style=\"text-align: justify;\">Un equipo de la Ilustre Municipalidad de Ays\u00e9n, est\u00e1 realizando por estos d\u00edas, la inscripci\u00f3n de personas en situaci\u00f3n de discapacidad, a modo de realizar un catastro actualizado de la poblaci\u00f3n objetivo. Es as\u00ed que, ya se realiz\u00f3 una primera instancia en el sector Ribera Sur, para este viernes 1 de marzo se pretende llegar a Chacabuco y luego continuar con otros puntos de la comuna.<\/p>\n<p style=\"text-align: justify;\">\u201cActualmente estamos junto a mi compa\u00f1era Vanessa Vera, respecto a que la comunidad de Ays\u00e9n, se registre en relaci\u00f3n a la discapacidad, mediante la credencial de discapacidad, que se llama, registro nacional de discapacidad, que es, para que las personas tengan beneficios en relaci\u00f3n a favorecer la independencia y autonom\u00eda. Estamos trabajando mediante sectores y lo que estamos buscando es trabajar bajo el RBC, que es, la rehabilitaci\u00f3n basada en la comunidad, donde se busca empoderar a las personas, que se acerquen a los lugares, a los dispositivos donde vamos a estar trabajando, que se inscriban y se anoten, para nosotros tener un catastro y este diagn\u00f3stico participativo para que la comunidad de Ays\u00e9n se levante en la esfera de discapacidad\u201d, se\u00f1al\u00f3 Francisco Alister, coordinador de la oficina municipal de discapacidad.<\/p>\n<p style=\"text-align: justify;\">Para este viernes 1 de marzo el equipo municipal se trasladar\u00e1 a Puerto Chacabuco, a partir de las 10 de la ma\u00f1ana y hasta las 15 en horario continuado en la sede del club Arturo Prat. Al respecto y la importancia de avanzar en el registro de personas en situaci\u00f3n de discapacidad, Vanessa Vera, coment\u00f3.<\/p>\n<p style=\"text-align: justify;\">\u201cHacemos la invitaci\u00f3n a toda la comunidad, la verdad que hemos organizado el catastro por sectores, con el fin de tener un registro de la cantidad de personas en situaci\u00f3n de discapacidad que tenemos actualmente. Para nosotros es sumamente importante tener actualizados estos datos para poder postular a ciertos beneficios para la comunidad, entonces, la idea es que las personas se acerquen a los sectores y hemos querido hacer el trabajo en terreno, para que las personas no tengan que desplazarse hasta la oficina y hacer m\u00e1s r\u00e1pido este proceso. El viernes 1 de marzo, vamos a estar en Chacabuco y el 5 de marzo vamos a estar en la Pedro Aguirre Cerda de Puerto Ays\u00e9n\u201d.<\/p>\n<p style=\"text-align: justify;\">Los funcionarios de la oficina municipal de discapacidad, continuar\u00e1n con su trabajo en terreno y el d\u00eda 8 de marzo estar\u00e1n atendiendo en el sector Villa Espa\u00f1a de Ays\u00e9n.<\/p>\n<\/div><\/section><\/div><div  style='height:50px' class='hr hr-invisible   avia-builder-el-6  el_after_av_one_full  el_before_av_social_share '><span class='hr-inner ' ><span class='hr-inner-style'><\/span><\/span><\/div><\/p>\n<div  class='av-social-sharing-box  avia-builder-el-7  el_after_av_hr  el_before_av_hr  '><div class='av-share-box'><h5 class='av-share-link-description av-no-toc '>Compartir esta noticia<\/h5><ul class='av-share-box-list noLightbox'><li class='av-share-link av-social-link-facebook' ><a target=\"_blank\" aria-label=\"Compartir en Facebook\" href='https:\/\/www.facebook.com\/sharer.php?u=https:\/\/radiorevelacionfm.cl\/?p=39880&#038;t=Equipo%20Municipal%20recorre%20sectores%20de%20Ays%C3%A9n%20para%20crear%20registro%20de%20personas%20en%20situaci%C3%B3n%20de%20discapacidad' aria-hidden='false' data-av_icon='\ue8f3' data-av_iconfont='entypo-fontello' title='' data-avia-related-tooltip='Compartir en Facebook' rel=\"noopener\"><span class='avia_hidden_link_text'>Compartir en Facebook<\/span><\/a><\/li><li class='av-share-link av-social-link-twitter' ><a target=\"_blank\" aria-label=\"Compartir en Twitter\" href='https:\/\/twitter.com\/share?text=Equipo%20Municipal%20recorre%20sectores%20de%20Ays%C3%A9n%20para%20crear%20registro%20de%20personas%20en%20situaci%C3%B3n%20de%20discapacidad&#038;url=https:\/\/radiorevelacionfm.cl\/?p=39880' aria-hidden='false' data-av_icon='\ue8f1' data-av_iconfont='entypo-fontello' title='' data-avia-related-tooltip='Compartir en Twitter' rel=\"noopener\"><span class='avia_hidden_link_text'>Compartir en Twitter<\/span><\/a><\/li><li class='av-share-link av-social-link-whatsapp' ><a target=\"_blank\" aria-label=\"Compartir en Whatsapp\" href='https:\/\/api.whatsapp.com\/send?text=https:\/\/radiorevelacionfm.cl\/?p=39880' aria-hidden='false' data-av_icon='\uf232' data-av_iconfont='entypo-fontello' title='' data-avia-related-tooltip='Compartir en Whatsapp' rel=\"noopener\"><span class='avia_hidden_link_text'>Compartir en Whatsapp<\/span><\/a><\/li><li class='av-share-link av-social-link-linkedin' ><a target=\"_blank\" aria-label=\"Compartir en LinkedIn\" href='https:\/\/linkedin.com\/shareArticle?mini=true&#038;title=Equipo%20Municipal%20recorre%20sectores%20de%20Ays%C3%A9n%20para%20crear%20registro%20de%20personas%20en%20situaci%C3%B3n%20de%20discapacidad&#038;url=https:\/\/radiorevelacionfm.cl\/?p=39880' aria-hidden='false' data-av_icon='\ue8fc' data-av_iconfont='entypo-fontello' title='' data-avia-related-tooltip='Compartir en LinkedIn' rel=\"noopener\"><span class='avia_hidden_link_text'>Compartir en LinkedIn<\/span><\/a><\/li><li class='av-share-link av-social-link-mail' ><a  aria-label=\"Compartir por correo\" href='mailto:?subject=Equipo%20Municipal%20recorre%20sectores%20de%20Ays%C3%A9n%20para%20crear%20registro%20de%20personas%20en%20situaci%C3%B3n%20de%20discapacidad&#038;body=https:\/\/radiorevelacionfm.cl\/?p=39880' aria-hidden='false' data-av_icon='\ue805' data-av_iconfont='entypo-fontello' title='' data-avia-related-tooltip='Compartir por correo'><span class='avia_hidden_link_text'>Compartir por correo<\/span><\/a><\/li><\/ul><\/div><\/div>\n<div  style='height:50px' class='hr hr-invisible   avia-builder-el-8  el_after_av_social_share  el_before_av_comments_list '><span class='hr-inner ' ><span class='hr-inner-style'><\/span><\/span><\/div>\n<div  class='av-buildercomment  av-blog-meta-html-info-disabled av-blog-meta-tag-disabled  '><\/div>\n","protected":false},"excerpt":{"rendered":"","protected":false},"author":1,"featured_media":39881,"comment_status":"open","ping_status":"open","sticky":false,"template":"","format":"standard","meta":{"footnotes":""},"categories":[38],"tags":[],"class_list":["post-39880","post","type-post","status-publish","format-standard","has-post-thumbnail","hentry","category-regional"],"jetpack_featured_media_url":"https:\/\/radiorevelacionfm.cl\/wp-content\/uploads\/2024\/02\/OFICINA-DISCAPACIDAD-1-1.jpeg","_links":{"self":[{"href":"https:\/\/radiorevelacionfm.cl\/index.php?rest_route=\/wp\/v2\/posts\/39880","targetHints":{"allow":["GET"]}}],"collection":[{"href":"https:\/\/radiorevelacionfm.cl\/index.php?rest_route=\/wp\/v2\/posts"}],"about":[{"href":"https:\/\/radiorevelacionfm.cl\/index.php?rest_route=\/wp\/v2\/types\/post"}],"author":[{"embeddable":true,"href":"https:\/\/radiorevelacionfm.cl\/index.php?rest_route=\/wp\/v2\/users\/1"}],"replies":[{"embeddable":true,"href":"https:\/\/radiorevelacionfm.cl\/index.php?rest_route=%2Fwp%2Fv2%2Fcomments&post=39880"}],"version-history":[{"count":1,"href":"https:\/\/radiorevelacionfm.cl\/index.php?rest_route=\/wp\/v2\/posts\/39880\/revisions"}],"predecessor-version":[{"id":39882,"href":"https:\/\/radiorevelacionfm.cl\/index.php?rest_route=\/wp\/v2\/posts\/39880\/revisions\/39882"}],"wp:featuredmedia":[{"embeddable":true,"href":"https:\/\/radiorevelacionfm.cl\/index.php?rest_route=\/wp\/v2\/media\/39881"}],"wp:attachment":[{"href":"https:\/\/radiorevelacionfm.cl\/index.php?rest_route=%2Fwp%2Fv2%2Fmedia&parent=39880"}],"wp:term":[{"taxonomy":"category","embeddable":true,"href":"https:\/\/radiorevelacionfm.cl\/index.php?rest_route=%2Fwp%2Fv2%2Fcategories&post=39880"},{"taxonomy":"post_tag","embeddable":true,"href":"https:\/\/radiorevelacionfm.cl\/index.php?rest_route=%2Fwp%2Fv2%2Ftags&post=39880"}],"curies":[{"name":"wp","href":"https:\/\/api.w.org\/{rel}","templated":true}]}}