{"id":39874,"date":"2024-02-27T19:04:51","date_gmt":"2024-02-27T22:04:51","guid":{"rendered":"https:\/\/radiorevelacionfm.cl\/?p=39874"},"modified":"2024-02-27T19:04:51","modified_gmt":"2024-02-27T22:04:51","slug":"senador-sandoval-y-solicitudes-de-ecmpo-esto-es-querer-cercenar-y-asfixiar-el-desarrollo-productivo-de-la-zona-austral","status":"publish","type":"post","link":"https:\/\/radiorevelacionfm.cl\/?p=39874","title":{"rendered":"Senador Sandoval y solicitudes de ECMPO: \u201cEsto es querer cercenar y asfixiar el desarrollo productivo de la zona austral\u201d"},"content":{"rendered":"<div class=\"flex_column av_one_full  flex_column_div av-zero-column-padding first  avia-builder-el-0  el_before_av_one_full  avia-builder-el-first  \" style='border-radius:0px; '><div  class='avia-image-container  av-styling-    avia-builder-el-1  avia-builder-el-no-sibling  avia-align-center '  itemprop=\"image\" itemscope=\"itemscope\" itemtype=\"https:\/\/schema.org\/ImageObject\"  ><div class='avia-image-container-inner'><div class='avia-image-overlay-wrap'><img decoding=\"async\" class='wp-image-39875 avia-img-lazy-loading-not-39875 avia_image' src=\"https:\/\/radiorevelacionfm.cl\/wp-content\/uploads\/2024\/02\/SENADOR-SANDOVAL-10-1-2.jpg\" alt='' title='SENADOR SANDOVAL (10) (1) (2)' height=\"600\" width=\"900\"  itemprop=\"thumbnailUrl\" srcset=\"https:\/\/radiorevelacionfm.cl\/wp-content\/uploads\/2024\/02\/SENADOR-SANDOVAL-10-1-2.jpg 900w, https:\/\/radiorevelacionfm.cl\/wp-content\/uploads\/2024\/02\/SENADOR-SANDOVAL-10-1-2-300x200.jpg 300w, https:\/\/radiorevelacionfm.cl\/wp-content\/uploads\/2024\/02\/SENADOR-SANDOVAL-10-1-2-768x512.jpg 768w, https:\/\/radiorevelacionfm.cl\/wp-content\/uploads\/2024\/02\/SENADOR-SANDOVAL-10-1-2-705x470.jpg 705w, https:\/\/radiorevelacionfm.cl\/wp-content\/uploads\/2024\/02\/SENADOR-SANDOVAL-10-1-2-450x300.jpg 450w, https:\/\/radiorevelacionfm.cl\/wp-content\/uploads\/2024\/02\/SENADOR-SANDOVAL-10-1-2-600x400.jpg 600w\" sizes=\"(max-width: 900px) 100vw, 900px\" \/><\/div><\/div><\/div><\/div><div class=\"flex_column av_one_full  flex_column_div av-zero-column-padding first  avia-builder-el-2  el_after_av_one_full  el_before_av_one_full  column-top-margin\" style='border-radius:0px; '><section class=\"av_textblock_section \"  itemscope=\"itemscope\" itemtype=\"https:\/\/schema.org\/BlogPosting\" itemprop=\"blogPost\" ><div class='avia_textblock  '   itemprop=\"text\" ><p style=\"text-align: center;\"><span style=\"font-size: 18pt;\"><strong>Senador Sandoval y solicitudes de ECMPO: <\/strong><strong>\u201cEsto es querer cercenar y asfixiar el desarrollo productivo de la zona austral\u201d<\/strong><\/span><\/p>\n<div id=\"gtx-trans\" style=\"position: absolute; left: -50px; top: 4.31534px;\">\n<div class=\"gtx-trans-icon\"><\/div>\n<\/div>\n<\/div><\/section><\/div><div class=\"flex_column av_one_full  flex_column_div av-zero-column-padding first  avia-builder-el-4  el_after_av_one_full  el_before_av_hr  column-top-margin\" style='border-radius:0px; '><section class=\"av_textblock_section \"  itemscope=\"itemscope\" itemtype=\"https:\/\/schema.org\/BlogPosting\" itemprop=\"blogPost\" ><div class='avia_textblock  '   itemprop=\"text\" ><p style=\"text-align: justify;\"><em>El parlamentario enfatiz\u00f3 que la Ley Lafkenche no puede ser \u201cuna camisa de fuerza\u201d que termine por impedir el leg\u00edtimo de desarrollo de distintas actividades.<\/em><\/p>\n<p style=\"text-align: justify;\">\u201cEsto es querer cercenar y asfixiar el desarrollo productivo de la zona austral\u201d. As\u00ed lo afirm\u00f3 el senador David Sandoval al referirse al intenso debate generado por las solicitudes de constituci\u00f3n de Espacios Costeros Marinos de Pueblos Originarios (ECMPO) en Islas Huichas y Cisnes y que deben ser analizadas este jueves por la Comisi\u00f3n Regional de Uso del Borde Costero (CRUBC).<\/p>\n<p style=\"text-align: justify;\">Sandoval indic\u00f3 que Ays\u00e9n tiene una eminente vocaci\u00f3n pesquera \u201cy dentro de ello, una eminente vocaci\u00f3n acu\u00edcola, lo que ha generado esta enorme presi\u00f3n de algunos grupos, porque lo ven como una amenaza para el medioambiente\u201d, enfatizando que considera imposible que la CONADI reconozca el uso consuetudinario para 50 personas, de un maritorio de m\u00e1s de 600 mil hect\u00e1reas. \u201cNo hay ninguna comunidad ind\u00edgena que haya tenido ese rol y ese nivel de influencia en el territorio de la regi\u00f3n de Ays\u00e9n. No existe ni hist\u00f3rica ni antropol\u00f3gicamente estudios que avalen una situaci\u00f3n de esta naturaleza\u201d, puntualiz\u00f3.<\/p>\n<p style=\"text-align: justify;\">Y si a eso se agregan, precis\u00f3, las omisiones y los errores desde el punto de vista formal, como las observaciones que hace la propia Contralor\u00eda -a solicitud de consejeros regionales como Omar Mu\u00f1oz y Lilian Inostroza-, la constituci\u00f3n del propio consejo regional de uso del borde costero, \u201caqu\u00ed hay que poner el acento esencialmente en el enorme impacto que tiene una actividad de esta naturaleza\u201d.<\/p>\n<p style=\"text-align: justify;\">Para el parlamentario adem\u00e1s, la Ley Lafkenche no se puede transformar en \u201cuna camisa de fuerza\u201d que termine por impedir el leg\u00edtimo derecho de desarrollo que tienen tanto otras comunidades de pueblos originarios como representantes de otros sectores productivos a nivel regional.<\/p>\n<p style=\"text-align: justify;\">\u201cEsto hay que corregirlo\u201d, subray\u00f3, para lo cual hay un proyecto de ley que se est\u00e1 tramitando precisamente en el Senado, que establece algunos mecanismos de procedimiento. \u201cHay que hacer un cambio formal al contexto global de la Ley Lafkenche\u201d, precis\u00f3, cuestionando que aqu\u00ed \u201calguien simplemente encontr\u00f3 una veta, un espacio para vincular otro tipo de intereses y a trav\u00e9s de eso poner en conflicto productivo a toda la zona austral de nuestro pa\u00eds con diferentes sectores\u201d.<\/p>\n<p style=\"text-align: justify;\">Con todo, el legislador considera que el pronunciamiento que debe realizar el jueves el CRUBC se realice sobre la base de antecedentes reales y objetivos. \u201cY hay un c\u00famulo de antecedentes tanto t\u00e9cnicos, hist\u00f3ricos como formales\u201d, se\u00f1al\u00f3.<\/p>\n<p style=\"text-align: justify;\">\u201cYo creo que el consejo, si no lo rechaza (las ECMPO), debe postergar cualquier decisi\u00f3n y requerir todos los antecedentes formales, a la brevedad posible\u201d, concluy\u00f3.<\/p>\n<\/div><\/section><\/div><div  style='height:50px' class='hr hr-invisible   avia-builder-el-6  el_after_av_one_full  el_before_av_social_share '><span class='hr-inner ' ><span class='hr-inner-style'><\/span><\/span><\/div><\/p>\n<div  class='av-social-sharing-box  avia-builder-el-7  el_after_av_hr  el_before_av_hr  '><div class='av-share-box'><h5 class='av-share-link-description av-no-toc '>Compartir esta noticia<\/h5><ul class='av-share-box-list noLightbox'><li class='av-share-link av-social-link-facebook' ><a target=\"_blank\" aria-label=\"Compartir en Facebook\" href='https:\/\/www.facebook.com\/sharer.php?u=https:\/\/radiorevelacionfm.cl\/?p=39874&#038;t=Senador%20Sandoval%20y%20solicitudes%20de%20ECMPO%3A%20%E2%80%9CEsto%20es%20querer%20cercenar%20y%20asfixiar%20el%20desarrollo%20productivo%20de%20la%20zona%20austral%E2%80%9D' aria-hidden='false' data-av_icon='\ue8f3' data-av_iconfont='entypo-fontello' title='' data-avia-related-tooltip='Compartir en Facebook' rel=\"noopener\"><span class='avia_hidden_link_text'>Compartir en Facebook<\/span><\/a><\/li><li class='av-share-link av-social-link-twitter' ><a target=\"_blank\" aria-label=\"Compartir en Twitter\" href='https:\/\/twitter.com\/share?text=Senador%20Sandoval%20y%20solicitudes%20de%20ECMPO%3A%20%E2%80%9CEsto%20es%20querer%20cercenar%20y%20asfixiar%20el%20desarrollo%20productivo%20de%20la%20zona%20austral%E2%80%9D&#038;url=https:\/\/radiorevelacionfm.cl\/?p=39874' aria-hidden='false' data-av_icon='\ue8f1' data-av_iconfont='entypo-fontello' title='' data-avia-related-tooltip='Compartir en Twitter' rel=\"noopener\"><span class='avia_hidden_link_text'>Compartir en Twitter<\/span><\/a><\/li><li class='av-share-link av-social-link-whatsapp' ><a target=\"_blank\" aria-label=\"Compartir en Whatsapp\" href='https:\/\/api.whatsapp.com\/send?text=https:\/\/radiorevelacionfm.cl\/?p=39874' aria-hidden='false' data-av_icon='\uf232' data-av_iconfont='entypo-fontello' title='' data-avia-related-tooltip='Compartir en Whatsapp' rel=\"noopener\"><span class='avia_hidden_link_text'>Compartir en Whatsapp<\/span><\/a><\/li><li class='av-share-link av-social-link-linkedin' ><a target=\"_blank\" aria-label=\"Compartir en LinkedIn\" href='https:\/\/linkedin.com\/shareArticle?mini=true&#038;title=Senador%20Sandoval%20y%20solicitudes%20de%20ECMPO%3A%20%E2%80%9CEsto%20es%20querer%20cercenar%20y%20asfixiar%20el%20desarrollo%20productivo%20de%20la%20zona%20austral%E2%80%9D&#038;url=https:\/\/radiorevelacionfm.cl\/?p=39874' aria-hidden='false' data-av_icon='\ue8fc' data-av_iconfont='entypo-fontello' title='' data-avia-related-tooltip='Compartir en LinkedIn' rel=\"noopener\"><span class='avia_hidden_link_text'>Compartir en LinkedIn<\/span><\/a><\/li><li class='av-share-link av-social-link-mail' ><a  aria-label=\"Compartir por correo\" href='mailto:?subject=Senador%20Sandoval%20y%20solicitudes%20de%20ECMPO%3A%20%E2%80%9CEsto%20es%20querer%20cercenar%20y%20asfixiar%20el%20desarrollo%20productivo%20de%20la%20zona%20austral%E2%80%9D&#038;body=https:\/\/radiorevelacionfm.cl\/?p=39874' aria-hidden='false' data-av_icon='\ue805' data-av_iconfont='entypo-fontello' title='' data-avia-related-tooltip='Compartir por correo'><span class='avia_hidden_link_text'>Compartir por correo<\/span><\/a><\/li><\/ul><\/div><\/div>\n<div  style='height:50px' class='hr hr-invisible   avia-builder-el-8  el_after_av_social_share  el_before_av_comments_list '><span class='hr-inner ' ><span class='hr-inner-style'><\/span><\/span><\/div>\n<div  class='av-buildercomment  av-blog-meta-html-info-disabled av-blog-meta-tag-disabled  '><\/div>\n","protected":false},"excerpt":{"rendered":"","protected":false},"author":1,"featured_media":39875,"comment_status":"open","ping_status":"open","sticky":false,"template":"","format":"standard","meta":{"footnotes":""},"categories":[35],"tags":[],"class_list":["post-39874","post","type-post","status-publish","format-standard","has-post-thumbnail","hentry","category-politica"],"jetpack_featured_media_url":"https:\/\/radiorevelacionfm.cl\/wp-content\/uploads\/2024\/02\/SENADOR-SANDOVAL-10-1-2.jpg","_links":{"self":[{"href":"https:\/\/radiorevelacionfm.cl\/index.php?rest_route=\/wp\/v2\/posts\/39874","targetHints":{"allow":["GET"]}}],"collection":[{"href":"https:\/\/radiorevelacionfm.cl\/index.php?rest_route=\/wp\/v2\/posts"}],"about":[{"href":"https:\/\/radiorevelacionfm.cl\/index.php?rest_route=\/wp\/v2\/types\/post"}],"author":[{"embeddable":true,"href":"https:\/\/radiorevelacionfm.cl\/index.php?rest_route=\/wp\/v2\/users\/1"}],"replies":[{"embeddable":true,"href":"https:\/\/radiorevelacionfm.cl\/index.php?rest_route=%2Fwp%2Fv2%2Fcomments&post=39874"}],"version-history":[{"count":1,"href":"https:\/\/radiorevelacionfm.cl\/index.php?rest_route=\/wp\/v2\/posts\/39874\/revisions"}],"predecessor-version":[{"id":39876,"href":"https:\/\/radiorevelacionfm.cl\/index.php?rest_route=\/wp\/v2\/posts\/39874\/revisions\/39876"}],"wp:featuredmedia":[{"embeddable":true,"href":"https:\/\/radiorevelacionfm.cl\/index.php?rest_route=\/wp\/v2\/media\/39875"}],"wp:attachment":[{"href":"https:\/\/radiorevelacionfm.cl\/index.php?rest_route=%2Fwp%2Fv2%2Fmedia&parent=39874"}],"wp:term":[{"taxonomy":"category","embeddable":true,"href":"https:\/\/radiorevelacionfm.cl\/index.php?rest_route=%2Fwp%2Fv2%2Fcategories&post=39874"},{"taxonomy":"post_tag","embeddable":true,"href":"https:\/\/radiorevelacionfm.cl\/index.php?rest_route=%2Fwp%2Fv2%2Ftags&post=39874"}],"curies":[{"name":"wp","href":"https:\/\/api.w.org\/{rel}","templated":true}]}}