{"id":39871,"date":"2024-02-27T15:14:55","date_gmt":"2024-02-27T18:14:55","guid":{"rendered":"https:\/\/radiorevelacionfm.cl\/?p=39871"},"modified":"2024-02-27T15:15:53","modified_gmt":"2024-02-27T18:15:53","slug":"corte-de-coyhaique-decreta-el-arresto-domiciliario-total-y-arraigo-de-hermanos-imputados-por-secuestro","status":"publish","type":"post","link":"https:\/\/radiorevelacionfm.cl\/?p=39871","title":{"rendered":"Corte de Coyhaique decreta arresto domiciliario total y arraigo de hermanos imputados por secuestro"},"content":{"rendered":"<div class=\"flex_column av_one_full  flex_column_div av-zero-column-padding first  avia-builder-el-0  el_before_av_one_full  avia-builder-el-first  \" style='border-radius:0px; '><div  class='avia-image-container  av-styling-    avia-builder-el-1  avia-builder-el-no-sibling  avia-align-center '  itemprop=\"image\" itemscope=\"itemscope\" itemtype=\"https:\/\/schema.org\/ImageObject\"  ><div class='avia-image-container-inner'><div class='avia-image-overlay-wrap'><img decoding=\"async\" class='wp-image-8540 avia-img-lazy-loading-not-8540 avia_image' src=\"https:\/\/radiorevelacionfm.cl\/wp-content\/uploads\/2021\/09\/foto-corte-apelaciones-coyhaique-1_optimized.jpg\" alt='' title='foto-corte-apelaciones-coyhaique-(1)_optimized' height=\"600\" width=\"1078\"  itemprop=\"thumbnailUrl\" srcset=\"https:\/\/radiorevelacionfm.cl\/wp-content\/uploads\/2021\/09\/foto-corte-apelaciones-coyhaique-1_optimized.jpg 1078w, https:\/\/radiorevelacionfm.cl\/wp-content\/uploads\/2021\/09\/foto-corte-apelaciones-coyhaique-1_optimized-300x167.jpg 300w, https:\/\/radiorevelacionfm.cl\/wp-content\/uploads\/2021\/09\/foto-corte-apelaciones-coyhaique-1_optimized-1030x573.jpg 1030w, https:\/\/radiorevelacionfm.cl\/wp-content\/uploads\/2021\/09\/foto-corte-apelaciones-coyhaique-1_optimized-768x427.jpg 768w, https:\/\/radiorevelacionfm.cl\/wp-content\/uploads\/2021\/09\/foto-corte-apelaciones-coyhaique-1_optimized-705x392.jpg 705w, https:\/\/radiorevelacionfm.cl\/wp-content\/uploads\/2021\/09\/foto-corte-apelaciones-coyhaique-1_optimized-600x334.jpg 600w\" sizes=\"(max-width: 1078px) 100vw, 1078px\" \/><\/div><\/div><\/div><\/div>\n<div class=\"flex_column av_one_full  flex_column_div av-zero-column-padding first  avia-builder-el-2  el_after_av_one_full  el_before_av_one_full  column-top-margin\" style='border-radius:0px; '><section class=\"av_textblock_section \"  itemscope=\"itemscope\" itemtype=\"https:\/\/schema.org\/BlogPosting\" itemprop=\"blogPost\" ><div class='avia_textblock  '   itemprop=\"text\" ><p style=\"text-align: center;\"><span style=\"font-size: 18pt;\"><b>Corte de Coyhaique decreta arresto domiciliario total y arraigo de hermanos imputados por secuestro<\/b><\/span><\/p>\n<div id=\"gtx-trans\" style=\"position: absolute; left: -50px; top: 4.31534px;\">\n<div class=\"gtx-trans-icon\"><\/div>\n<\/div>\n<\/div><\/section><\/div><div class=\"flex_column av_one_full  flex_column_div av-zero-column-padding first  avia-builder-el-4  el_after_av_one_full  el_before_av_hr  column-top-margin\" style='border-radius:0px; '><section class=\"av_textblock_section \"  itemscope=\"itemscope\" itemtype=\"https:\/\/schema.org\/BlogPosting\" itemprop=\"blogPost\" ><div class='avia_textblock  '   itemprop=\"text\" ><p class=\"v1MsoNormal\" style=\"text-align: justify;\">La Corte de Coyhaique acogi\u00f3 hoy \u2013martes 27 de febrero\u2013 el recurso de apelaci\u00f3n presentado por la defensa y decret\u00f3 el arresto domiciliario total y el arraigo nacional de M.A.R.A., R.E.R.A. y J.P.R.A., imputados por el Ministerio P\u00fablico como autores del delito de secuestro. Il\u00edcito perpetrado en febrero del a\u00f1o pasado, en la comuna.<\/p>\n<p class=\"v1MsoNormal\" style=\"text-align: justify;\">En fallo un\u00e1nime (causa rol 70-2023), la Primera Sala del tribunal de alzada \u2013integrada por los ministros Jos\u00e9 Ignacio Mora Trujillo, Luis Aedo Mora y el fiscal judicial Gerardo Rojas Donat\u2013 revoc\u00f3 la resoluci\u00f3n apelada, dictada por el Juzgado de Garant\u00eda de Coyhaique, que mantuvo en prisi\u00f3n preventiva a los imputados.<\/p>\n<p class=\"v1MsoNormal\" style=\"text-align: justify;\">\u00abAtendido el m\u00e9rito de los autos, alegaciones de los intervinientes, estim\u00e1ndose que, de acuerdo al nuevo elemento de investigaci\u00f3n esgrimido por la defensa, en el marco de su teor\u00eda del caso, sumado al tiempo transcurrido desde el respectivo decreto que mantiene a los encartados privados de libertad, lo que se coteja con el lento avance e insatisfactorio\u00a0 resultado de las diligencias de investigaci\u00f3n a\u00fan pendientes de respuesta, son antecedentes que hacen variar \u2013por ahora\u2013 sustancialmente las circunstancias tenidas a la vista al momento de decretarse la prisi\u00f3n preventiva de los imputados, apareciendo m\u00e1s adecuadas, instrumentales y proporcionales a los fines del procedimiento y a la necesidad de cautela impetrada, otras medidas menos intensas que la actualmente vigente por extensa data y que conculca severamente el derecho a su libertad personal contrastada con la presunci\u00f3n de inocencia que les favorece; y, atendido, adem\u00e1s, lo dispuesto en los art\u00edculos 122, 139, 140, 143, 144, 149 y 155 letras a) y d), del C\u00f3digo Procesal Penal\u00bb, razona el fallo.<\/p>\n<p class=\"v1MsoNormal\" style=\"text-align: justify;\">Por tanto, se resuelve que: \u00ab<b>SE REVOCA<\/b>\u00a0la resoluci\u00f3n apelada de fecha 23 de febrero de 2024, dictada por la Juez interina del Juzgado de Garant\u00eda de Coyhaique, en cuanto por ella se mantuvo la prisi\u00f3n preventiva de los encartados M.A.R.A., R.E.R.A. y J.P.R.A. y, en su lugar, se resuelve que se sustituye dicha cautelar por las de arresto domiciliario total y arraigo nacional, conforme se determine en la audiencia de rigor por el Juez competente\u00bb.<\/p>\n<p class=\"v1MsoNormal\" style=\"text-align: justify;\">Seg\u00fan el ente persecutor, el 1 de febrero de 2023, el imputado J.P.R.A. quien se desempe\u00f1aba como administrador de los negocios de la v\u00edctima, y previo acuerdo con sus hermanos, concurri\u00f3 al aeropuerto de Balmaceda para trasladar al empresario hasta su hotel en la ciudad de Coyhaique, lugar donde se encontraban M.A.R.A. y R.E.R.A. \u00abquienes al verlo llegar\u00a0se abalanzaron sobre \u00e9l, lo ataron de pies y manos, lo amordazaron y lo amenazaron con un cuchillo, \u00a0estando tres d\u00edas en cautiverio, hasta que la v\u00edctima logr\u00f3 dar aviso a un vecino y as\u00ed escapar de sus opresores\u00bb.<\/p>\n<\/div><\/section><\/div><\/p>\n<div  style='height:50px' class='hr hr-invisible   avia-builder-el-6  el_after_av_one_full  el_before_av_social_share '><span class='hr-inner ' ><span class='hr-inner-style'><\/span><\/span><\/div>\n<div  class='av-social-sharing-box  avia-builder-el-7  el_after_av_hr  el_before_av_hr  '><div class='av-share-box'><h5 class='av-share-link-description av-no-toc '>Compartir esta noticia<\/h5><ul class='av-share-box-list noLightbox'><li class='av-share-link av-social-link-facebook' ><a target=\"_blank\" aria-label=\"Compartir en Facebook\" href='https:\/\/www.facebook.com\/sharer.php?u=https:\/\/radiorevelacionfm.cl\/?p=39871&#038;t=Corte%20de%20Coyhaique%20decreta%20arresto%20domiciliario%20total%20y%20arraigo%20de%20hermanos%20imputados%20por%20secuestro' aria-hidden='false' data-av_icon='\ue8f3' data-av_iconfont='entypo-fontello' title='' data-avia-related-tooltip='Compartir en Facebook' rel=\"noopener\"><span class='avia_hidden_link_text'>Compartir en Facebook<\/span><\/a><\/li><li class='av-share-link av-social-link-twitter' ><a target=\"_blank\" aria-label=\"Compartir en Twitter\" href='https:\/\/twitter.com\/share?text=Corte%20de%20Coyhaique%20decreta%20arresto%20domiciliario%20total%20y%20arraigo%20de%20hermanos%20imputados%20por%20secuestro&#038;url=https:\/\/radiorevelacionfm.cl\/?p=39871' aria-hidden='false' data-av_icon='\ue8f1' data-av_iconfont='entypo-fontello' title='' data-avia-related-tooltip='Compartir en Twitter' rel=\"noopener\"><span class='avia_hidden_link_text'>Compartir en Twitter<\/span><\/a><\/li><li class='av-share-link av-social-link-whatsapp' ><a target=\"_blank\" aria-label=\"Compartir en Whatsapp\" href='https:\/\/api.whatsapp.com\/send?text=https:\/\/radiorevelacionfm.cl\/?p=39871' aria-hidden='false' data-av_icon='\uf232' data-av_iconfont='entypo-fontello' title='' data-avia-related-tooltip='Compartir en Whatsapp' rel=\"noopener\"><span class='avia_hidden_link_text'>Compartir en Whatsapp<\/span><\/a><\/li><li class='av-share-link av-social-link-linkedin' ><a target=\"_blank\" aria-label=\"Compartir en LinkedIn\" href='https:\/\/linkedin.com\/shareArticle?mini=true&#038;title=Corte%20de%20Coyhaique%20decreta%20arresto%20domiciliario%20total%20y%20arraigo%20de%20hermanos%20imputados%20por%20secuestro&#038;url=https:\/\/radiorevelacionfm.cl\/?p=39871' aria-hidden='false' data-av_icon='\ue8fc' data-av_iconfont='entypo-fontello' title='' data-avia-related-tooltip='Compartir en LinkedIn' rel=\"noopener\"><span class='avia_hidden_link_text'>Compartir en LinkedIn<\/span><\/a><\/li><li class='av-share-link av-social-link-mail' ><a  aria-label=\"Compartir por correo\" href='mailto:?subject=Corte%20de%20Coyhaique%20decreta%20arresto%20domiciliario%20total%20y%20arraigo%20de%20hermanos%20imputados%20por%20secuestro&#038;body=https:\/\/radiorevelacionfm.cl\/?p=39871' aria-hidden='false' data-av_icon='\ue805' data-av_iconfont='entypo-fontello' title='' data-avia-related-tooltip='Compartir por correo'><span class='avia_hidden_link_text'>Compartir por correo<\/span><\/a><\/li><\/ul><\/div><\/div>\n<div  style='height:50px' class='hr hr-invisible   avia-builder-el-8  el_after_av_social_share  el_before_av_comments_list '><span class='hr-inner ' ><span class='hr-inner-style'><\/span><\/span><\/div>\n<div  class='av-buildercomment  av-blog-meta-html-info-disabled av-blog-meta-tag-disabled  '><\/div>\n","protected":false},"excerpt":{"rendered":"","protected":false},"author":1,"featured_media":8540,"comment_status":"open","ping_status":"open","sticky":false,"template":"","format":"standard","meta":{"footnotes":""},"categories":[55],"tags":[],"class_list":["post-39871","post","type-post","status-publish","format-standard","has-post-thumbnail","hentry","category-justicia"],"jetpack_featured_media_url":"https:\/\/radiorevelacionfm.cl\/wp-content\/uploads\/2021\/09\/foto-corte-apelaciones-coyhaique-1_optimized.jpg","_links":{"self":[{"href":"https:\/\/radiorevelacionfm.cl\/index.php?rest_route=\/wp\/v2\/posts\/39871","targetHints":{"allow":["GET"]}}],"collection":[{"href":"https:\/\/radiorevelacionfm.cl\/index.php?rest_route=\/wp\/v2\/posts"}],"about":[{"href":"https:\/\/radiorevelacionfm.cl\/index.php?rest_route=\/wp\/v2\/types\/post"}],"author":[{"embeddable":true,"href":"https:\/\/radiorevelacionfm.cl\/index.php?rest_route=\/wp\/v2\/users\/1"}],"replies":[{"embeddable":true,"href":"https:\/\/radiorevelacionfm.cl\/index.php?rest_route=%2Fwp%2Fv2%2Fcomments&post=39871"}],"version-history":[{"count":2,"href":"https:\/\/radiorevelacionfm.cl\/index.php?rest_route=\/wp\/v2\/posts\/39871\/revisions"}],"predecessor-version":[{"id":39873,"href":"https:\/\/radiorevelacionfm.cl\/index.php?rest_route=\/wp\/v2\/posts\/39871\/revisions\/39873"}],"wp:featuredmedia":[{"embeddable":true,"href":"https:\/\/radiorevelacionfm.cl\/index.php?rest_route=\/wp\/v2\/media\/8540"}],"wp:attachment":[{"href":"https:\/\/radiorevelacionfm.cl\/index.php?rest_route=%2Fwp%2Fv2%2Fmedia&parent=39871"}],"wp:term":[{"taxonomy":"category","embeddable":true,"href":"https:\/\/radiorevelacionfm.cl\/index.php?rest_route=%2Fwp%2Fv2%2Fcategories&post=39871"},{"taxonomy":"post_tag","embeddable":true,"href":"https:\/\/radiorevelacionfm.cl\/index.php?rest_route=%2Fwp%2Fv2%2Ftags&post=39871"}],"curies":[{"name":"wp","href":"https:\/\/api.w.org\/{rel}","templated":true}]}}