{"id":39868,"date":"2024-02-27T14:26:03","date_gmt":"2024-02-27T17:26:03","guid":{"rendered":"https:\/\/radiorevelacionfm.cl\/?p=39868"},"modified":"2024-02-27T14:26:03","modified_gmt":"2024-02-27T17:26:03","slug":"continua-abierta-convocatoria-de-corfo-para-potenciar-la-sostenibilidad-en-el-ecosistema-emprendedor-a-traves-del-programa-viraliza-formacion","status":"publish","type":"post","link":"https:\/\/radiorevelacionfm.cl\/?p=39868","title":{"rendered":"Contin\u00faa abierta convocatoria de Corfo para potenciar la sostenibilidad en el ecosistema emprendedor a trav\u00e9s del programa Viraliza Formaci\u00f3n"},"content":{"rendered":"<div class=\"flex_column av_one_full  flex_column_div av-zero-column-padding first  avia-builder-el-0  el_before_av_one_full  avia-builder-el-first  \" style='border-radius:0px; '><div  class='avia-image-container  av-styling-    avia-builder-el-1  avia-builder-el-no-sibling  avia-align-center '  itemprop=\"image\" itemscope=\"itemscope\" itemtype=\"https:\/\/schema.org\/ImageObject\"  ><div class='avia-image-container-inner'><div class='avia-image-overlay-wrap'><img decoding=\"async\" class='wp-image-39869 avia-img-lazy-loading-not-39869 avia_image' src=\"https:\/\/radiorevelacionfm.cl\/wp-content\/uploads\/2024\/02\/1-3840x2160-1_optimized.jpg\" alt='' title='1-3840x2160-(1)_optimized' height=\"600\" width=\"1067\"  itemprop=\"thumbnailUrl\" srcset=\"https:\/\/radiorevelacionfm.cl\/wp-content\/uploads\/2024\/02\/1-3840x2160-1_optimized.jpg 1067w, https:\/\/radiorevelacionfm.cl\/wp-content\/uploads\/2024\/02\/1-3840x2160-1_optimized-300x169.jpg 300w, https:\/\/radiorevelacionfm.cl\/wp-content\/uploads\/2024\/02\/1-3840x2160-1_optimized-1030x579.jpg 1030w, https:\/\/radiorevelacionfm.cl\/wp-content\/uploads\/2024\/02\/1-3840x2160-1_optimized-768x432.jpg 768w, https:\/\/radiorevelacionfm.cl\/wp-content\/uploads\/2024\/02\/1-3840x2160-1_optimized-705x396.jpg 705w, https:\/\/radiorevelacionfm.cl\/wp-content\/uploads\/2024\/02\/1-3840x2160-1_optimized-450x253.jpg 450w, https:\/\/radiorevelacionfm.cl\/wp-content\/uploads\/2024\/02\/1-3840x2160-1_optimized-600x337.jpg 600w\" sizes=\"(max-width: 1067px) 100vw, 1067px\" \/><\/div><\/div><\/div><\/div><div class=\"flex_column av_one_full  flex_column_div av-zero-column-padding first  avia-builder-el-2  el_after_av_one_full  el_before_av_one_full  column-top-margin\" style='border-radius:0px; '><section class=\"av_textblock_section \"  itemscope=\"itemscope\" itemtype=\"https:\/\/schema.org\/BlogPosting\" itemprop=\"blogPost\" ><div class='avia_textblock  '   itemprop=\"text\" ><p style=\"text-align: center;\"><span style=\"font-size: 18pt;\"><b>Contin\u00faa abierta convocatoria de Corfo para potenciar la sostenibilidad en el ecosistema emprendedor a trav\u00e9s del programa Viraliza Formaci\u00f3n<\/b><\/span><\/p>\n<div id=\"gtx-trans\" style=\"position: absolute; left: -50px; top: 4.31534px;\">\n<div class=\"gtx-trans-icon\"><\/div>\n<\/div>\n<\/div><\/section><\/div><div class=\"flex_column av_one_full  flex_column_div av-zero-column-padding first  avia-builder-el-4  el_after_av_one_full  el_before_av_hr  column-top-margin\" style='border-radius:0px; '><section class=\"av_textblock_section \"  itemscope=\"itemscope\" itemtype=\"https:\/\/schema.org\/BlogPosting\" itemprop=\"blogPost\" ><div class='avia_textblock  '   itemprop=\"text\" ><p style=\"font-weight: 400; text-align: justify;\">Corfo abre nuevamente la convocatoria para el <a href=\"https:\/\/www.corfo.cl\/sites\/cpp\/convocatorias\/viraliza_formacion_sostenibilidad\" data-saferedirecturl=\"https:\/\/www.google.com\/url?q=https:\/\/www.corfo.cl\/sites\/cpp\/convocatorias\/viraliza_formacion_sostenibilidad&amp;source=gmail&amp;ust=1709130933258000&amp;usg=AOvVaw22ROfCu63tFkfgyc9PKMhu\">Programa Viraliza Formaci\u00f3n: Sostenibilidad<\/a>, una iniciativa dirigida a entidades e instituciones de todo el pa\u00eds, para desarrollar programas de formaci\u00f3n que refuercen el ecosistema emprendedor, promoviendo un equilibrio entre crecimiento econ\u00f3mico, medio ambiente y bienestar social.<\/p>\n<p style=\"font-weight: 400; text-align: justify;\">El llamado 2024 del Programa Viraliza Formaci\u00f3n: Sostenibilidad, respaldado por el presupuesto del programa de Desarrollo Productivo Sostenible del gobierno, tiene como objetivo impulsar el desarrollo del ecosistema emprendedor. Esta iniciativa se centrar\u00e1 en tres \u00e1reas fundamentales para el pa\u00eds:\u00a0<em>Resiliencia a la crisis clim\u00e1tica y sus efectos medioambientales; descarbonizaci\u00f3n justa; e hidr\u00f3geno verde y servicios asociados a su cadena de valor<\/em>. A trav\u00e9s de este programa, se fomentar\u00e1 el traspaso de herramientas, conocimientos y habilidades para mejorar las condiciones en las que operan los emprendedores, promoviendo as\u00ed un crecimiento econ\u00f3mico sostenible y consciente del medio ambiente.<\/p>\n<p style=\"font-weight: 400; text-align: justify;\"><strong>CONVOCATORIA<\/strong><\/p>\n<p style=\"font-weight: 400; text-align: justify;\">Este\u00a0<strong>Viraliza<\/strong>\u00a0cofinanciar\u00e1 hasta el 70% del costo total de cada proyecto seleccionado, con un tope de $30 millones. Podr\u00e1n sumarse a esta convocatoria personas jur\u00eddicas constituidas o creadas en Chile, quienes tienen hasta el 15 de marzo para postular a trav\u00e9s de la p\u00e1gina web de\u00a0<a href=\"https:\/\/www.corfo.cl\/sites\/cpp\/convocatorias\/viraliza_formacion_sostenibilidad\" data-saferedirecturl=\"https:\/\/www.google.com\/url?q=https:\/\/www.corfo.cl\/sites\/cpp\/convocatorias\/viraliza_formacion_sostenibilidad&amp;source=gmail&amp;ust=1709130933259000&amp;usg=AOvVaw37mz7-GoB9bvo8RuSQBgE2\">Corfo.\u00a0<\/a><\/p>\n<p style=\"font-weight: 400; text-align: justify;\">Para este llamado, Corfo busca que, por cada proyecto seleccionado, al menos 30 emprendedoras y emprendedores finalicen un programa de formaci\u00f3n\u00a0<strong>presencial\u00a0<\/strong>en alguna de las tres tem\u00e1ticas de sostenibilidad definidas en esta convocatoria, el que puede considerar un plan con actividades como talleres, workshops, entre otras.<\/p>\n<p style=\"font-weight: 400; text-align: justify;\">Para las tres \u00e1reas priorizadas por\u00a0<a href=\"https:\/\/www.corfo.cl\/sites\/cpp\/convocatorias\/viraliza_formacion_sostenibilidad\" data-saferedirecturl=\"https:\/\/www.google.com\/url?q=https:\/\/www.corfo.cl\/sites\/cpp\/convocatorias\/viraliza_formacion_sostenibilidad&amp;source=gmail&amp;ust=1709130933259000&amp;usg=AOvVaw37mz7-GoB9bvo8RuSQBgE2\"><strong>Viraliza Formaci\u00f3n: Sostenibilidad<\/strong><\/a>, los requerimientos m\u00ednimos que se exigir\u00e1n a los proyectos que postulen incluyen: programas de formaci\u00f3n al menos 40 horas lectivas presenciales, distribuidos en un m\u00ednimo de 6 m\u00f3dulos; diagn\u00f3stico ex ante, para medir el grado de conocimiento inicial de cada emprendimiento participante y uno ex post, para cuantificar la incorporaci\u00f3n de las habilidades entregadas; y una evaluaci\u00f3n de satisfacci\u00f3n de los y las participantes al finalizar el proyecto.<\/p>\n<p style=\"font-weight: 400; text-align: justify;\"><strong>Contenidos m\u00ednimos por tem\u00e1tica<\/strong><\/p>\n<p style=\"font-weight: 400; text-align: justify;\"><a href=\"https:\/\/www.corfo.cl\/sites\/cpp\/convocatorias\/viraliza_formacion_sostenibilidad\" data-saferedirecturl=\"https:\/\/www.google.com\/url?q=https:\/\/www.corfo.cl\/sites\/cpp\/convocatorias\/viraliza_formacion_sostenibilidad&amp;source=gmail&amp;ust=1709130933259000&amp;usg=AOvVaw37mz7-GoB9bvo8RuSQBgE2\"><strong>Viraliza Formaci\u00f3n: Sostenibilidad<\/strong><\/a>\u00a0adem\u00e1s establece contenidos m\u00ednimos para los programas de formaci\u00f3n que se postulen a cada una de las tem\u00e1ticas incluidas en esta convocatoria.<\/p>\n<p style=\"font-weight: 400; text-align: justify;\"><strong>RESILIENCIA A LA CRISIS CLIM\u00c1TICA Y SUS EFECTOS MEDIOAMBIENTALES.<\/strong><\/p>\n<ul style=\"text-align: justify;\">\n<li style=\"font-weight: 400;\">Cambio clim\u00e1tico: causas, repercusiones, modelos predictivos regionales, posibles estrategias de mitigaci\u00f3n o adaptaci\u00f3n a trav\u00e9s del emprendimiento y la innovaci\u00f3n.<\/li>\n<li style=\"font-weight: 400;\">Econom\u00eda circular.<\/li>\n<li style=\"font-weight: 400;\">Modelos de negocios sostenibles y adaptables.<\/li>\n<li style=\"font-weight: 400;\">Normas ambientales y financiamiento sostenible.<\/li>\n<\/ul>\n<p style=\"font-weight: 400; text-align: justify;\"><strong>DESCARBONIZACI\u00d3N JUSTA.<\/strong><\/p>\n<ul style=\"text-align: justify;\">\n<li style=\"font-weight: 400;\">Cambio clim\u00e1tico y descarbonizaci\u00f3n.<\/li>\n<li style=\"font-weight: 400;\">Estrategias de reducci\u00f3n de emisiones de carbono y compensaci\u00f3n.<\/li>\n<li style=\"font-weight: 400;\">Comprensi\u00f3n del c\u00e1lculo que determina las emisiones de carbono.<\/li>\n<li style=\"font-weight: 400;\">Normativas ambientales y financiamiento sostenible.<\/li>\n<\/ul>\n<p style=\"font-weight: 400; text-align: justify;\"><strong>HIDR\u00d3GENO VERDE Y SERVICIOS ASOCIADOS A SU CADENA DE VALOR.<\/strong><\/p>\n<p style=\"font-weight: 400; text-align: justify;\"><strong>(Excepcionalmente esta tem\u00e1tica solo aplica para proyectos a ejecutarse en las regiones de Antofagasta, Valpara\u00edso, Biob\u00edo, Ays\u00e9n, Magallanes y la Ant\u00e1rtica Chilena).<\/strong><\/p>\n<ul style=\"text-align: justify;\">\n<li style=\"font-weight: 400;\">Las tecnolog\u00edas de producci\u00f3n y aplicaciones de Hidr\u00f3geno Verde.<\/li>\n<li style=\"font-weight: 400;\">Tecnolog\u00edas de energ\u00edas renovables para producci\u00f3n de Hidr\u00f3geno Verde.<\/li>\n<li style=\"font-weight: 400;\">Agua (contiene tres subcontenidos \u201cespecificaciones t\u00e9cnicas, vol\u00famenes y calidades del recurso h\u00eddrico\u201d, \u201cdesalaci\u00f3n\u201d e \u201cimpactos ambientales de la desalaci\u00f3n\u201d)<\/li>\n<\/ul>\n<p style=\"font-weight: 400; text-align: justify;\">M\u00e1s informaci\u00f3n\u00a0<a href=\"https:\/\/www.corfo.cl\/sites\/cpp\/convocatorias\/viraliza_formacion_sostenibilidad\" data-saferedirecturl=\"https:\/\/www.google.com\/url?q=https:\/\/www.corfo.cl\/sites\/cpp\/convocatorias\/viraliza_formacion_sostenibilidad&amp;source=gmail&amp;ust=1709130933259000&amp;usg=AOvVaw37mz7-GoB9bvo8RuSQBgE2\">aqu\u00ed<\/a><\/p>\n<\/div><\/section><\/div><div  style='height:50px' class='hr hr-invisible   avia-builder-el-6  el_after_av_one_full  el_before_av_social_share '><span class='hr-inner ' ><span class='hr-inner-style'><\/span><\/span><\/div><\/p>\n<div  class='av-social-sharing-box  avia-builder-el-7  el_after_av_hr  el_before_av_hr  '><div class='av-share-box'><h5 class='av-share-link-description av-no-toc '>Compartir esta noticia<\/h5><ul class='av-share-box-list noLightbox'><li class='av-share-link av-social-link-facebook' ><a target=\"_blank\" aria-label=\"Compartir en Facebook\" href='https:\/\/www.facebook.com\/sharer.php?u=https:\/\/radiorevelacionfm.cl\/?p=39868&#038;t=Contin%C3%BAa%20abierta%20convocatoria%20de%20Corfo%20para%20potenciar%20la%20sostenibilidad%20en%20el%20ecosistema%20emprendedor%20a%20trav%C3%A9s%20del%20programa%20Viraliza%20Formaci%C3%B3n' aria-hidden='false' data-av_icon='\ue8f3' data-av_iconfont='entypo-fontello' title='' data-avia-related-tooltip='Compartir en Facebook' rel=\"noopener\"><span class='avia_hidden_link_text'>Compartir en Facebook<\/span><\/a><\/li><li class='av-share-link av-social-link-twitter' ><a target=\"_blank\" aria-label=\"Compartir en Twitter\" href='https:\/\/twitter.com\/share?text=Contin%C3%BAa%20abierta%20convocatoria%20de%20Corfo%20para%20potenciar%20la%20sostenibilidad%20en%20el%20ecosistema%20emprendedor%20a%20trav%C3%A9s%20del%20programa%20Viraliza%20Formaci%C3%B3n&#038;url=https:\/\/radiorevelacionfm.cl\/?p=39868' aria-hidden='false' data-av_icon='\ue8f1' data-av_iconfont='entypo-fontello' title='' data-avia-related-tooltip='Compartir en Twitter' rel=\"noopener\"><span class='avia_hidden_link_text'>Compartir en Twitter<\/span><\/a><\/li><li class='av-share-link av-social-link-whatsapp' ><a target=\"_blank\" aria-label=\"Compartir en Whatsapp\" href='https:\/\/api.whatsapp.com\/send?text=https:\/\/radiorevelacionfm.cl\/?p=39868' aria-hidden='false' data-av_icon='\uf232' data-av_iconfont='entypo-fontello' title='' data-avia-related-tooltip='Compartir en Whatsapp' rel=\"noopener\"><span class='avia_hidden_link_text'>Compartir en Whatsapp<\/span><\/a><\/li><li class='av-share-link av-social-link-linkedin' ><a target=\"_blank\" aria-label=\"Compartir en LinkedIn\" href='https:\/\/linkedin.com\/shareArticle?mini=true&#038;title=Contin%C3%BAa%20abierta%20convocatoria%20de%20Corfo%20para%20potenciar%20la%20sostenibilidad%20en%20el%20ecosistema%20emprendedor%20a%20trav%C3%A9s%20del%20programa%20Viraliza%20Formaci%C3%B3n&#038;url=https:\/\/radiorevelacionfm.cl\/?p=39868' aria-hidden='false' data-av_icon='\ue8fc' data-av_iconfont='entypo-fontello' title='' data-avia-related-tooltip='Compartir en LinkedIn' rel=\"noopener\"><span class='avia_hidden_link_text'>Compartir en LinkedIn<\/span><\/a><\/li><li class='av-share-link av-social-link-mail' ><a  aria-label=\"Compartir por correo\" href='mailto:?subject=Contin%C3%BAa%20abierta%20convocatoria%20de%20Corfo%20para%20potenciar%20la%20sostenibilidad%20en%20el%20ecosistema%20emprendedor%20a%20trav%C3%A9s%20del%20programa%20Viraliza%20Formaci%C3%B3n&#038;body=https:\/\/radiorevelacionfm.cl\/?p=39868' aria-hidden='false' data-av_icon='\ue805' data-av_iconfont='entypo-fontello' title='' data-avia-related-tooltip='Compartir por correo'><span class='avia_hidden_link_text'>Compartir por correo<\/span><\/a><\/li><\/ul><\/div><\/div>\n<div  style='height:50px' class='hr hr-invisible   avia-builder-el-8  el_after_av_social_share  el_before_av_comments_list '><span class='hr-inner ' ><span class='hr-inner-style'><\/span><\/span><\/div>\n<div  class='av-buildercomment  av-blog-meta-html-info-disabled av-blog-meta-tag-disabled  '><\/div>\n","protected":false},"excerpt":{"rendered":"","protected":false},"author":1,"featured_media":39869,"comment_status":"open","ping_status":"open","sticky":false,"template":"","format":"standard","meta":{"footnotes":""},"categories":[61],"tags":[],"class_list":["post-39868","post","type-post","status-publish","format-standard","has-post-thumbnail","hentry","category-nacional"],"jetpack_featured_media_url":"https:\/\/radiorevelacionfm.cl\/wp-content\/uploads\/2024\/02\/1-3840x2160-1_optimized.jpg","_links":{"self":[{"href":"https:\/\/radiorevelacionfm.cl\/index.php?rest_route=\/wp\/v2\/posts\/39868","targetHints":{"allow":["GET"]}}],"collection":[{"href":"https:\/\/radiorevelacionfm.cl\/index.php?rest_route=\/wp\/v2\/posts"}],"about":[{"href":"https:\/\/radiorevelacionfm.cl\/index.php?rest_route=\/wp\/v2\/types\/post"}],"author":[{"embeddable":true,"href":"https:\/\/radiorevelacionfm.cl\/index.php?rest_route=\/wp\/v2\/users\/1"}],"replies":[{"embeddable":true,"href":"https:\/\/radiorevelacionfm.cl\/index.php?rest_route=%2Fwp%2Fv2%2Fcomments&post=39868"}],"version-history":[{"count":1,"href":"https:\/\/radiorevelacionfm.cl\/index.php?rest_route=\/wp\/v2\/posts\/39868\/revisions"}],"predecessor-version":[{"id":39870,"href":"https:\/\/radiorevelacionfm.cl\/index.php?rest_route=\/wp\/v2\/posts\/39868\/revisions\/39870"}],"wp:featuredmedia":[{"embeddable":true,"href":"https:\/\/radiorevelacionfm.cl\/index.php?rest_route=\/wp\/v2\/media\/39869"}],"wp:attachment":[{"href":"https:\/\/radiorevelacionfm.cl\/index.php?rest_route=%2Fwp%2Fv2%2Fmedia&parent=39868"}],"wp:term":[{"taxonomy":"category","embeddable":true,"href":"https:\/\/radiorevelacionfm.cl\/index.php?rest_route=%2Fwp%2Fv2%2Fcategories&post=39868"},{"taxonomy":"post_tag","embeddable":true,"href":"https:\/\/radiorevelacionfm.cl\/index.php?rest_route=%2Fwp%2Fv2%2Ftags&post=39868"}],"curies":[{"name":"wp","href":"https:\/\/api.w.org\/{rel}","templated":true}]}}